{"id":1201,"date":"2019-10-04T13:07:03","date_gmt":"2019-10-04T11:07:03","guid":{"rendered":"https:\/\/www.editorialgeu.com\/blog\/?p=1201"},"modified":"2023-02-08T11:14:27","modified_gmt":"2023-02-08T10:14:27","slug":"que-es-la-discalculia-y-que-sintomas-puede-tener-un-nino","status":"publish","type":"post","link":"https:\/\/www.editorialgeu.com\/blog\/que-es-la-discalculia-y-que-sintomas-puede-tener-un-nino\/","title":{"rendered":"\u00bfQu\u00e9 es la discalculia en ni\u00f1os y cu\u00e1les son los s\u00edntomas?"},"content":{"rendered":"\n<p>Si acab\u00e1is de ser pap\u00e1s no hace falta que os digamos que est\u00e1is descubriendo un mundo totalmente nuevo que antes desconoc\u00edas. Ahora todo se convierte en algo novedoso y extraordinario y muchas veces no sabemos c\u00f3mo actuar ante situaciones complicadas. En este caso, saber detectar a tiempo una patolog\u00eda , como es el caso de la discalculia en ni\u00f1os, no es tarea sencilla. En este post, queremos ayudarte a detectarla y ponerle soluci\u00f3n a tiempo.<\/p>\n\n\n\n<!--more-->\n\n\n\n<p><\/p>\n\n\n\n<h2 class=\"wp-block-heading\"><strong>\u00bfQu\u00e9 es la discalculia en ni\u00f1os? <\/strong><\/h2>\n\n\n\n<p>Se trata de\nun trastorno espec\u00edfico del desarrollo que afecta al aprendizaje de las capacidades\naritm\u00e9ticas y matem\u00e1ticas, com\u00fanmente conocido como \u201c<strong>dislexia matem\u00e1tica<\/strong>\u201d. <\/p>\n\n\n\n<p>Esta\npatolog\u00eda no tiene nada que ver con la inteligencia del ni\u00f1o y ni m\u00e9todos\npedag\u00f3gicos. La dificultad radica b\u00e1sicamente en la interpretaci\u00f3n de los\ns\u00edmbolos num\u00e9ricos y conocimientos aritm\u00e9ticos, como la suma, resta,\nmultiplicaci\u00f3n y divisi\u00f3n. <\/p>\n\n\n\n<p>En pocas\npalabras, el ni\u00f1o que <strong>sufre discalcul\u00eda\nes aquel que confunde los n\u00fameros y los signos<\/strong> y tiene dificultad a la hora\nde realizar c\u00e1lculos mentales. <\/p>\n\n\n\n<h3 class=\"wp-block-heading\"><strong>S\u00edntomas de la discalculia en ni\u00f1os  <\/strong><\/h3>\n\n\n\n<p>Es muy\nimportante contemplar &nbsp;y observar a cada\nni\u00f1o y as\u00ed poder detectar a tiempo los s\u00edntomas no esperando a que el fracaso escolar\nse produzca, sino que debemos saber anticiparnos. <\/p>\n\n\n\n<p>La <strong>discalculia<\/strong> comienza a ser detectable en la etapa de preescolar, el momento en el que ni\u00f1o\/a empieza a desarrollar sus habilidades en el aprendizaje aritm\u00e9tico.\u00a0 Puede persistir en las distintas etapas de la vida como la infancia, adolescencia incluso en la edad adulta. <\/p>\n\n\n\n<p>Cuanto antes\nactuemos y ofrezcamos herramientas de intervenci\u00f3n para ayudarles a adaptarse\nal proceso escolar, existe mayor probabilidad de optimizar sus recursos\nmentales y estrategias de aprendizaje. <\/p>\n\n\n\n<h3 class=\"wp-block-heading\"><strong>S\u00edntomas de la discalculia en preescolar <\/strong><\/h3>\n\n\n\n<ul class=\"wp-block-list\"><li>Dificultades\npara aprender a contar. <\/li><li>Escritura\nincorrecta de los n\u00fameros al copiarlos. <\/li><li>Confusiones\nen la forma, es decir, el 9 con el 6 o el 3 con el 8. <\/li><li>Repetici\u00f3n\nen una secuencia de n\u00fameros del mismo, dos o m\u00e1s veces. <\/li><\/ul>\n\n\n\n<h3 class=\"wp-block-heading\"><strong>S\u00edntomas de la discalculia en primaria <\/strong><\/h3>\n\n\n\n<ul class=\"wp-block-list\"><li>Es\nfrecuente que utilice los dedos para contar. <\/li><li>Imposibilidad\nde recordar estructuras matem\u00e1ticas b\u00e1sicas como 2+2=4 <\/li><li>Dificultades\na la hora de realizar cualquier c\u00e1lculo mental b\u00e1sico. <\/li><li>No\nson capaces&nbsp; de reconocer las palabras\ncomo \u201cm\u00e1s grande que\u201d o \u201cmenor que\u201d<\/li><\/ul>\n\n\n\n<h4 class=\"wp-block-heading\"><strong>Ejercicios para la discalculia <\/strong><\/h4>\n\n\n\n<p>Desafortunadamente,\nno encontramos muchos centros en los que se trate este trastorno en el aula de\nmanera individualizada, sino que lo m\u00e1s habitual es que esta responsabilidad\nrecaiga \u00fanicamente en el entorno familiar. <\/p>\n\n\n\n<p>Si tienes un hijo en edad temprana que comienza a desarrollar sus habilidades con dificultad y te gustar\u00eda realizar un<strong> primer test<\/strong> de manera orientativa, te recomendamos las <a href=\"https:\/\/www.editorialgeu.com\/material-para-trabajar-conceptos-basicos\/30230257-fichas-de-atencion-1.html\">fichas de atenci\u00f3n <\/a>, dise\u00f1adas para facilitar la adquisici\u00f3n de conocimientos durante la primera etapa de aprendizaje. <\/p>\n\n\n\n<p>Una vez\nobtengamos un diagnostico, podemos empezar a trabajar en casa mediante algunos\njuegos divertidos como por ejemplo: <\/p>\n\n\n\n<ul class=\"wp-block-list\"><li><strong>Jugar a contar<\/strong>: todos los coches azules que pasan, las\nescalones para llegar a casa, las personas morenas en la calle, etc. <\/li><li><strong>Jugar a poner la mesa<\/strong>: repartir los platos, cubiertos,\nvasos, servilletas.<\/li><li><strong>Cocinar juntos<\/strong>: revisad una receta y hazle\nresponsable de una parte de la misma, 3 zanahorias, 2 cebollas y 6 rodajas de\npan, por ejemplo. <\/li><li><strong>Jugar a las tiendas<\/strong>: el tendr\u00e1 ser\u00e1 el dependiente\/a y\nt\u00fa el cliente, simula una compra con los productos que tengas en casa, para que\nas\u00ed tenga el control sobre el n\u00famero de productos que compras y el precio\nfinal. <\/li><\/ul>\n\n\n\n<p>Por \u00faltimo, te dejamos un listado del material para el <a href=\"https:\/\/www.editorialgeu.com\/5-cuadernos-de-refuerzo-de-matematicas\">refuerzo matem\u00e1tico <\/a>que te ser\u00e1 de gran ayuda en la comprensi\u00f3n matem\u00e1tica y afianzamiento de conceptos. <\/p>\n\n\n\n<ul class=\"wp-block-list\"><li><a href=\"https:\/\/www.editorialgeu.com\/content\/21-matematicas-comprensivas\">Matem\u00e1ticas comprensivas -C\u00e1lculo y N\u00fameros<\/a><\/li><li><a href=\"https:\/\/www.editorialgeu.com\/3-areas-de-trabajo?q=Colecciones+destacadas-Matem%C3%A1ticas+f%C3%A1ciles\">Matem\u00e1ticas f\u00e1ciles<\/a><\/li><li><a href=\"https:\/\/www.editorialgeu.com\/3-areas-de-trabajo?q=Colecciones+destacadas-C%C3%A1lculo+f%C3%A1cil\">C\u00e1lculo f\u00e1cil <\/a><\/li><li><a href=\"https:\/\/www.editorialgeu.com\/content\/19-mis-problemas-favoritos\">Mis problemas favoritos <\/a><\/li><\/ul>\n","protected":false},"excerpt":{"rendered":"<p>Saber detectar a tiempo una patolog\u00eda en el desarrollo del ni\u00f1o, como es el caso de la discalcul\u00eda, no es tarea sencilla. En este post, queremos ayudarte a detectarla y ponerle soluci\u00f3n a tiempo.<\/p>\n","protected":false},"author":12,"featured_media":1204,"comment_status":"open","ping_status":"open","sticky":false,"template":"","format":"standard","meta":{"footnotes":""},"categories":[5],"tags":[222,226,227,228,224,229,223,225],"class_list":["post-1201","post","type-post","status-publish","format-standard","has-post-thumbnail","hentry","category-actualidad","tag-discalculia","tag-discalculia-en-ninos","tag-discalculia-en-preescolar","tag-discalculia-en-primaria","tag-dislexia-matematica","tag-ejercicios-para-la-discalculia","tag-que-es-la-discalculia","tag-sintomas-de-la-discalculia"],"yoast_head":"<!-- This site is optimized with the Yoast SEO plugin v27.4 - https:\/\/yoast.com\/product\/yoast-seo-wordpress\/ -->\n<title>\u00bfQu\u00e9 es la discalculia en ni\u00f1os y cu\u00e1les son los s\u00edntomas? - Blog Editorial GEU<\/title>\n<meta name=\"description\" content=\"Aprender a detectar a tiempo una patolog\u00eda como la discalculia no es tarea sencilla. Aprende a detectarla y ponerle soluci\u00f3n a tiempo.\" \/>\n<meta name=\"robots\" content=\"index, follow, max-snippet:-1, max-image-preview:large, max-video-preview:-1\" \/>\n<link rel=\"canonical\" href=\"https:\/\/www.editorialgeu.com\/blog\/que-es-la-discalculia-y-que-sintomas-puede-tener-un-nino\/\" \/>\n<meta property=\"og:locale\" content=\"es_ES\" \/>\n<meta property=\"og:type\" content=\"article\" \/>\n<meta property=\"og:title\" content=\"\u00bfQu\u00e9 es la discalculia en ni\u00f1os y cu\u00e1les son los s\u00edntomas? - Blog Editorial GEU\" \/>\n<meta property=\"og:description\" content=\"Aprender a detectar a tiempo una patolog\u00eda como la discalculia no es tarea sencilla. Aprende a detectarla y ponerle soluci\u00f3n a tiempo.\" \/>\n<meta property=\"og:url\" content=\"https:\/\/www.editorialgeu.com\/blog\/que-es-la-discalculia-y-que-sintomas-puede-tener-un-nino\/\" \/>\n<meta property=\"og:site_name\" content=\"Blog Editorial GEU\" \/>\n<meta property=\"article:published_time\" content=\"2019-10-04T11:07:03+00:00\" \/>\n<meta property=\"article:modified_time\" content=\"2023-02-08T10:14:27+00:00\" \/>\n<meta property=\"og:image\" content=\"https:\/\/www.editorialgeu.com\/blog\/wp-content\/uploads\/2019\/10\/discalculia.jpg\" \/>\n\t<meta property=\"og:image:width\" content=\"626\" \/>\n\t<meta property=\"og:image:height\" content=\"254\" \/>\n\t<meta property=\"og:image:type\" content=\"image\/jpeg\" \/>\n<meta name=\"author\" content=\"Jara Fern\u00e1ndez Garrido\" \/>\n<meta name=\"twitter:card\" content=\"summary_large_image\" \/>\n<meta name=\"twitter:label1\" content=\"Escrito por\" \/>\n\t<meta name=\"twitter:data1\" content=\"Jara Fern\u00e1ndez Garrido\" \/>\n\t<meta name=\"twitter:label2\" content=\"Tiempo de lectura\" \/>\n\t<meta name=\"twitter:data2\" content=\"3 minutos\" \/>\n<script type=\"application\/ld+json\" class=\"yoast-schema-graph\">{\"@context\":\"https:\\\/\\\/schema.org\",\"@graph\":[{\"@type\":\"Article\",\"@id\":\"https:\\\/\\\/www.editorialgeu.com\\\/blog\\\/que-es-la-discalculia-y-que-sintomas-puede-tener-un-nino\\\/#article\",\"isPartOf\":{\"@id\":\"https:\\\/\\\/www.editorialgeu.com\\\/blog\\\/que-es-la-discalculia-y-que-sintomas-puede-tener-un-nino\\\/\"},\"author\":{\"name\":\"Jara Fern\u00e1ndez Garrido\",\"@id\":\"https:\\\/\\\/www.editorialgeu.com\\\/blog\\\/#\\\/schema\\\/person\\\/6b6979c3c4b6b5c055617cbfbf4afd45\"},\"headline\":\"\u00bfQu\u00e9 es la discalculia en ni\u00f1os y cu\u00e1les son los s\u00edntomas?\",\"datePublished\":\"2019-10-04T11:07:03+00:00\",\"dateModified\":\"2023-02-08T10:14:27+00:00\",\"mainEntityOfPage\":{\"@id\":\"https:\\\/\\\/www.editorialgeu.com\\\/blog\\\/que-es-la-discalculia-y-que-sintomas-puede-tener-un-nino\\\/\"},\"wordCount\":676,\"commentCount\":0,\"publisher\":{\"@id\":\"https:\\\/\\\/www.editorialgeu.com\\\/blog\\\/#organization\"},\"image\":{\"@id\":\"https:\\\/\\\/www.editorialgeu.com\\\/blog\\\/que-es-la-discalculia-y-que-sintomas-puede-tener-un-nino\\\/#primaryimage\"},\"thumbnailUrl\":\"https:\\\/\\\/www.editorialgeu.com\\\/blog\\\/wp-content\\\/uploads\\\/2019\\\/10\\\/discalculia.jpg\",\"keywords\":[\"discalculia\",\"discalculia en ni\u00f1os\",\"discalculia en preescolar\",\"discalculia en primaria\",\"dislexia matematica\",\"ejercicios para la discalculia\",\"que es la discalculia\",\"sintomas de la discalculia\"],\"articleSection\":[\"Actualidad\"],\"inLanguage\":\"es\",\"potentialAction\":[{\"@type\":\"CommentAction\",\"name\":\"Comment\",\"target\":[\"https:\\\/\\\/www.editorialgeu.com\\\/blog\\\/que-es-la-discalculia-y-que-sintomas-puede-tener-un-nino\\\/#respond\"]}]},{\"@type\":\"WebPage\",\"@id\":\"https:\\\/\\\/www.editorialgeu.com\\\/blog\\\/que-es-la-discalculia-y-que-sintomas-puede-tener-un-nino\\\/\",\"url\":\"https:\\\/\\\/www.editorialgeu.com\\\/blog\\\/que-es-la-discalculia-y-que-sintomas-puede-tener-un-nino\\\/\",\"name\":\"\u00bfQu\u00e9 es la discalculia en ni\u00f1os y cu\u00e1les son los s\u00edntomas? - Blog Editorial GEU\",\"isPartOf\":{\"@id\":\"https:\\\/\\\/www.editorialgeu.com\\\/blog\\\/#website\"},\"primaryImageOfPage\":{\"@id\":\"https:\\\/\\\/www.editorialgeu.com\\\/blog\\\/que-es-la-discalculia-y-que-sintomas-puede-tener-un-nino\\\/#primaryimage\"},\"image\":{\"@id\":\"https:\\\/\\\/www.editorialgeu.com\\\/blog\\\/que-es-la-discalculia-y-que-sintomas-puede-tener-un-nino\\\/#primaryimage\"},\"thumbnailUrl\":\"https:\\\/\\\/www.editorialgeu.com\\\/blog\\\/wp-content\\\/uploads\\\/2019\\\/10\\\/discalculia.jpg\",\"datePublished\":\"2019-10-04T11:07:03+00:00\",\"dateModified\":\"2023-02-08T10:14:27+00:00\",\"description\":\"Aprender a detectar a tiempo una patolog\u00eda como la discalculia no es tarea sencilla. Aprende a detectarla y ponerle soluci\u00f3n a tiempo.\",\"breadcrumb\":{\"@id\":\"https:\\\/\\\/www.editorialgeu.com\\\/blog\\\/que-es-la-discalculia-y-que-sintomas-puede-tener-un-nino\\\/#breadcrumb\"},\"inLanguage\":\"es\",\"potentialAction\":[{\"@type\":\"ReadAction\",\"target\":[\"https:\\\/\\\/www.editorialgeu.com\\\/blog\\\/que-es-la-discalculia-y-que-sintomas-puede-tener-un-nino\\\/\"]}]},{\"@type\":\"ImageObject\",\"inLanguage\":\"es\",\"@id\":\"https:\\\/\\\/www.editorialgeu.com\\\/blog\\\/que-es-la-discalculia-y-que-sintomas-puede-tener-un-nino\\\/#primaryimage\",\"url\":\"https:\\\/\\\/www.editorialgeu.com\\\/blog\\\/wp-content\\\/uploads\\\/2019\\\/10\\\/discalculia.jpg\",\"contentUrl\":\"https:\\\/\\\/www.editorialgeu.com\\\/blog\\\/wp-content\\\/uploads\\\/2019\\\/10\\\/discalculia.jpg\",\"width\":626,\"height\":254,\"caption\":\"que es la discalculia y sintomas en ni\u00f1os\"},{\"@type\":\"BreadcrumbList\",\"@id\":\"https:\\\/\\\/www.editorialgeu.com\\\/blog\\\/que-es-la-discalculia-y-que-sintomas-puede-tener-un-nino\\\/#breadcrumb\",\"itemListElement\":[{\"@type\":\"ListItem\",\"position\":1,\"name\":\"Portada\",\"item\":\"https:\\\/\\\/www.editorialgeu.com\\\/blog\\\/\"},{\"@type\":\"ListItem\",\"position\":2,\"name\":\"\u00bfQu\u00e9 es la discalculia en ni\u00f1os y cu\u00e1les son los s\u00edntomas?\"}]},{\"@type\":\"WebSite\",\"@id\":\"https:\\\/\\\/www.editorialgeu.com\\\/blog\\\/#website\",\"url\":\"https:\\\/\\\/www.editorialgeu.com\\\/blog\\\/\",\"name\":\"Blog Editorial GEU\",\"description\":\"Actualidad, noticias y consejos por una Escuela Inclusiva\",\"publisher\":{\"@id\":\"https:\\\/\\\/www.editorialgeu.com\\\/blog\\\/#organization\"},\"potentialAction\":[{\"@type\":\"SearchAction\",\"target\":{\"@type\":\"EntryPoint\",\"urlTemplate\":\"https:\\\/\\\/www.editorialgeu.com\\\/blog\\\/?s={search_term_string}\"},\"query-input\":{\"@type\":\"PropertyValueSpecification\",\"valueRequired\":true,\"valueName\":\"search_term_string\"}}],\"inLanguage\":\"es\"},{\"@type\":\"Organization\",\"@id\":\"https:\\\/\\\/www.editorialgeu.com\\\/blog\\\/#organization\",\"name\":\"Blog Editorial GEU\",\"url\":\"https:\\\/\\\/www.editorialgeu.com\\\/blog\\\/\",\"logo\":{\"@type\":\"ImageObject\",\"inLanguage\":\"es\",\"@id\":\"https:\\\/\\\/www.editorialgeu.com\\\/blog\\\/#\\\/schema\\\/logo\\\/image\\\/\",\"url\":\"https:\\\/\\\/www.editorialgeu.com\\\/blog\\\/wp-content\\\/uploads\\\/2019\\\/11\\\/LogoGEU_Blog.png\",\"contentUrl\":\"https:\\\/\\\/www.editorialgeu.com\\\/blog\\\/wp-content\\\/uploads\\\/2019\\\/11\\\/LogoGEU_Blog.png\",\"width\":1181,\"height\":477,\"caption\":\"Blog Editorial GEU\"},\"image\":{\"@id\":\"https:\\\/\\\/www.editorialgeu.com\\\/blog\\\/#\\\/schema\\\/logo\\\/image\\\/\"}},{\"@type\":\"Person\",\"@id\":\"https:\\\/\\\/www.editorialgeu.com\\\/blog\\\/#\\\/schema\\\/person\\\/6b6979c3c4b6b5c055617cbfbf4afd45\",\"name\":\"Jara Fern\u00e1ndez Garrido\",\"image\":{\"@type\":\"ImageObject\",\"inLanguage\":\"es\",\"@id\":\"https:\\\/\\\/www.editorialgeu.com\\\/blog\\\/wp-content\\\/uploads\\\/2021\\\/05\\\/198901_134682266603142_1052041_n-150x150.jpg\",\"url\":\"https:\\\/\\\/www.editorialgeu.com\\\/blog\\\/wp-content\\\/uploads\\\/2021\\\/05\\\/198901_134682266603142_1052041_n-150x150.jpg\",\"contentUrl\":\"https:\\\/\\\/www.editorialgeu.com\\\/blog\\\/wp-content\\\/uploads\\\/2021\\\/05\\\/198901_134682266603142_1052041_n-150x150.jpg\",\"caption\":\"Jara Fern\u00e1ndez Garrido\"},\"sameAs\":[\"http:\\\/\\\/www.editorialgeu.com\"],\"url\":\"https:\\\/\\\/www.editorialgeu.com\\\/blog\\\/author\\\/jara-fernandez\\\/\"}]}<\/script>\n<!-- \/ Yoast SEO plugin. -->","yoast_head_json":{"title":"\u00bfQu\u00e9 es la discalculia en ni\u00f1os y cu\u00e1les son los s\u00edntomas? - Blog Editorial GEU","description":"Aprender a detectar a tiempo una patolog\u00eda como la discalculia no es tarea sencilla. Aprende a detectarla y ponerle soluci\u00f3n a tiempo.","robots":{"index":"index","follow":"follow","max-snippet":"max-snippet:-1","max-image-preview":"max-image-preview:large","max-video-preview":"max-video-preview:-1"},"canonical":"https:\/\/www.editorialgeu.com\/blog\/que-es-la-discalculia-y-que-sintomas-puede-tener-un-nino\/","og_locale":"es_ES","og_type":"article","og_title":"\u00bfQu\u00e9 es la discalculia en ni\u00f1os y cu\u00e1les son los s\u00edntomas? - Blog Editorial GEU","og_description":"Aprender a detectar a tiempo una patolog\u00eda como la discalculia no es tarea sencilla. Aprende a detectarla y ponerle soluci\u00f3n a tiempo.","og_url":"https:\/\/www.editorialgeu.com\/blog\/que-es-la-discalculia-y-que-sintomas-puede-tener-un-nino\/","og_site_name":"Blog Editorial GEU","article_published_time":"2019-10-04T11:07:03+00:00","article_modified_time":"2023-02-08T10:14:27+00:00","og_image":[{"width":626,"height":254,"url":"https:\/\/www.editorialgeu.com\/blog\/wp-content\/uploads\/2019\/10\/discalculia.jpg","type":"image\/jpeg"}],"author":"Jara Fern\u00e1ndez Garrido","twitter_card":"summary_large_image","twitter_misc":{"Escrito por":"Jara Fern\u00e1ndez Garrido","Tiempo de lectura":"3 minutos"},"schema":{"@context":"https:\/\/schema.org","@graph":[{"@type":"Article","@id":"https:\/\/www.editorialgeu.com\/blog\/que-es-la-discalculia-y-que-sintomas-puede-tener-un-nino\/#article","isPartOf":{"@id":"https:\/\/www.editorialgeu.com\/blog\/que-es-la-discalculia-y-que-sintomas-puede-tener-un-nino\/"},"author":{"name":"Jara Fern\u00e1ndez Garrido","@id":"https:\/\/www.editorialgeu.com\/blog\/#\/schema\/person\/6b6979c3c4b6b5c055617cbfbf4afd45"},"headline":"\u00bfQu\u00e9 es la discalculia en ni\u00f1os y cu\u00e1les son los s\u00edntomas?","datePublished":"2019-10-04T11:07:03+00:00","dateModified":"2023-02-08T10:14:27+00:00","mainEntityOfPage":{"@id":"https:\/\/www.editorialgeu.com\/blog\/que-es-la-discalculia-y-que-sintomas-puede-tener-un-nino\/"},"wordCount":676,"commentCount":0,"publisher":{"@id":"https:\/\/www.editorialgeu.com\/blog\/#organization"},"image":{"@id":"https:\/\/www.editorialgeu.com\/blog\/que-es-la-discalculia-y-que-sintomas-puede-tener-un-nino\/#primaryimage"},"thumbnailUrl":"https:\/\/www.editorialgeu.com\/blog\/wp-content\/uploads\/2019\/10\/discalculia.jpg","keywords":["discalculia","discalculia en ni\u00f1os","discalculia en preescolar","discalculia en primaria","dislexia matematica","ejercicios para la discalculia","que es la discalculia","sintomas de la discalculia"],"articleSection":["Actualidad"],"inLanguage":"es","potentialAction":[{"@type":"CommentAction","name":"Comment","target":["https:\/\/www.editorialgeu.com\/blog\/que-es-la-discalculia-y-que-sintomas-puede-tener-un-nino\/#respond"]}]},{"@type":"WebPage","@id":"https:\/\/www.editorialgeu.com\/blog\/que-es-la-discalculia-y-que-sintomas-puede-tener-un-nino\/","url":"https:\/\/www.editorialgeu.com\/blog\/que-es-la-discalculia-y-que-sintomas-puede-tener-un-nino\/","name":"\u00bfQu\u00e9 es la discalculia en ni\u00f1os y cu\u00e1les son los s\u00edntomas? - Blog Editorial GEU","isPartOf":{"@id":"https:\/\/www.editorialgeu.com\/blog\/#website"},"primaryImageOfPage":{"@id":"https:\/\/www.editorialgeu.com\/blog\/que-es-la-discalculia-y-que-sintomas-puede-tener-un-nino\/#primaryimage"},"image":{"@id":"https:\/\/www.editorialgeu.com\/blog\/que-es-la-discalculia-y-que-sintomas-puede-tener-un-nino\/#primaryimage"},"thumbnailUrl":"https:\/\/www.editorialgeu.com\/blog\/wp-content\/uploads\/2019\/10\/discalculia.jpg","datePublished":"2019-10-04T11:07:03+00:00","dateModified":"2023-02-08T10:14:27+00:00","description":"Aprender a detectar a tiempo una patolog\u00eda como la discalculia no es tarea sencilla. Aprende a detectarla y ponerle soluci\u00f3n a tiempo.","breadcrumb":{"@id":"https:\/\/www.editorialgeu.com\/blog\/que-es-la-discalculia-y-que-sintomas-puede-tener-un-nino\/#breadcrumb"},"inLanguage":"es","potentialAction":[{"@type":"ReadAction","target":["https:\/\/www.editorialgeu.com\/blog\/que-es-la-discalculia-y-que-sintomas-puede-tener-un-nino\/"]}]},{"@type":"ImageObject","inLanguage":"es","@id":"https:\/\/www.editorialgeu.com\/blog\/que-es-la-discalculia-y-que-sintomas-puede-tener-un-nino\/#primaryimage","url":"https:\/\/www.editorialgeu.com\/blog\/wp-content\/uploads\/2019\/10\/discalculia.jpg","contentUrl":"https:\/\/www.editorialgeu.com\/blog\/wp-content\/uploads\/2019\/10\/discalculia.jpg","width":626,"height":254,"caption":"que es la discalculia y sintomas en ni\u00f1os"},{"@type":"BreadcrumbList","@id":"https:\/\/www.editorialgeu.com\/blog\/que-es-la-discalculia-y-que-sintomas-puede-tener-un-nino\/#breadcrumb","itemListElement":[{"@type":"ListItem","position":1,"name":"Portada","item":"https:\/\/www.editorialgeu.com\/blog\/"},{"@type":"ListItem","position":2,"name":"\u00bfQu\u00e9 es la discalculia en ni\u00f1os y cu\u00e1les son los s\u00edntomas?"}]},{"@type":"WebSite","@id":"https:\/\/www.editorialgeu.com\/blog\/#website","url":"https:\/\/www.editorialgeu.com\/blog\/","name":"Blog Editorial GEU","description":"Actualidad, noticias y consejos por una Escuela Inclusiva","publisher":{"@id":"https:\/\/www.editorialgeu.com\/blog\/#organization"},"potentialAction":[{"@type":"SearchAction","target":{"@type":"EntryPoint","urlTemplate":"https:\/\/www.editorialgeu.com\/blog\/?s={search_term_string}"},"query-input":{"@type":"PropertyValueSpecification","valueRequired":true,"valueName":"search_term_string"}}],"inLanguage":"es"},{"@type":"Organization","@id":"https:\/\/www.editorialgeu.com\/blog\/#organization","name":"Blog Editorial GEU","url":"https:\/\/www.editorialgeu.com\/blog\/","logo":{"@type":"ImageObject","inLanguage":"es","@id":"https:\/\/www.editorialgeu.com\/blog\/#\/schema\/logo\/image\/","url":"https:\/\/www.editorialgeu.com\/blog\/wp-content\/uploads\/2019\/11\/LogoGEU_Blog.png","contentUrl":"https:\/\/www.editorialgeu.com\/blog\/wp-content\/uploads\/2019\/11\/LogoGEU_Blog.png","width":1181,"height":477,"caption":"Blog Editorial GEU"},"image":{"@id":"https:\/\/www.editorialgeu.com\/blog\/#\/schema\/logo\/image\/"}},{"@type":"Person","@id":"https:\/\/www.editorialgeu.com\/blog\/#\/schema\/person\/6b6979c3c4b6b5c055617cbfbf4afd45","name":"Jara Fern\u00e1ndez Garrido","image":{"@type":"ImageObject","inLanguage":"es","@id":"https:\/\/www.editorialgeu.com\/blog\/wp-content\/uploads\/2021\/05\/198901_134682266603142_1052041_n-150x150.jpg","url":"https:\/\/www.editorialgeu.com\/blog\/wp-content\/uploads\/2021\/05\/198901_134682266603142_1052041_n-150x150.jpg","contentUrl":"https:\/\/www.editorialgeu.com\/blog\/wp-content\/uploads\/2021\/05\/198901_134682266603142_1052041_n-150x150.jpg","caption":"Jara Fern\u00e1ndez Garrido"},"sameAs":["http:\/\/www.editorialgeu.com"],"url":"https:\/\/www.editorialgeu.com\/blog\/author\/jara-fernandez\/"}]}},"_links":{"self":[{"href":"https:\/\/www.editorialgeu.com\/blog\/wp-json\/wp\/v2\/posts\/1201","targetHints":{"allow":["GET"]}}],"collection":[{"href":"https:\/\/www.editorialgeu.com\/blog\/wp-json\/wp\/v2\/posts"}],"about":[{"href":"https:\/\/www.editorialgeu.com\/blog\/wp-json\/wp\/v2\/types\/post"}],"author":[{"embeddable":true,"href":"https:\/\/www.editorialgeu.com\/blog\/wp-json\/wp\/v2\/users\/12"}],"replies":[{"embeddable":true,"href":"https:\/\/www.editorialgeu.com\/blog\/wp-json\/wp\/v2\/comments?post=1201"}],"version-history":[{"count":6,"href":"https:\/\/www.editorialgeu.com\/blog\/wp-json\/wp\/v2\/posts\/1201\/revisions"}],"predecessor-version":[{"id":2481,"href":"https:\/\/www.editorialgeu.com\/blog\/wp-json\/wp\/v2\/posts\/1201\/revisions\/2481"}],"wp:featuredmedia":[{"embeddable":true,"href":"https:\/\/www.editorialgeu.com\/blog\/wp-json\/wp\/v2\/media\/1204"}],"wp:attachment":[{"href":"https:\/\/www.editorialgeu.com\/blog\/wp-json\/wp\/v2\/media?parent=1201"}],"wp:term":[{"taxonomy":"category","embeddable":true,"href":"https:\/\/www.editorialgeu.com\/blog\/wp-json\/wp\/v2\/categories?post=1201"},{"taxonomy":"post_tag","embeddable":true,"href":"https:\/\/www.editorialgeu.com\/blog\/wp-json\/wp\/v2\/tags?post=1201"}],"curies":[{"name":"wp","href":"https:\/\/api.w.org\/{rel}","templated":true}]}}