{"id":1280,"date":"2020-03-09T11:23:29","date_gmt":"2020-03-09T10:23:29","guid":{"rendered":"https:\/\/www.editorialgeu.com\/blog\/?p=1280"},"modified":"2023-02-03T13:58:51","modified_gmt":"2023-02-03T12:58:51","slug":"como-mejorar-la-comprension-lectora-en-ninos","status":"publish","type":"post","link":"https:\/\/www.editorialgeu.com\/blog\/como-mejorar-la-comprension-lectora-en-ninos\/","title":{"rendered":"C\u00f3mo mejorar la comprensi\u00f3n lectora en ni\u00f1os"},"content":{"rendered":"\n<p>Gracias a tener una buena comprensi\u00f3n lectora, ser\u00e1n capaces de resolver problemas matem\u00e1ticos, comprender instrucciones de juegos, entender las noticias que leen o simplemente disfrutar leyendo. <\/p>\n\n\n\n<!--more-->\n\n\n\n<p>\n\nLa <strong>comprensi\u00f3n lectora<\/strong> es una competencia esencial no solo en la edad escolar, sino fundamental en todos los \u00e1mbitos a lo largo de toda nuestra vida. \n\n<\/p>\n\n\n\n<p>Necesitamos dotar a nuestros alumnos\/as y ni\u00f1os\/as con las\nherramientas necesarias frente a la sociedad en la que vivimos hoy en d\u00eda, llena\nde informaci\u00f3n y a la vez desinformaci\u00f3n. Es una tarea que conlleva tiempo y\ndedicaci\u00f3n, pero muy necesaria para adquirir conocimientos y que les permita\ndescubrir la realidad que les rodea. <\/p>\n\n\n\n<p>Por supuesto, cada ni\u00f1o y ni\u00f1a tienen su propio proceso de\naprendizaje y un ritmo diferente al otro, en muchas ocasiones, aunque se\nencuentren en el mismo curso escolar, la capacidad madurativa no es la misma. <\/p>\n\n\n\n<h3 class=\"wp-block-heading\"><strong>Beneficios de la\ncomprensi\u00f3n lectora <\/strong><\/h3>\n\n\n\n<ol class=\"wp-block-list\"><li>Adquisici\u00f3n de conocimientos a lo largo de todo\nel proceso madurativo<\/li><li>Desarrollo de su personalidad y el proceso de socializaci\u00f3n<\/li><li>Mejora de las competencias ling\u00fc\u00edsticas y\naumento del vocabulario<\/li><li>Adquisici\u00f3n de criterio propio <\/li><li>Habilidad de entender y evaluar la informaci\u00f3n\nescrita <\/li><li>Aumento de la motivaci\u00f3n lectora<\/li><\/ol>\n\n\n\n<h3 class=\"wp-block-heading\"><strong>Ideas para mejorar la\ncomprensi\u00f3n lectora <\/strong><\/h3>\n\n\n\n<p>Podemos ayudarles a mejorar su comprensi\u00f3n lectora con\nalgunas t\u00e9cnicas muy sencillas y qu\u00e9 podemos practicar en casa. <\/p>\n\n\n\n<h4 class=\"wp-block-heading\"><strong>Pedirle que lea en voz alta<\/strong><\/h4>\n\n\n\n<p>No solo es muy \u00fatil para mejorar la comprensi\u00f3n sino que les\nayuda a superar verg\u00fcenzas y miedos. Podemos aprovechar una lectura diaria para\nanimarle a leer en voz alta. Al principio, el ritmo ser\u00e1 lento, pero as\u00ed\nconseguiremos que poco a poco se vaya soltando sin darse cuenta, a la vez que\nprocesa lo que va diciendo. <\/p>\n\n\n\n<p>Adem\u00e1s, le permite ir afinando su pronunciaci\u00f3n y o\u00eddo. <\/p>\n\n\n\n<h4 class=\"wp-block-heading\"><strong>Releer de nuevo los libros de texto<\/strong><\/h4>\n\n\n\n<p>Por el hecho de haber le\u00eddo un libro, no significa que ha\nterminado de cumplir su funci\u00f3n. Uno de los puntos clave es emprender de nuevo\nla lectura de obras ya conocidas. Esto le ayudar\u00e1 a aumentar su fluidez lectora\ny reforzar\u00e1 su seguridad para seguir avanzando. <\/p>\n\n\n\n<h4 class=\"wp-block-heading\"><strong>Interrumpir la lectura para hacer aclaraciones<\/strong><\/h4>\n\n\n\n<p>Extraer conclusiones en la trama es una buena pr\u00e1ctica para\naumentar la atenci\u00f3n e inmersi\u00f3n del ni\u00f1o en la historia. Es decir, es muy\nbeneficioso detenernos y resaltar ciertos aspectos, que para nosotros pueden\nparecer evidentes, pero pueden incentivar la interiorizaci\u00f3n de conceptos. <\/p>\n\n\n\n<p>Por ejemplo, si un personaje realiza una acci\u00f3n determinada,\nno est\u00e1 de m\u00e1s explicar que ha llevado a realizar esa acci\u00f3n. <\/p>\n\n\n\n<h4 class=\"wp-block-heading\"><strong>Realiza un sinopsis de lo le\u00eddo &nbsp;<\/strong><\/h4>\n\n\n\n<p>Tanto antes de comenzar a leer un libro que tenga cierta\ndificultad, para plantearle el escenario de lo que va a encontrar, c\u00f3mo al\nfinalizar un libro para comprobar realmente que se ha entendido la historia que\nacaba de leer. <\/p>\n\n\n\n<p>Esta contextualizaci\u00f3n facilitar\u00e1 su introducci\u00f3n en la\ntrama y disminuir\u00e1 las probabilidades de frustraci\u00f3n durante y despu\u00e9s de la\nlectura. <\/p>\n\n\n\n<h4 class=\"wp-block-heading\"><strong>Hacerle preguntas <\/strong><\/h4>\n\n\n\n<p>No dejes de preguntarle cuestiones relativas a la obra ni\npor supuesto dejar de escuchar lo que tenga que decir al respecto. Antes,\ndurante y despu\u00e9s es muy importante conocer que le interesa, repasar con \u00e9l o por\nejemplo, preguntarle qu\u00e9 cree que va a ocurrir en la historia antes de leerla. <\/p>\n\n\n\n<p>Descubre nuestra colecci\u00f3n<a href=\"https:\/\/www.editorialgeu.com\/content\/18-cuadernos-de-lecturas-comprensivas\"> Lecturas comprensivas<\/a><a href=\"https:\/\/www.editorialgeu.com\/es\/210-lecturas-comprensivas\">,<\/a> dirigida a ni\u00f1os de educaci\u00f3n infantil y educaci\u00f3n primaria, que te ayudar\u00e1n a mejorar la comprensi\u00f3n lectora a la vez que trabaja las transversales como ortograf\u00eda, vocabulario y gram\u00e1tica. <\/p>\n\n\n\n<p>Esperamos que toda esta informaci\u00f3n te haya sido de gran\nayuda y te ayude a mejorar su comprensi\u00f3n lectora de una forma f\u00e1cil y amena.<\/p>\n","protected":false},"excerpt":{"rendered":"<p>Ay\u00fadales a mejorar su comprensi\u00f3n lectora con t\u00e9cnicas muy sencillas y qu\u00e9 podr\u00e1s poner en practicar en casa. <\/p>\n","protected":false},"author":12,"featured_media":1281,"comment_status":"open","ping_status":"open","sticky":false,"template":"","format":"standard","meta":{"footnotes":""},"categories":[173],"tags":[282,157,174],"class_list":["post-1280","post","type-post","status-publish","format-standard","has-post-thumbnail","hentry","category-fomento-de-la-lectura","tag-beneficios-comprension-lectora","tag-comprension-lectora","tag-fomento-de-la-lectura"],"yoast_head":"<!-- This site is optimized with the Yoast SEO plugin v27.4 - https:\/\/yoast.com\/product\/yoast-seo-wordpress\/ -->\n<title>C\u00f3mo mejorar la comprensi\u00f3n lectora en ni\u00f1os - Blog Editorial GEU<\/title>\n<meta name=\"description\" content=\"Ay\u00fadales a mejorar su comprensi\u00f3n lectora con t\u00e9cnicas muy sencillas y qu\u00e9 podr\u00e1s poner en practicar en casa. Una competencia esencial para su d\u00eda a d\u00eda.\" \/>\n<meta name=\"robots\" content=\"index, follow, max-snippet:-1, max-image-preview:large, max-video-preview:-1\" \/>\n<link rel=\"canonical\" href=\"https:\/\/www.editorialgeu.com\/blog\/como-mejorar-la-comprension-lectora-en-ninos\/\" \/>\n<meta property=\"og:locale\" content=\"es_ES\" \/>\n<meta property=\"og:type\" content=\"article\" \/>\n<meta property=\"og:title\" content=\"C\u00f3mo mejorar la comprensi\u00f3n lectora en ni\u00f1os - Blog Editorial GEU\" \/>\n<meta property=\"og:description\" content=\"Ay\u00fadales a mejorar su comprensi\u00f3n lectora con t\u00e9cnicas muy sencillas y qu\u00e9 podr\u00e1s poner en practicar en casa. Una competencia esencial para su d\u00eda a d\u00eda.\" \/>\n<meta property=\"og:url\" content=\"https:\/\/www.editorialgeu.com\/blog\/como-mejorar-la-comprension-lectora-en-ninos\/\" \/>\n<meta property=\"og:site_name\" content=\"Blog Editorial GEU\" \/>\n<meta property=\"article:published_time\" content=\"2020-03-09T10:23:29+00:00\" \/>\n<meta property=\"article:modified_time\" content=\"2023-02-03T12:58:51+00:00\" \/>\n<meta property=\"og:image\" content=\"https:\/\/www.editorialgeu.com\/blog\/wp-content\/uploads\/2020\/03\/como-mejorar-la-comprensi\u00f3n-lectora.jpg\" \/>\n\t<meta property=\"og:image:width\" content=\"626\" \/>\n\t<meta property=\"og:image:height\" content=\"417\" \/>\n\t<meta property=\"og:image:type\" content=\"image\/jpeg\" \/>\n<meta name=\"author\" content=\"Jara Fern\u00e1ndez Garrido\" \/>\n<meta name=\"twitter:card\" content=\"summary_large_image\" \/>\n<meta name=\"twitter:label1\" content=\"Escrito por\" \/>\n\t<meta name=\"twitter:data1\" content=\"Jara Fern\u00e1ndez Garrido\" \/>\n\t<meta name=\"twitter:label2\" content=\"Tiempo de lectura\" \/>\n\t<meta name=\"twitter:data2\" content=\"3 minutos\" \/>\n<script type=\"application\/ld+json\" class=\"yoast-schema-graph\">{\"@context\":\"https:\\\/\\\/schema.org\",\"@graph\":[{\"@type\":\"Article\",\"@id\":\"https:\\\/\\\/www.editorialgeu.com\\\/blog\\\/como-mejorar-la-comprension-lectora-en-ninos\\\/#article\",\"isPartOf\":{\"@id\":\"https:\\\/\\\/www.editorialgeu.com\\\/blog\\\/como-mejorar-la-comprension-lectora-en-ninos\\\/\"},\"author\":{\"name\":\"Jara Fern\u00e1ndez Garrido\",\"@id\":\"https:\\\/\\\/www.editorialgeu.com\\\/blog\\\/#\\\/schema\\\/person\\\/6b6979c3c4b6b5c055617cbfbf4afd45\"},\"headline\":\"C\u00f3mo mejorar la comprensi\u00f3n lectora en ni\u00f1os\",\"datePublished\":\"2020-03-09T10:23:29+00:00\",\"dateModified\":\"2023-02-03T12:58:51+00:00\",\"mainEntityOfPage\":{\"@id\":\"https:\\\/\\\/www.editorialgeu.com\\\/blog\\\/como-mejorar-la-comprension-lectora-en-ninos\\\/\"},\"wordCount\":660,\"commentCount\":0,\"publisher\":{\"@id\":\"https:\\\/\\\/www.editorialgeu.com\\\/blog\\\/#organization\"},\"image\":{\"@id\":\"https:\\\/\\\/www.editorialgeu.com\\\/blog\\\/como-mejorar-la-comprension-lectora-en-ninos\\\/#primaryimage\"},\"thumbnailUrl\":\"https:\\\/\\\/www.editorialgeu.com\\\/blog\\\/wp-content\\\/uploads\\\/2020\\\/03\\\/como-mejorar-la-comprensi\u00f3n-lectora.jpg\",\"keywords\":[\"beneficios comprension lectora\",\"comprensi\u00f3n lectora\",\"fomento de la lectura\"],\"articleSection\":[\"Fomento de la lectura\"],\"inLanguage\":\"es\",\"potentialAction\":[{\"@type\":\"CommentAction\",\"name\":\"Comment\",\"target\":[\"https:\\\/\\\/www.editorialgeu.com\\\/blog\\\/como-mejorar-la-comprension-lectora-en-ninos\\\/#respond\"]}]},{\"@type\":\"WebPage\",\"@id\":\"https:\\\/\\\/www.editorialgeu.com\\\/blog\\\/como-mejorar-la-comprension-lectora-en-ninos\\\/\",\"url\":\"https:\\\/\\\/www.editorialgeu.com\\\/blog\\\/como-mejorar-la-comprension-lectora-en-ninos\\\/\",\"name\":\"C\u00f3mo mejorar la comprensi\u00f3n lectora en ni\u00f1os - Blog Editorial GEU\",\"isPartOf\":{\"@id\":\"https:\\\/\\\/www.editorialgeu.com\\\/blog\\\/#website\"},\"primaryImageOfPage\":{\"@id\":\"https:\\\/\\\/www.editorialgeu.com\\\/blog\\\/como-mejorar-la-comprension-lectora-en-ninos\\\/#primaryimage\"},\"image\":{\"@id\":\"https:\\\/\\\/www.editorialgeu.com\\\/blog\\\/como-mejorar-la-comprension-lectora-en-ninos\\\/#primaryimage\"},\"thumbnailUrl\":\"https:\\\/\\\/www.editorialgeu.com\\\/blog\\\/wp-content\\\/uploads\\\/2020\\\/03\\\/como-mejorar-la-comprensi\u00f3n-lectora.jpg\",\"datePublished\":\"2020-03-09T10:23:29+00:00\",\"dateModified\":\"2023-02-03T12:58:51+00:00\",\"description\":\"Ay\u00fadales a mejorar su comprensi\u00f3n lectora con t\u00e9cnicas muy sencillas y qu\u00e9 podr\u00e1s poner en practicar en casa. Una competencia esencial para su d\u00eda a d\u00eda.\",\"breadcrumb\":{\"@id\":\"https:\\\/\\\/www.editorialgeu.com\\\/blog\\\/como-mejorar-la-comprension-lectora-en-ninos\\\/#breadcrumb\"},\"inLanguage\":\"es\",\"potentialAction\":[{\"@type\":\"ReadAction\",\"target\":[\"https:\\\/\\\/www.editorialgeu.com\\\/blog\\\/como-mejorar-la-comprension-lectora-en-ninos\\\/\"]}]},{\"@type\":\"ImageObject\",\"inLanguage\":\"es\",\"@id\":\"https:\\\/\\\/www.editorialgeu.com\\\/blog\\\/como-mejorar-la-comprension-lectora-en-ninos\\\/#primaryimage\",\"url\":\"https:\\\/\\\/www.editorialgeu.com\\\/blog\\\/wp-content\\\/uploads\\\/2020\\\/03\\\/como-mejorar-la-comprensi\u00f3n-lectora.jpg\",\"contentUrl\":\"https:\\\/\\\/www.editorialgeu.com\\\/blog\\\/wp-content\\\/uploads\\\/2020\\\/03\\\/como-mejorar-la-comprensi\u00f3n-lectora.jpg\",\"width\":626,\"height\":417,\"caption\":\"mejorar la comprension lectora\"},{\"@type\":\"BreadcrumbList\",\"@id\":\"https:\\\/\\\/www.editorialgeu.com\\\/blog\\\/como-mejorar-la-comprension-lectora-en-ninos\\\/#breadcrumb\",\"itemListElement\":[{\"@type\":\"ListItem\",\"position\":1,\"name\":\"Portada\",\"item\":\"https:\\\/\\\/www.editorialgeu.com\\\/blog\\\/\"},{\"@type\":\"ListItem\",\"position\":2,\"name\":\"C\u00f3mo mejorar la comprensi\u00f3n lectora en ni\u00f1os\"}]},{\"@type\":\"WebSite\",\"@id\":\"https:\\\/\\\/www.editorialgeu.com\\\/blog\\\/#website\",\"url\":\"https:\\\/\\\/www.editorialgeu.com\\\/blog\\\/\",\"name\":\"Blog Editorial GEU\",\"description\":\"Actualidad, noticias y consejos por una Escuela Inclusiva\",\"publisher\":{\"@id\":\"https:\\\/\\\/www.editorialgeu.com\\\/blog\\\/#organization\"},\"potentialAction\":[{\"@type\":\"SearchAction\",\"target\":{\"@type\":\"EntryPoint\",\"urlTemplate\":\"https:\\\/\\\/www.editorialgeu.com\\\/blog\\\/?s={search_term_string}\"},\"query-input\":{\"@type\":\"PropertyValueSpecification\",\"valueRequired\":true,\"valueName\":\"search_term_string\"}}],\"inLanguage\":\"es\"},{\"@type\":\"Organization\",\"@id\":\"https:\\\/\\\/www.editorialgeu.com\\\/blog\\\/#organization\",\"name\":\"Blog Editorial GEU\",\"url\":\"https:\\\/\\\/www.editorialgeu.com\\\/blog\\\/\",\"logo\":{\"@type\":\"ImageObject\",\"inLanguage\":\"es\",\"@id\":\"https:\\\/\\\/www.editorialgeu.com\\\/blog\\\/#\\\/schema\\\/logo\\\/image\\\/\",\"url\":\"https:\\\/\\\/www.editorialgeu.com\\\/blog\\\/wp-content\\\/uploads\\\/2019\\\/11\\\/LogoGEU_Blog.png\",\"contentUrl\":\"https:\\\/\\\/www.editorialgeu.com\\\/blog\\\/wp-content\\\/uploads\\\/2019\\\/11\\\/LogoGEU_Blog.png\",\"width\":1181,\"height\":477,\"caption\":\"Blog Editorial GEU\"},\"image\":{\"@id\":\"https:\\\/\\\/www.editorialgeu.com\\\/blog\\\/#\\\/schema\\\/logo\\\/image\\\/\"}},{\"@type\":\"Person\",\"@id\":\"https:\\\/\\\/www.editorialgeu.com\\\/blog\\\/#\\\/schema\\\/person\\\/6b6979c3c4b6b5c055617cbfbf4afd45\",\"name\":\"Jara Fern\u00e1ndez Garrido\",\"image\":{\"@type\":\"ImageObject\",\"inLanguage\":\"es\",\"@id\":\"https:\\\/\\\/www.editorialgeu.com\\\/blog\\\/wp-content\\\/uploads\\\/2021\\\/05\\\/198901_134682266603142_1052041_n-150x150.jpg\",\"url\":\"https:\\\/\\\/www.editorialgeu.com\\\/blog\\\/wp-content\\\/uploads\\\/2021\\\/05\\\/198901_134682266603142_1052041_n-150x150.jpg\",\"contentUrl\":\"https:\\\/\\\/www.editorialgeu.com\\\/blog\\\/wp-content\\\/uploads\\\/2021\\\/05\\\/198901_134682266603142_1052041_n-150x150.jpg\",\"caption\":\"Jara Fern\u00e1ndez Garrido\"},\"sameAs\":[\"http:\\\/\\\/www.editorialgeu.com\"],\"url\":\"https:\\\/\\\/www.editorialgeu.com\\\/blog\\\/author\\\/jara-fernandez\\\/\"}]}<\/script>\n<!-- \/ Yoast SEO plugin. -->","yoast_head_json":{"title":"C\u00f3mo mejorar la comprensi\u00f3n lectora en ni\u00f1os - Blog Editorial GEU","description":"Ay\u00fadales a mejorar su comprensi\u00f3n lectora con t\u00e9cnicas muy sencillas y qu\u00e9 podr\u00e1s poner en practicar en casa. Una competencia esencial para su d\u00eda a d\u00eda.","robots":{"index":"index","follow":"follow","max-snippet":"max-snippet:-1","max-image-preview":"max-image-preview:large","max-video-preview":"max-video-preview:-1"},"canonical":"https:\/\/www.editorialgeu.com\/blog\/como-mejorar-la-comprension-lectora-en-ninos\/","og_locale":"es_ES","og_type":"article","og_title":"C\u00f3mo mejorar la comprensi\u00f3n lectora en ni\u00f1os - Blog Editorial GEU","og_description":"Ay\u00fadales a mejorar su comprensi\u00f3n lectora con t\u00e9cnicas muy sencillas y qu\u00e9 podr\u00e1s poner en practicar en casa. Una competencia esencial para su d\u00eda a d\u00eda.","og_url":"https:\/\/www.editorialgeu.com\/blog\/como-mejorar-la-comprension-lectora-en-ninos\/","og_site_name":"Blog Editorial GEU","article_published_time":"2020-03-09T10:23:29+00:00","article_modified_time":"2023-02-03T12:58:51+00:00","og_image":[{"width":626,"height":417,"url":"https:\/\/www.editorialgeu.com\/blog\/wp-content\/uploads\/2020\/03\/como-mejorar-la-comprensi\u00f3n-lectora.jpg","type":"image\/jpeg"}],"author":"Jara Fern\u00e1ndez Garrido","twitter_card":"summary_large_image","twitter_misc":{"Escrito por":"Jara Fern\u00e1ndez Garrido","Tiempo de lectura":"3 minutos"},"schema":{"@context":"https:\/\/schema.org","@graph":[{"@type":"Article","@id":"https:\/\/www.editorialgeu.com\/blog\/como-mejorar-la-comprension-lectora-en-ninos\/#article","isPartOf":{"@id":"https:\/\/www.editorialgeu.com\/blog\/como-mejorar-la-comprension-lectora-en-ninos\/"},"author":{"name":"Jara Fern\u00e1ndez Garrido","@id":"https:\/\/www.editorialgeu.com\/blog\/#\/schema\/person\/6b6979c3c4b6b5c055617cbfbf4afd45"},"headline":"C\u00f3mo mejorar la comprensi\u00f3n lectora en ni\u00f1os","datePublished":"2020-03-09T10:23:29+00:00","dateModified":"2023-02-03T12:58:51+00:00","mainEntityOfPage":{"@id":"https:\/\/www.editorialgeu.com\/blog\/como-mejorar-la-comprension-lectora-en-ninos\/"},"wordCount":660,"commentCount":0,"publisher":{"@id":"https:\/\/www.editorialgeu.com\/blog\/#organization"},"image":{"@id":"https:\/\/www.editorialgeu.com\/blog\/como-mejorar-la-comprension-lectora-en-ninos\/#primaryimage"},"thumbnailUrl":"https:\/\/www.editorialgeu.com\/blog\/wp-content\/uploads\/2020\/03\/como-mejorar-la-comprensi\u00f3n-lectora.jpg","keywords":["beneficios comprension lectora","comprensi\u00f3n lectora","fomento de la lectura"],"articleSection":["Fomento de la lectura"],"inLanguage":"es","potentialAction":[{"@type":"CommentAction","name":"Comment","target":["https:\/\/www.editorialgeu.com\/blog\/como-mejorar-la-comprension-lectora-en-ninos\/#respond"]}]},{"@type":"WebPage","@id":"https:\/\/www.editorialgeu.com\/blog\/como-mejorar-la-comprension-lectora-en-ninos\/","url":"https:\/\/www.editorialgeu.com\/blog\/como-mejorar-la-comprension-lectora-en-ninos\/","name":"C\u00f3mo mejorar la comprensi\u00f3n lectora en ni\u00f1os - Blog Editorial GEU","isPartOf":{"@id":"https:\/\/www.editorialgeu.com\/blog\/#website"},"primaryImageOfPage":{"@id":"https:\/\/www.editorialgeu.com\/blog\/como-mejorar-la-comprension-lectora-en-ninos\/#primaryimage"},"image":{"@id":"https:\/\/www.editorialgeu.com\/blog\/como-mejorar-la-comprension-lectora-en-ninos\/#primaryimage"},"thumbnailUrl":"https:\/\/www.editorialgeu.com\/blog\/wp-content\/uploads\/2020\/03\/como-mejorar-la-comprensi\u00f3n-lectora.jpg","datePublished":"2020-03-09T10:23:29+00:00","dateModified":"2023-02-03T12:58:51+00:00","description":"Ay\u00fadales a mejorar su comprensi\u00f3n lectora con t\u00e9cnicas muy sencillas y qu\u00e9 podr\u00e1s poner en practicar en casa. Una competencia esencial para su d\u00eda a d\u00eda.","breadcrumb":{"@id":"https:\/\/www.editorialgeu.com\/blog\/como-mejorar-la-comprension-lectora-en-ninos\/#breadcrumb"},"inLanguage":"es","potentialAction":[{"@type":"ReadAction","target":["https:\/\/www.editorialgeu.com\/blog\/como-mejorar-la-comprension-lectora-en-ninos\/"]}]},{"@type":"ImageObject","inLanguage":"es","@id":"https:\/\/www.editorialgeu.com\/blog\/como-mejorar-la-comprension-lectora-en-ninos\/#primaryimage","url":"https:\/\/www.editorialgeu.com\/blog\/wp-content\/uploads\/2020\/03\/como-mejorar-la-comprensi\u00f3n-lectora.jpg","contentUrl":"https:\/\/www.editorialgeu.com\/blog\/wp-content\/uploads\/2020\/03\/como-mejorar-la-comprensi\u00f3n-lectora.jpg","width":626,"height":417,"caption":"mejorar la comprension lectora"},{"@type":"BreadcrumbList","@id":"https:\/\/www.editorialgeu.com\/blog\/como-mejorar-la-comprension-lectora-en-ninos\/#breadcrumb","itemListElement":[{"@type":"ListItem","position":1,"name":"Portada","item":"https:\/\/www.editorialgeu.com\/blog\/"},{"@type":"ListItem","position":2,"name":"C\u00f3mo mejorar la comprensi\u00f3n lectora en ni\u00f1os"}]},{"@type":"WebSite","@id":"https:\/\/www.editorialgeu.com\/blog\/#website","url":"https:\/\/www.editorialgeu.com\/blog\/","name":"Blog Editorial GEU","description":"Actualidad, noticias y consejos por una Escuela Inclusiva","publisher":{"@id":"https:\/\/www.editorialgeu.com\/blog\/#organization"},"potentialAction":[{"@type":"SearchAction","target":{"@type":"EntryPoint","urlTemplate":"https:\/\/www.editorialgeu.com\/blog\/?s={search_term_string}"},"query-input":{"@type":"PropertyValueSpecification","valueRequired":true,"valueName":"search_term_string"}}],"inLanguage":"es"},{"@type":"Organization","@id":"https:\/\/www.editorialgeu.com\/blog\/#organization","name":"Blog Editorial GEU","url":"https:\/\/www.editorialgeu.com\/blog\/","logo":{"@type":"ImageObject","inLanguage":"es","@id":"https:\/\/www.editorialgeu.com\/blog\/#\/schema\/logo\/image\/","url":"https:\/\/www.editorialgeu.com\/blog\/wp-content\/uploads\/2019\/11\/LogoGEU_Blog.png","contentUrl":"https:\/\/www.editorialgeu.com\/blog\/wp-content\/uploads\/2019\/11\/LogoGEU_Blog.png","width":1181,"height":477,"caption":"Blog Editorial GEU"},"image":{"@id":"https:\/\/www.editorialgeu.com\/blog\/#\/schema\/logo\/image\/"}},{"@type":"Person","@id":"https:\/\/www.editorialgeu.com\/blog\/#\/schema\/person\/6b6979c3c4b6b5c055617cbfbf4afd45","name":"Jara Fern\u00e1ndez Garrido","image":{"@type":"ImageObject","inLanguage":"es","@id":"https:\/\/www.editorialgeu.com\/blog\/wp-content\/uploads\/2021\/05\/198901_134682266603142_1052041_n-150x150.jpg","url":"https:\/\/www.editorialgeu.com\/blog\/wp-content\/uploads\/2021\/05\/198901_134682266603142_1052041_n-150x150.jpg","contentUrl":"https:\/\/www.editorialgeu.com\/blog\/wp-content\/uploads\/2021\/05\/198901_134682266603142_1052041_n-150x150.jpg","caption":"Jara Fern\u00e1ndez Garrido"},"sameAs":["http:\/\/www.editorialgeu.com"],"url":"https:\/\/www.editorialgeu.com\/blog\/author\/jara-fernandez\/"}]}},"_links":{"self":[{"href":"https:\/\/www.editorialgeu.com\/blog\/wp-json\/wp\/v2\/posts\/1280","targetHints":{"allow":["GET"]}}],"collection":[{"href":"https:\/\/www.editorialgeu.com\/blog\/wp-json\/wp\/v2\/posts"}],"about":[{"href":"https:\/\/www.editorialgeu.com\/blog\/wp-json\/wp\/v2\/types\/post"}],"author":[{"embeddable":true,"href":"https:\/\/www.editorialgeu.com\/blog\/wp-json\/wp\/v2\/users\/12"}],"replies":[{"embeddable":true,"href":"https:\/\/www.editorialgeu.com\/blog\/wp-json\/wp\/v2\/comments?post=1280"}],"version-history":[{"count":3,"href":"https:\/\/www.editorialgeu.com\/blog\/wp-json\/wp\/v2\/posts\/1280\/revisions"}],"predecessor-version":[{"id":2263,"href":"https:\/\/www.editorialgeu.com\/blog\/wp-json\/wp\/v2\/posts\/1280\/revisions\/2263"}],"wp:featuredmedia":[{"embeddable":true,"href":"https:\/\/www.editorialgeu.com\/blog\/wp-json\/wp\/v2\/media\/1281"}],"wp:attachment":[{"href":"https:\/\/www.editorialgeu.com\/blog\/wp-json\/wp\/v2\/media?parent=1280"}],"wp:term":[{"taxonomy":"category","embeddable":true,"href":"https:\/\/www.editorialgeu.com\/blog\/wp-json\/wp\/v2\/categories?post=1280"},{"taxonomy":"post_tag","embeddable":true,"href":"https:\/\/www.editorialgeu.com\/blog\/wp-json\/wp\/v2\/tags?post=1280"}],"curies":[{"name":"wp","href":"https:\/\/api.w.org\/{rel}","templated":true}]}}