{"id":139,"date":"2017-06-14T10:51:41","date_gmt":"2017-06-14T10:51:41","guid":{"rendered":"http:\/\/www.editorialgeu.com\/blog\/?p=139"},"modified":"2017-06-27T10:51:53","modified_gmt":"2017-06-27T10:51:53","slug":"como-seleccionar-el-apoyo-visual-mas-adecuado-para-cada-nino-parte-ii","status":"publish","type":"post","link":"https:\/\/www.editorialgeu.com\/blog\/como-seleccionar-el-apoyo-visual-mas-adecuado-para-cada-nino-parte-ii\/","title":{"rendered":"\u00bfC\u00f3mo seleccionar el apoyo visual m\u00e1s adecuado para cada ni\u00f1o? (Parte II)"},"content":{"rendered":"<p>Cada tipo de apoyo visual demanda del ni\u00f1o una capacidad diferente de <strong>abstracci\u00f3n <\/strong>y <strong>simbolizaci\u00f3n<\/strong>. Por ejemplo, los pictogramas demandan una capacidad de abstracci\u00f3n mayor que las fotograf\u00edas. De esta manera tendremos que valorar qu\u00e9 tipo de apoyo visual comprende el ni\u00f1o. Para ello le pediremos que empareje <strong>objetos reales<\/strong> y: <strong>fotograf\u00edas<\/strong>, <strong>pictogramas <\/strong>y <strong>palabras escritas<\/strong>, y as\u00ed concluir qu\u00e9 apoyo visual es el que comprende. Ser\u00e1 necesario familiarizarlo con la tarea de emparejar para valorar realmente el grado de comprensi\u00f3n. Y aunque los <strong>apoyos visuales<\/strong> se construyan con una forma preferente, podemos combinar distintos tipos. Tambi\u00e9n podemos combinarlos para promover la transici\u00f3n de un tipo de apoyo m\u00e1s sencillo a otro m\u00e1s complejo.<!--more--><\/p>\n<h3>\u00bfQu\u00e9 objetivos podemos trabajar empleando apoyos visuales?<\/h3>\n<ul>\n<li>Mejorar la independencia del ni\u00f1o con Autismo, les permite manejarse con mayor autonom\u00eda ya que funcionan a modo de recordatorio.<\/li>\n<li>Mejorar la capacidad de anticipar acontecimientos previsibles.<\/li>\n<li>Mejorar la comunicaci\u00f3n, como propone el m\u00e9todo PECS (Picture Exchange Communiaction System).<\/li>\n<li>Disminuir problemas de conducta.<\/li>\n<li>Mejorar la competencia social, gui\u00e1ndole en qu\u00e9 hacer o decir con los dem\u00e1s.<\/li>\n<\/ul>\n<h3>\u00bfCu\u00e1ndo emplear los apoyos visuales?<\/h3>\n<p>Los vamos a emplear a lo largo de todo el d\u00eda y cuando la situaci\u00f3n lo demande. Adem\u00e1s, nos ser\u00e1n \u00fatiles a lo largo de toda la vida. Algunas personas piensan que son prescindibles cuando el ni\u00f1o tiene lenguaje y maneja las rutinas. Esto no es as\u00ed, ya que es m\u00e1s asimilable para ellos la informaci\u00f3n presentada por la ruta visual independientemente de la edad o la competencia verbal.<\/p>\n<h3>\u00bfQu\u00e9 necesito para dise\u00f1ar mis apoyos visuales?<\/h3>\n<p>Son recursos baratos. Pegamento, velcro para pegar los apoyos en la pared de la habitaci\u00f3n, por ejemplo, tijeras, una c\u00e1mara de fotos, plastificadora y l\u00e1minas para evitar que no se deterioren, etiquetas, rotuladores.<\/p>\n","protected":false},"excerpt":{"rendered":"<p>Cada tipo de apoyo visual demanda del ni\u00f1o una capacidad diferente de abstracci\u00f3n y simbolizaci\u00f3n. Por ejemplo, los pictogramas demandan una capacidad de abstracci\u00f3n mayor que las fotograf\u00edas. De esta manera tendremos que valorar qu\u00e9 tipo de apoyo visual comprende el ni\u00f1o. Para ello le pediremos que empareje objetos reales y: fotograf\u00edas, pictogramas y palabras [&hellip;]<\/p>\n","protected":false},"author":7,"featured_media":178,"comment_status":"open","ping_status":"open","sticky":false,"template":"","format":"standard","meta":{"footnotes":""},"categories":[10],"tags":[33],"class_list":["post-139","post","type-post","status-publish","format-standard","has-post-thumbnail","hentry","category-transtorno-de-espectro-autista","tag-apoyos-visuales"],"yoast_head":"<!-- This site is optimized with the Yoast SEO plugin v27.4 - https:\/\/yoast.com\/product\/yoast-seo-wordpress\/ -->\n<title>\u00bfC\u00f3mo seleccionar el apoyo visual m\u00e1s adecuado para cada ni\u00f1o?<\/title>\n<meta name=\"description\" content=\"Cada tipo de apoyo visual demanda del ni\u00f1o una capacidad diferente de abstracci\u00f3n y simbolizaci\u00f3n. Te aconsejamos sobre c\u00f3mo elegir los m\u00e1s adecuados.\" \/>\n<meta name=\"robots\" content=\"index, follow, max-snippet:-1, max-image-preview:large, max-video-preview:-1\" \/>\n<link rel=\"canonical\" href=\"https:\/\/www.editorialgeu.com\/blog\/como-seleccionar-el-apoyo-visual-mas-adecuado-para-cada-nino-parte-ii\/\" \/>\n<meta property=\"og:locale\" content=\"es_ES\" \/>\n<meta property=\"og:type\" content=\"article\" \/>\n<meta property=\"og:title\" content=\"\u00bfC\u00f3mo seleccionar el apoyo visual m\u00e1s adecuado para cada ni\u00f1o?\" \/>\n<meta property=\"og:description\" content=\"Cada tipo de apoyo visual demanda del ni\u00f1o una capacidad diferente de abstracci\u00f3n y simbolizaci\u00f3n. Te aconsejamos sobre c\u00f3mo elegir los m\u00e1s adecuados.\" \/>\n<meta property=\"og:url\" content=\"https:\/\/www.editorialgeu.com\/blog\/como-seleccionar-el-apoyo-visual-mas-adecuado-para-cada-nino-parte-ii\/\" \/>\n<meta property=\"og:site_name\" content=\"Blog Editorial GEU\" \/>\n<meta property=\"article:published_time\" content=\"2017-06-14T10:51:41+00:00\" \/>\n<meta property=\"article:modified_time\" content=\"2017-06-27T10:51:53+00:00\" \/>\n<meta property=\"og:image\" content=\"https:\/\/www.editorialgeu.com\/blog\/wp-content\/uploads\/2017\/06\/1491633887401.jpg\" \/>\n\t<meta property=\"og:image:width\" content=\"1024\" \/>\n\t<meta property=\"og:image:height\" content=\"683\" \/>\n\t<meta property=\"og:image:type\" content=\"image\/jpeg\" \/>\n<meta name=\"author\" content=\"Elena S\u00e1nchez Mar\u00edn\" \/>\n<meta name=\"twitter:card\" content=\"summary_large_image\" \/>\n<meta name=\"twitter:label1\" content=\"Escrito por\" \/>\n\t<meta name=\"twitter:data1\" content=\"Elena S\u00e1nchez Mar\u00edn\" \/>\n\t<meta name=\"twitter:label2\" content=\"Tiempo de lectura\" \/>\n\t<meta name=\"twitter:data2\" content=\"2 minutos\" \/>\n<script type=\"application\/ld+json\" class=\"yoast-schema-graph\">{\"@context\":\"https:\\\/\\\/schema.org\",\"@graph\":[{\"@type\":\"Article\",\"@id\":\"https:\\\/\\\/www.editorialgeu.com\\\/blog\\\/como-seleccionar-el-apoyo-visual-mas-adecuado-para-cada-nino-parte-ii\\\/#article\",\"isPartOf\":{\"@id\":\"https:\\\/\\\/www.editorialgeu.com\\\/blog\\\/como-seleccionar-el-apoyo-visual-mas-adecuado-para-cada-nino-parte-ii\\\/\"},\"author\":{\"name\":\"Elena S\u00e1nchez Mar\u00edn\",\"@id\":\"https:\\\/\\\/www.editorialgeu.com\\\/blog\\\/#\\\/schema\\\/person\\\/2dc258c08f97d376f4992c11dcf41630\"},\"headline\":\"\u00bfC\u00f3mo seleccionar el apoyo visual m\u00e1s adecuado para cada ni\u00f1o? (Parte II)\",\"datePublished\":\"2017-06-14T10:51:41+00:00\",\"dateModified\":\"2017-06-27T10:51:53+00:00\",\"mainEntityOfPage\":{\"@id\":\"https:\\\/\\\/www.editorialgeu.com\\\/blog\\\/como-seleccionar-el-apoyo-visual-mas-adecuado-para-cada-nino-parte-ii\\\/\"},\"wordCount\":336,\"commentCount\":0,\"publisher\":{\"@id\":\"https:\\\/\\\/www.editorialgeu.com\\\/blog\\\/#organization\"},\"image\":{\"@id\":\"https:\\\/\\\/www.editorialgeu.com\\\/blog\\\/como-seleccionar-el-apoyo-visual-mas-adecuado-para-cada-nino-parte-ii\\\/#primaryimage\"},\"thumbnailUrl\":\"https:\\\/\\\/www.editorialgeu.com\\\/blog\\\/wp-content\\\/uploads\\\/2017\\\/06\\\/1491633887401.jpg\",\"keywords\":[\"apoyos visuales\"],\"articleSection\":[\"Consejos sobre el tratamiento del Trastorno del Espectro Autista\"],\"inLanguage\":\"es\",\"potentialAction\":[{\"@type\":\"CommentAction\",\"name\":\"Comment\",\"target\":[\"https:\\\/\\\/www.editorialgeu.com\\\/blog\\\/como-seleccionar-el-apoyo-visual-mas-adecuado-para-cada-nino-parte-ii\\\/#respond\"]}]},{\"@type\":\"WebPage\",\"@id\":\"https:\\\/\\\/www.editorialgeu.com\\\/blog\\\/como-seleccionar-el-apoyo-visual-mas-adecuado-para-cada-nino-parte-ii\\\/\",\"url\":\"https:\\\/\\\/www.editorialgeu.com\\\/blog\\\/como-seleccionar-el-apoyo-visual-mas-adecuado-para-cada-nino-parte-ii\\\/\",\"name\":\"\u00bfC\u00f3mo seleccionar el apoyo visual m\u00e1s adecuado para cada ni\u00f1o?\",\"isPartOf\":{\"@id\":\"https:\\\/\\\/www.editorialgeu.com\\\/blog\\\/#website\"},\"primaryImageOfPage\":{\"@id\":\"https:\\\/\\\/www.editorialgeu.com\\\/blog\\\/como-seleccionar-el-apoyo-visual-mas-adecuado-para-cada-nino-parte-ii\\\/#primaryimage\"},\"image\":{\"@id\":\"https:\\\/\\\/www.editorialgeu.com\\\/blog\\\/como-seleccionar-el-apoyo-visual-mas-adecuado-para-cada-nino-parte-ii\\\/#primaryimage\"},\"thumbnailUrl\":\"https:\\\/\\\/www.editorialgeu.com\\\/blog\\\/wp-content\\\/uploads\\\/2017\\\/06\\\/1491633887401.jpg\",\"datePublished\":\"2017-06-14T10:51:41+00:00\",\"dateModified\":\"2017-06-27T10:51:53+00:00\",\"description\":\"Cada tipo de apoyo visual demanda del ni\u00f1o una capacidad diferente de abstracci\u00f3n y simbolizaci\u00f3n. Te aconsejamos sobre c\u00f3mo elegir los m\u00e1s adecuados.\",\"breadcrumb\":{\"@id\":\"https:\\\/\\\/www.editorialgeu.com\\\/blog\\\/como-seleccionar-el-apoyo-visual-mas-adecuado-para-cada-nino-parte-ii\\\/#breadcrumb\"},\"inLanguage\":\"es\",\"potentialAction\":[{\"@type\":\"ReadAction\",\"target\":[\"https:\\\/\\\/www.editorialgeu.com\\\/blog\\\/como-seleccionar-el-apoyo-visual-mas-adecuado-para-cada-nino-parte-ii\\\/\"]}]},{\"@type\":\"ImageObject\",\"inLanguage\":\"es\",\"@id\":\"https:\\\/\\\/www.editorialgeu.com\\\/blog\\\/como-seleccionar-el-apoyo-visual-mas-adecuado-para-cada-nino-parte-ii\\\/#primaryimage\",\"url\":\"https:\\\/\\\/www.editorialgeu.com\\\/blog\\\/wp-content\\\/uploads\\\/2017\\\/06\\\/1491633887401.jpg\",\"contentUrl\":\"https:\\\/\\\/www.editorialgeu.com\\\/blog\\\/wp-content\\\/uploads\\\/2017\\\/06\\\/1491633887401.jpg\",\"width\":1024,\"height\":683,\"caption\":\"Ni\u00f1as leyendo un cuento\"},{\"@type\":\"BreadcrumbList\",\"@id\":\"https:\\\/\\\/www.editorialgeu.com\\\/blog\\\/como-seleccionar-el-apoyo-visual-mas-adecuado-para-cada-nino-parte-ii\\\/#breadcrumb\",\"itemListElement\":[{\"@type\":\"ListItem\",\"position\":1,\"name\":\"Portada\",\"item\":\"https:\\\/\\\/www.editorialgeu.com\\\/blog\\\/\"},{\"@type\":\"ListItem\",\"position\":2,\"name\":\"\u00bfC\u00f3mo seleccionar el apoyo visual m\u00e1s adecuado para cada ni\u00f1o? (Parte II)\"}]},{\"@type\":\"WebSite\",\"@id\":\"https:\\\/\\\/www.editorialgeu.com\\\/blog\\\/#website\",\"url\":\"https:\\\/\\\/www.editorialgeu.com\\\/blog\\\/\",\"name\":\"Blog Editorial GEU\",\"description\":\"Actualidad, noticias y consejos por una Escuela Inclusiva\",\"publisher\":{\"@id\":\"https:\\\/\\\/www.editorialgeu.com\\\/blog\\\/#organization\"},\"potentialAction\":[{\"@type\":\"SearchAction\",\"target\":{\"@type\":\"EntryPoint\",\"urlTemplate\":\"https:\\\/\\\/www.editorialgeu.com\\\/blog\\\/?s={search_term_string}\"},\"query-input\":{\"@type\":\"PropertyValueSpecification\",\"valueRequired\":true,\"valueName\":\"search_term_string\"}}],\"inLanguage\":\"es\"},{\"@type\":\"Organization\",\"@id\":\"https:\\\/\\\/www.editorialgeu.com\\\/blog\\\/#organization\",\"name\":\"Blog Editorial GEU\",\"url\":\"https:\\\/\\\/www.editorialgeu.com\\\/blog\\\/\",\"logo\":{\"@type\":\"ImageObject\",\"inLanguage\":\"es\",\"@id\":\"https:\\\/\\\/www.editorialgeu.com\\\/blog\\\/#\\\/schema\\\/logo\\\/image\\\/\",\"url\":\"https:\\\/\\\/www.editorialgeu.com\\\/blog\\\/wp-content\\\/uploads\\\/2019\\\/11\\\/LogoGEU_Blog.png\",\"contentUrl\":\"https:\\\/\\\/www.editorialgeu.com\\\/blog\\\/wp-content\\\/uploads\\\/2019\\\/11\\\/LogoGEU_Blog.png\",\"width\":1181,\"height\":477,\"caption\":\"Blog Editorial GEU\"},\"image\":{\"@id\":\"https:\\\/\\\/www.editorialgeu.com\\\/blog\\\/#\\\/schema\\\/logo\\\/image\\\/\"}},{\"@type\":\"Person\",\"@id\":\"https:\\\/\\\/www.editorialgeu.com\\\/blog\\\/#\\\/schema\\\/person\\\/2dc258c08f97d376f4992c11dcf41630\",\"name\":\"Elena S\u00e1nchez Mar\u00edn\",\"image\":{\"@type\":\"ImageObject\",\"inLanguage\":\"es\",\"@id\":\"https:\\\/\\\/www.editorialgeu.com\\\/blog\\\/wp-content\\\/uploads\\\/2017\\\/10\\\/elena-carnet-r-3-150x150.png\",\"url\":\"https:\\\/\\\/www.editorialgeu.com\\\/blog\\\/wp-content\\\/uploads\\\/2017\\\/10\\\/elena-carnet-r-3-150x150.png\",\"contentUrl\":\"https:\\\/\\\/www.editorialgeu.com\\\/blog\\\/wp-content\\\/uploads\\\/2017\\\/10\\\/elena-carnet-r-3-150x150.png\",\"caption\":\"Elena S\u00e1nchez Mar\u00edn\"},\"description\":\"Diplomada en Logopedia por la Universidad de M\u00e1laga y M\u00e1ster de Atenci\u00f3n Temprana por la Universidad de Granada y Orden Hospitalaria San Juan de Dios, CAIT San Rafael.\",\"url\":\"https:\\\/\\\/www.editorialgeu.com\\\/blog\\\/author\\\/elena-sanchez-marin\\\/\"}]}<\/script>\n<!-- \/ Yoast SEO plugin. -->","yoast_head_json":{"title":"\u00bfC\u00f3mo seleccionar el apoyo visual m\u00e1s adecuado para cada ni\u00f1o?","description":"Cada tipo de apoyo visual demanda del ni\u00f1o una capacidad diferente de abstracci\u00f3n y simbolizaci\u00f3n. Te aconsejamos sobre c\u00f3mo elegir los m\u00e1s adecuados.","robots":{"index":"index","follow":"follow","max-snippet":"max-snippet:-1","max-image-preview":"max-image-preview:large","max-video-preview":"max-video-preview:-1"},"canonical":"https:\/\/www.editorialgeu.com\/blog\/como-seleccionar-el-apoyo-visual-mas-adecuado-para-cada-nino-parte-ii\/","og_locale":"es_ES","og_type":"article","og_title":"\u00bfC\u00f3mo seleccionar el apoyo visual m\u00e1s adecuado para cada ni\u00f1o?","og_description":"Cada tipo de apoyo visual demanda del ni\u00f1o una capacidad diferente de abstracci\u00f3n y simbolizaci\u00f3n. Te aconsejamos sobre c\u00f3mo elegir los m\u00e1s adecuados.","og_url":"https:\/\/www.editorialgeu.com\/blog\/como-seleccionar-el-apoyo-visual-mas-adecuado-para-cada-nino-parte-ii\/","og_site_name":"Blog Editorial GEU","article_published_time":"2017-06-14T10:51:41+00:00","article_modified_time":"2017-06-27T10:51:53+00:00","og_image":[{"width":1024,"height":683,"url":"https:\/\/www.editorialgeu.com\/blog\/wp-content\/uploads\/2017\/06\/1491633887401.jpg","type":"image\/jpeg"}],"author":"Elena S\u00e1nchez Mar\u00edn","twitter_card":"summary_large_image","twitter_misc":{"Escrito por":"Elena S\u00e1nchez Mar\u00edn","Tiempo de lectura":"2 minutos"},"schema":{"@context":"https:\/\/schema.org","@graph":[{"@type":"Article","@id":"https:\/\/www.editorialgeu.com\/blog\/como-seleccionar-el-apoyo-visual-mas-adecuado-para-cada-nino-parte-ii\/#article","isPartOf":{"@id":"https:\/\/www.editorialgeu.com\/blog\/como-seleccionar-el-apoyo-visual-mas-adecuado-para-cada-nino-parte-ii\/"},"author":{"name":"Elena S\u00e1nchez Mar\u00edn","@id":"https:\/\/www.editorialgeu.com\/blog\/#\/schema\/person\/2dc258c08f97d376f4992c11dcf41630"},"headline":"\u00bfC\u00f3mo seleccionar el apoyo visual m\u00e1s adecuado para cada ni\u00f1o? (Parte II)","datePublished":"2017-06-14T10:51:41+00:00","dateModified":"2017-06-27T10:51:53+00:00","mainEntityOfPage":{"@id":"https:\/\/www.editorialgeu.com\/blog\/como-seleccionar-el-apoyo-visual-mas-adecuado-para-cada-nino-parte-ii\/"},"wordCount":336,"commentCount":0,"publisher":{"@id":"https:\/\/www.editorialgeu.com\/blog\/#organization"},"image":{"@id":"https:\/\/www.editorialgeu.com\/blog\/como-seleccionar-el-apoyo-visual-mas-adecuado-para-cada-nino-parte-ii\/#primaryimage"},"thumbnailUrl":"https:\/\/www.editorialgeu.com\/blog\/wp-content\/uploads\/2017\/06\/1491633887401.jpg","keywords":["apoyos visuales"],"articleSection":["Consejos sobre el tratamiento del Trastorno del Espectro Autista"],"inLanguage":"es","potentialAction":[{"@type":"CommentAction","name":"Comment","target":["https:\/\/www.editorialgeu.com\/blog\/como-seleccionar-el-apoyo-visual-mas-adecuado-para-cada-nino-parte-ii\/#respond"]}]},{"@type":"WebPage","@id":"https:\/\/www.editorialgeu.com\/blog\/como-seleccionar-el-apoyo-visual-mas-adecuado-para-cada-nino-parte-ii\/","url":"https:\/\/www.editorialgeu.com\/blog\/como-seleccionar-el-apoyo-visual-mas-adecuado-para-cada-nino-parte-ii\/","name":"\u00bfC\u00f3mo seleccionar el apoyo visual m\u00e1s adecuado para cada ni\u00f1o?","isPartOf":{"@id":"https:\/\/www.editorialgeu.com\/blog\/#website"},"primaryImageOfPage":{"@id":"https:\/\/www.editorialgeu.com\/blog\/como-seleccionar-el-apoyo-visual-mas-adecuado-para-cada-nino-parte-ii\/#primaryimage"},"image":{"@id":"https:\/\/www.editorialgeu.com\/blog\/como-seleccionar-el-apoyo-visual-mas-adecuado-para-cada-nino-parte-ii\/#primaryimage"},"thumbnailUrl":"https:\/\/www.editorialgeu.com\/blog\/wp-content\/uploads\/2017\/06\/1491633887401.jpg","datePublished":"2017-06-14T10:51:41+00:00","dateModified":"2017-06-27T10:51:53+00:00","description":"Cada tipo de apoyo visual demanda del ni\u00f1o una capacidad diferente de abstracci\u00f3n y simbolizaci\u00f3n. Te aconsejamos sobre c\u00f3mo elegir los m\u00e1s adecuados.","breadcrumb":{"@id":"https:\/\/www.editorialgeu.com\/blog\/como-seleccionar-el-apoyo-visual-mas-adecuado-para-cada-nino-parte-ii\/#breadcrumb"},"inLanguage":"es","potentialAction":[{"@type":"ReadAction","target":["https:\/\/www.editorialgeu.com\/blog\/como-seleccionar-el-apoyo-visual-mas-adecuado-para-cada-nino-parte-ii\/"]}]},{"@type":"ImageObject","inLanguage":"es","@id":"https:\/\/www.editorialgeu.com\/blog\/como-seleccionar-el-apoyo-visual-mas-adecuado-para-cada-nino-parte-ii\/#primaryimage","url":"https:\/\/www.editorialgeu.com\/blog\/wp-content\/uploads\/2017\/06\/1491633887401.jpg","contentUrl":"https:\/\/www.editorialgeu.com\/blog\/wp-content\/uploads\/2017\/06\/1491633887401.jpg","width":1024,"height":683,"caption":"Ni\u00f1as leyendo un cuento"},{"@type":"BreadcrumbList","@id":"https:\/\/www.editorialgeu.com\/blog\/como-seleccionar-el-apoyo-visual-mas-adecuado-para-cada-nino-parte-ii\/#breadcrumb","itemListElement":[{"@type":"ListItem","position":1,"name":"Portada","item":"https:\/\/www.editorialgeu.com\/blog\/"},{"@type":"ListItem","position":2,"name":"\u00bfC\u00f3mo seleccionar el apoyo visual m\u00e1s adecuado para cada ni\u00f1o? (Parte II)"}]},{"@type":"WebSite","@id":"https:\/\/www.editorialgeu.com\/blog\/#website","url":"https:\/\/www.editorialgeu.com\/blog\/","name":"Blog Editorial GEU","description":"Actualidad, noticias y consejos por una Escuela Inclusiva","publisher":{"@id":"https:\/\/www.editorialgeu.com\/blog\/#organization"},"potentialAction":[{"@type":"SearchAction","target":{"@type":"EntryPoint","urlTemplate":"https:\/\/www.editorialgeu.com\/blog\/?s={search_term_string}"},"query-input":{"@type":"PropertyValueSpecification","valueRequired":true,"valueName":"search_term_string"}}],"inLanguage":"es"},{"@type":"Organization","@id":"https:\/\/www.editorialgeu.com\/blog\/#organization","name":"Blog Editorial GEU","url":"https:\/\/www.editorialgeu.com\/blog\/","logo":{"@type":"ImageObject","inLanguage":"es","@id":"https:\/\/www.editorialgeu.com\/blog\/#\/schema\/logo\/image\/","url":"https:\/\/www.editorialgeu.com\/blog\/wp-content\/uploads\/2019\/11\/LogoGEU_Blog.png","contentUrl":"https:\/\/www.editorialgeu.com\/blog\/wp-content\/uploads\/2019\/11\/LogoGEU_Blog.png","width":1181,"height":477,"caption":"Blog Editorial GEU"},"image":{"@id":"https:\/\/www.editorialgeu.com\/blog\/#\/schema\/logo\/image\/"}},{"@type":"Person","@id":"https:\/\/www.editorialgeu.com\/blog\/#\/schema\/person\/2dc258c08f97d376f4992c11dcf41630","name":"Elena S\u00e1nchez Mar\u00edn","image":{"@type":"ImageObject","inLanguage":"es","@id":"https:\/\/www.editorialgeu.com\/blog\/wp-content\/uploads\/2017\/10\/elena-carnet-r-3-150x150.png","url":"https:\/\/www.editorialgeu.com\/blog\/wp-content\/uploads\/2017\/10\/elena-carnet-r-3-150x150.png","contentUrl":"https:\/\/www.editorialgeu.com\/blog\/wp-content\/uploads\/2017\/10\/elena-carnet-r-3-150x150.png","caption":"Elena S\u00e1nchez Mar\u00edn"},"description":"Diplomada en Logopedia por la Universidad de M\u00e1laga y M\u00e1ster de Atenci\u00f3n Temprana por la Universidad de Granada y Orden Hospitalaria San Juan de Dios, CAIT San Rafael.","url":"https:\/\/www.editorialgeu.com\/blog\/author\/elena-sanchez-marin\/"}]}},"_links":{"self":[{"href":"https:\/\/www.editorialgeu.com\/blog\/wp-json\/wp\/v2\/posts\/139","targetHints":{"allow":["GET"]}}],"collection":[{"href":"https:\/\/www.editorialgeu.com\/blog\/wp-json\/wp\/v2\/posts"}],"about":[{"href":"https:\/\/www.editorialgeu.com\/blog\/wp-json\/wp\/v2\/types\/post"}],"author":[{"embeddable":true,"href":"https:\/\/www.editorialgeu.com\/blog\/wp-json\/wp\/v2\/users\/7"}],"replies":[{"embeddable":true,"href":"https:\/\/www.editorialgeu.com\/blog\/wp-json\/wp\/v2\/comments?post=139"}],"version-history":[{"count":2,"href":"https:\/\/www.editorialgeu.com\/blog\/wp-json\/wp\/v2\/posts\/139\/revisions"}],"predecessor-version":[{"id":179,"href":"https:\/\/www.editorialgeu.com\/blog\/wp-json\/wp\/v2\/posts\/139\/revisions\/179"}],"wp:featuredmedia":[{"embeddable":true,"href":"https:\/\/www.editorialgeu.com\/blog\/wp-json\/wp\/v2\/media\/178"}],"wp:attachment":[{"href":"https:\/\/www.editorialgeu.com\/blog\/wp-json\/wp\/v2\/media?parent=139"}],"wp:term":[{"taxonomy":"category","embeddable":true,"href":"https:\/\/www.editorialgeu.com\/blog\/wp-json\/wp\/v2\/categories?post=139"},{"taxonomy":"post_tag","embeddable":true,"href":"https:\/\/www.editorialgeu.com\/blog\/wp-json\/wp\/v2\/tags?post=139"}],"curies":[{"name":"wp","href":"https:\/\/api.w.org\/{rel}","templated":true}]}}