{"id":1611,"date":"2021-04-05T11:23:37","date_gmt":"2021-04-05T09:23:37","guid":{"rendered":"https:\/\/www.editorialgeu.com\/blog\/?p=1611"},"modified":"2022-12-14T13:07:06","modified_gmt":"2022-12-14T12:07:06","slug":"como-evaluar-las-competencias-clave-lomce","status":"publish","type":"post","link":"https:\/\/www.editorialgeu.com\/blog\/como-evaluar-las-competencias-clave-lomce\/","title":{"rendered":"\u00bfC\u00f3mo evaluar las competencias clave?"},"content":{"rendered":"\n<p>La implantaci\u00f3n de la LOMCE ha tra\u00eddo consigo muchos cambios, entre los m\u00e1s significativos, las nuevas competencias clave que dejaron de ser ocho, para pasar a ser siete, y dejaron de llamarse competencias b\u00e1sicas para comenzar a llamarse<strong> <\/strong>competencias clave.\u00a0En el post de hoy, te hablamos sobre c\u00f3mo<strong> evaluar las competencias clave<\/strong>. <\/p>\n\n\n\n<!--more-->\n\n\n\n<p>Tambi\u00e9n ocurri\u00f3 un renombramiento de alguna de ellas, para ajustarse a la perfecci\u00f3n al marco de referencia europeo. En este post, vamos a explicarte cu\u00e1les son las siete <strong>competencias clave<\/strong> que debes conocer y c\u00f3mo evaluarlas.&nbsp;<\/p>\n\n\n\n<h2 class=\"wp-block-heading\"><strong>7 competencias clave lomce&nbsp;<\/strong><\/h2>\n\n\n\n<h3 class=\"wp-block-heading\"><strong>1- Competencia en comunicaci\u00f3n ling\u00fc\u00edstica<\/strong><\/h3>\n\n\n\n<p>Se trata de la habilidad de utilizar el lenguaje y la capacidad de expresi\u00f3n con otras personas, tanto de manera oral como escrita.&nbsp;<\/p>\n\n\n\n<h3 class=\"wp-block-heading\"><strong>2- Competencia en matem\u00e1ticas, ciencia y tecnolog\u00eda&nbsp;<\/strong><\/h3>\n\n\n\n<p>La primera hace referencia al razonamiento y comprensi\u00f3n matem\u00e1tica aplicada a la vida cotidiana; mientras que la competencia en ciencia se centra en utilizar los conocimientos cient\u00edficos para explicar la realidad que nos rodea.&nbsp;<\/p>\n\n\n\n<p>Por \u00faltimo, la competencia tecnol\u00f3gica, se trata de aplicar nuestros conocimientos para dar respuesta a los deseos y necesidades humanas.<\/p>\n\n\n\n<h3 class=\"wp-block-heading\"><strong>3- Competencia digital&nbsp;<\/strong><\/h3>\n\n\n\n<p>Implica el desarrollo de destrezas digitales, uso seguro de las TIC y habilidades para obtener, analizar y producir contenido digital seguro.<\/p>\n\n\n\n<h3 class=\"wp-block-heading\"><strong>4- Competencia para el aprendizaje&nbsp;<\/strong><\/h3>\n\n\n\n<p>Eso que com\u00fanmente conocemos como t\u00e9cnicas de estudio. Esta competencia implica el desarrollo de la capacidad para iniciar el aprendizaje y organizarse de forma individual o grupal, marcando unos objetivos a final de curso.&nbsp;<\/p>\n\n\n\n<h3 class=\"wp-block-heading\"><strong>5- Competencia social y c\u00edvica&nbsp;<\/strong><\/h3>\n\n\n\n<p>La capacidad que cada individuo tiene para vivir en sociedad, relacionarse y participar de forma activa de una forma social y c\u00edvica.&nbsp;<\/p>\n\n\n\n<h3 class=\"wp-block-heading\"><strong>6- Competencia para la innovaci\u00f3n y emprendimiento&nbsp;<\/strong><\/h3>\n\n\n\n<p>Implica adquirir las habilidades necesarias para convertir nuestras ideas en actos, asumir riesgos y planificar proyectos futuros. Se trata de fomentar la iniciativa propia, creatividad y emprendimiento.<\/p>\n\n\n\n<h3 class=\"wp-block-heading\"><strong>7- Competencia para la conciencia y expresi\u00f3n cultural&nbsp;<\/strong><\/h3>\n\n\n\n<p>La capacidad para apreciar la importancia de las artes, en todas sus formas, m\u00fasica, artes pl\u00e1sticas y artes esc\u00e9nicas.<\/p>\n\n\n\n<h2 class=\"wp-block-heading\"><strong>\u00bfC\u00f3mo evaluar las competencias clave?<\/strong><\/h2>\n\n\n\n<p>Una vez que conocemos cu\u00e1les son las <strong>competencias clave definidas por la lomce<\/strong>, vamos a darte algunos consejos generales para saber c\u00f3mo evaluarlas, tanto si son <a href=\"https:\/\/www.editorialgeu.com\/3-areas-de-trabajo?q=Curso-Infantil\"><strong>competencias clave en educaci\u00f3n infantil<\/strong>,<\/a> como si son <a href=\"https:\/\/www.editorialgeu.com\/3-areas-de-trabajo?q=Curso-Secundaria\"><strong>competencias clave en educaci\u00f3n secundaria<\/strong>.\u00a0<\/a><\/p>\n\n\n\n<h2 class=\"wp-block-heading\"><strong>Caracter\u00edsticas de la evaluaci\u00f3n por competencias clave&nbsp;<\/strong><\/h2>\n\n\n\n<p>En primer lugar, la evaluaci\u00f3n en ambos casos, debe ser continua y global. Es decir, se trata de un proceso que se alarga durante todo el curso, no en momentos puntuales, como por ejemplo en un examen o actividad concreta.&nbsp;<\/p>\n\n\n\n<p>Por otra parte, el t\u00e9rmino \u201cglobal\u201d, hace referencia a tener en cuenta todas las habilidades y destrezas desarrolladas, de principio a fin, en todas las asignaturas cursadas, no de forma individual.&nbsp;<\/p>\n\n\n\n<p>Por \u00faltimo, debe tratarse de una evaluaci\u00f3n integradora, donde todas las asignaturas vayan encaminadas hacia un logro de objetivos comunes y competencias propias.&nbsp;<\/p>\n\n\n\n<p>Por ejemplo, si se trata de una exposici\u00f3n oral, estaremos desarrollando la competencia ling\u00fc\u00edstica, pero tambi\u00e9n habr\u00e1 que tener en cuenta otro tipo de competencias como la conciencia y expresiones culturales, sentido de la iniciativa y esp\u00edritu emprendedor.&nbsp;<\/p>\n\n\n\n<p>Es muy importante y recomendable que cada asignatura trabaje las 7 competencias clave en la medida de lo posible, ya que esto prepara a los alumnos para la resoluci\u00f3n de problemas reales en su d\u00eda a d\u00eda. Aqu\u00ed te dejamos un<a href=\"https:\/\/www.editorialgeu.com\/material-para-trabajar-conceptos-basicos\/39992628-pack-conceptos-basicos-en-educacion-infantil-1-atencion-grafomotricidad-razonamiento-matematico-8436548133016.html\"> enlace directo<\/a><a href=\"https:\/\/www.editorialgeu.com\/es\/289-101-tareas-para-desarrollar-las-competencias\"> <\/a>al material para poder <strong>trabajar las competencias b\u00e1sicas desde 1\u00ba a 6\u00ba de Primaria<\/strong>.\u00a0<\/p>\n\n\n\n<p>Esperamos que esta informaci\u00f3n te haya sido de gran ayuda. Si tienes cualquier duda, d\u00e9janos un comentario, estaremos encantados de resolver todas tus dudas.&nbsp;<\/p>\n","protected":false},"excerpt":{"rendered":"<p>Las siete competencias clave que debes conocer y c\u00f3mo evaluarlas seg\u00fan la edad. <\/p>\n","protected":false},"author":12,"featured_media":1612,"comment_status":"open","ping_status":"open","sticky":false,"template":"","format":"standard","meta":{"footnotes":""},"categories":[5],"tags":[854,852,851,855,853],"class_list":["post-1611","post","type-post","status-publish","format-standard","has-post-thumbnail","hentry","category-actualidad","tag-competencia-clave-en-educacion-infantil","tag-competencias-basicas","tag-competencias-clave","tag-competencias-clave-en-educacion-primaria","tag-competencias-clave-lomce"],"yoast_head":"<!-- This site is optimized with the Yoast SEO plugin v27.4 - https:\/\/yoast.com\/product\/yoast-seo-wordpress\/ -->\n<title>\u00bfC\u00f3mo evaluar las competencias clave? - Blog Editorial GEU<\/title>\n<meta name=\"description\" content=\"Conoce las siete competencias clave lomce que debes conocer y c\u00f3mo evaluarlas seg\u00fan la edad y el curso de cada alumno o alumna.\" \/>\n<meta name=\"robots\" content=\"index, follow, max-snippet:-1, max-image-preview:large, max-video-preview:-1\" \/>\n<link rel=\"canonical\" href=\"https:\/\/www.editorialgeu.com\/blog\/como-evaluar-las-competencias-clave-lomce\/\" \/>\n<meta property=\"og:locale\" content=\"es_ES\" \/>\n<meta property=\"og:type\" content=\"article\" \/>\n<meta property=\"og:title\" content=\"\u00bfC\u00f3mo evaluar las competencias clave? - Blog Editorial GEU\" \/>\n<meta property=\"og:description\" content=\"Conoce las siete competencias clave lomce que debes conocer y c\u00f3mo evaluarlas seg\u00fan la edad y el curso de cada alumno o alumna.\" \/>\n<meta property=\"og:url\" content=\"https:\/\/www.editorialgeu.com\/blog\/como-evaluar-las-competencias-clave-lomce\/\" \/>\n<meta property=\"og:site_name\" content=\"Blog Editorial GEU\" \/>\n<meta property=\"article:published_time\" content=\"2021-04-05T09:23:37+00:00\" \/>\n<meta property=\"article:modified_time\" content=\"2022-12-14T12:07:06+00:00\" \/>\n<meta property=\"og:image\" content=\"https:\/\/www.editorialgeu.com\/blog\/wp-content\/uploads\/2021\/04\/competencias-clave.jpg\" \/>\n\t<meta property=\"og:image:width\" content=\"626\" \/>\n\t<meta property=\"og:image:height\" content=\"413\" \/>\n\t<meta property=\"og:image:type\" content=\"image\/jpeg\" \/>\n<meta name=\"author\" content=\"Jara Fern\u00e1ndez Garrido\" \/>\n<meta name=\"twitter:card\" content=\"summary_large_image\" \/>\n<meta name=\"twitter:label1\" content=\"Escrito por\" \/>\n\t<meta name=\"twitter:data1\" content=\"Jara Fern\u00e1ndez Garrido\" \/>\n\t<meta name=\"twitter:label2\" content=\"Tiempo de lectura\" \/>\n\t<meta name=\"twitter:data2\" content=\"3 minutos\" \/>\n<script type=\"application\/ld+json\" class=\"yoast-schema-graph\">{\"@context\":\"https:\\\/\\\/schema.org\",\"@graph\":[{\"@type\":\"Article\",\"@id\":\"https:\\\/\\\/www.editorialgeu.com\\\/blog\\\/como-evaluar-las-competencias-clave-lomce\\\/#article\",\"isPartOf\":{\"@id\":\"https:\\\/\\\/www.editorialgeu.com\\\/blog\\\/como-evaluar-las-competencias-clave-lomce\\\/\"},\"author\":{\"name\":\"Jara Fern\u00e1ndez Garrido\",\"@id\":\"https:\\\/\\\/www.editorialgeu.com\\\/blog\\\/#\\\/schema\\\/person\\\/6b6979c3c4b6b5c055617cbfbf4afd45\"},\"headline\":\"\u00bfC\u00f3mo evaluar las competencias clave?\",\"datePublished\":\"2021-04-05T09:23:37+00:00\",\"dateModified\":\"2022-12-14T12:07:06+00:00\",\"mainEntityOfPage\":{\"@id\":\"https:\\\/\\\/www.editorialgeu.com\\\/blog\\\/como-evaluar-las-competencias-clave-lomce\\\/\"},\"wordCount\":664,\"commentCount\":0,\"publisher\":{\"@id\":\"https:\\\/\\\/www.editorialgeu.com\\\/blog\\\/#organization\"},\"image\":{\"@id\":\"https:\\\/\\\/www.editorialgeu.com\\\/blog\\\/como-evaluar-las-competencias-clave-lomce\\\/#primaryimage\"},\"thumbnailUrl\":\"https:\\\/\\\/www.editorialgeu.com\\\/blog\\\/wp-content\\\/uploads\\\/2021\\\/04\\\/competencias-clave.jpg\",\"keywords\":[\"competencia clave en educaci\u00f3n infantil\",\"competencias b\u00e1sicas\",\"competencias clave\",\"competencias clave en educaci\u00f3n primaria\",\"competencias clave lomce\"],\"articleSection\":[\"Actualidad\"],\"inLanguage\":\"es\",\"potentialAction\":[{\"@type\":\"CommentAction\",\"name\":\"Comment\",\"target\":[\"https:\\\/\\\/www.editorialgeu.com\\\/blog\\\/como-evaluar-las-competencias-clave-lomce\\\/#respond\"]}]},{\"@type\":\"WebPage\",\"@id\":\"https:\\\/\\\/www.editorialgeu.com\\\/blog\\\/como-evaluar-las-competencias-clave-lomce\\\/\",\"url\":\"https:\\\/\\\/www.editorialgeu.com\\\/blog\\\/como-evaluar-las-competencias-clave-lomce\\\/\",\"name\":\"\u00bfC\u00f3mo evaluar las competencias clave? - Blog Editorial GEU\",\"isPartOf\":{\"@id\":\"https:\\\/\\\/www.editorialgeu.com\\\/blog\\\/#website\"},\"primaryImageOfPage\":{\"@id\":\"https:\\\/\\\/www.editorialgeu.com\\\/blog\\\/como-evaluar-las-competencias-clave-lomce\\\/#primaryimage\"},\"image\":{\"@id\":\"https:\\\/\\\/www.editorialgeu.com\\\/blog\\\/como-evaluar-las-competencias-clave-lomce\\\/#primaryimage\"},\"thumbnailUrl\":\"https:\\\/\\\/www.editorialgeu.com\\\/blog\\\/wp-content\\\/uploads\\\/2021\\\/04\\\/competencias-clave.jpg\",\"datePublished\":\"2021-04-05T09:23:37+00:00\",\"dateModified\":\"2022-12-14T12:07:06+00:00\",\"description\":\"Conoce las siete competencias clave lomce que debes conocer y c\u00f3mo evaluarlas seg\u00fan la edad y el curso de cada alumno o alumna.\",\"breadcrumb\":{\"@id\":\"https:\\\/\\\/www.editorialgeu.com\\\/blog\\\/como-evaluar-las-competencias-clave-lomce\\\/#breadcrumb\"},\"inLanguage\":\"es\",\"potentialAction\":[{\"@type\":\"ReadAction\",\"target\":[\"https:\\\/\\\/www.editorialgeu.com\\\/blog\\\/como-evaluar-las-competencias-clave-lomce\\\/\"]}]},{\"@type\":\"ImageObject\",\"inLanguage\":\"es\",\"@id\":\"https:\\\/\\\/www.editorialgeu.com\\\/blog\\\/como-evaluar-las-competencias-clave-lomce\\\/#primaryimage\",\"url\":\"https:\\\/\\\/www.editorialgeu.com\\\/blog\\\/wp-content\\\/uploads\\\/2021\\\/04\\\/competencias-clave.jpg\",\"contentUrl\":\"https:\\\/\\\/www.editorialgeu.com\\\/blog\\\/wp-content\\\/uploads\\\/2021\\\/04\\\/competencias-clave.jpg\",\"width\":626,\"height\":413,\"caption\":\"competencias clave lomce\"},{\"@type\":\"BreadcrumbList\",\"@id\":\"https:\\\/\\\/www.editorialgeu.com\\\/blog\\\/como-evaluar-las-competencias-clave-lomce\\\/#breadcrumb\",\"itemListElement\":[{\"@type\":\"ListItem\",\"position\":1,\"name\":\"Portada\",\"item\":\"https:\\\/\\\/www.editorialgeu.com\\\/blog\\\/\"},{\"@type\":\"ListItem\",\"position\":2,\"name\":\"\u00bfC\u00f3mo evaluar las competencias clave?\"}]},{\"@type\":\"WebSite\",\"@id\":\"https:\\\/\\\/www.editorialgeu.com\\\/blog\\\/#website\",\"url\":\"https:\\\/\\\/www.editorialgeu.com\\\/blog\\\/\",\"name\":\"Blog Editorial GEU\",\"description\":\"Actualidad, noticias y consejos por una Escuela Inclusiva\",\"publisher\":{\"@id\":\"https:\\\/\\\/www.editorialgeu.com\\\/blog\\\/#organization\"},\"potentialAction\":[{\"@type\":\"SearchAction\",\"target\":{\"@type\":\"EntryPoint\",\"urlTemplate\":\"https:\\\/\\\/www.editorialgeu.com\\\/blog\\\/?s={search_term_string}\"},\"query-input\":{\"@type\":\"PropertyValueSpecification\",\"valueRequired\":true,\"valueName\":\"search_term_string\"}}],\"inLanguage\":\"es\"},{\"@type\":\"Organization\",\"@id\":\"https:\\\/\\\/www.editorialgeu.com\\\/blog\\\/#organization\",\"name\":\"Blog Editorial GEU\",\"url\":\"https:\\\/\\\/www.editorialgeu.com\\\/blog\\\/\",\"logo\":{\"@type\":\"ImageObject\",\"inLanguage\":\"es\",\"@id\":\"https:\\\/\\\/www.editorialgeu.com\\\/blog\\\/#\\\/schema\\\/logo\\\/image\\\/\",\"url\":\"https:\\\/\\\/www.editorialgeu.com\\\/blog\\\/wp-content\\\/uploads\\\/2019\\\/11\\\/LogoGEU_Blog.png\",\"contentUrl\":\"https:\\\/\\\/www.editorialgeu.com\\\/blog\\\/wp-content\\\/uploads\\\/2019\\\/11\\\/LogoGEU_Blog.png\",\"width\":1181,\"height\":477,\"caption\":\"Blog Editorial GEU\"},\"image\":{\"@id\":\"https:\\\/\\\/www.editorialgeu.com\\\/blog\\\/#\\\/schema\\\/logo\\\/image\\\/\"}},{\"@type\":\"Person\",\"@id\":\"https:\\\/\\\/www.editorialgeu.com\\\/blog\\\/#\\\/schema\\\/person\\\/6b6979c3c4b6b5c055617cbfbf4afd45\",\"name\":\"Jara Fern\u00e1ndez Garrido\",\"image\":{\"@type\":\"ImageObject\",\"inLanguage\":\"es\",\"@id\":\"https:\\\/\\\/www.editorialgeu.com\\\/blog\\\/wp-content\\\/uploads\\\/2021\\\/05\\\/198901_134682266603142_1052041_n-150x150.jpg\",\"url\":\"https:\\\/\\\/www.editorialgeu.com\\\/blog\\\/wp-content\\\/uploads\\\/2021\\\/05\\\/198901_134682266603142_1052041_n-150x150.jpg\",\"contentUrl\":\"https:\\\/\\\/www.editorialgeu.com\\\/blog\\\/wp-content\\\/uploads\\\/2021\\\/05\\\/198901_134682266603142_1052041_n-150x150.jpg\",\"caption\":\"Jara Fern\u00e1ndez Garrido\"},\"sameAs\":[\"http:\\\/\\\/www.editorialgeu.com\"],\"url\":\"https:\\\/\\\/www.editorialgeu.com\\\/blog\\\/author\\\/jara-fernandez\\\/\"}]}<\/script>\n<!-- \/ Yoast SEO plugin. -->","yoast_head_json":{"title":"\u00bfC\u00f3mo evaluar las competencias clave? - Blog Editorial GEU","description":"Conoce las siete competencias clave lomce que debes conocer y c\u00f3mo evaluarlas seg\u00fan la edad y el curso de cada alumno o alumna.","robots":{"index":"index","follow":"follow","max-snippet":"max-snippet:-1","max-image-preview":"max-image-preview:large","max-video-preview":"max-video-preview:-1"},"canonical":"https:\/\/www.editorialgeu.com\/blog\/como-evaluar-las-competencias-clave-lomce\/","og_locale":"es_ES","og_type":"article","og_title":"\u00bfC\u00f3mo evaluar las competencias clave? - Blog Editorial GEU","og_description":"Conoce las siete competencias clave lomce que debes conocer y c\u00f3mo evaluarlas seg\u00fan la edad y el curso de cada alumno o alumna.","og_url":"https:\/\/www.editorialgeu.com\/blog\/como-evaluar-las-competencias-clave-lomce\/","og_site_name":"Blog Editorial GEU","article_published_time":"2021-04-05T09:23:37+00:00","article_modified_time":"2022-12-14T12:07:06+00:00","og_image":[{"width":626,"height":413,"url":"https:\/\/www.editorialgeu.com\/blog\/wp-content\/uploads\/2021\/04\/competencias-clave.jpg","type":"image\/jpeg"}],"author":"Jara Fern\u00e1ndez Garrido","twitter_card":"summary_large_image","twitter_misc":{"Escrito por":"Jara Fern\u00e1ndez Garrido","Tiempo de lectura":"3 minutos"},"schema":{"@context":"https:\/\/schema.org","@graph":[{"@type":"Article","@id":"https:\/\/www.editorialgeu.com\/blog\/como-evaluar-las-competencias-clave-lomce\/#article","isPartOf":{"@id":"https:\/\/www.editorialgeu.com\/blog\/como-evaluar-las-competencias-clave-lomce\/"},"author":{"name":"Jara Fern\u00e1ndez Garrido","@id":"https:\/\/www.editorialgeu.com\/blog\/#\/schema\/person\/6b6979c3c4b6b5c055617cbfbf4afd45"},"headline":"\u00bfC\u00f3mo evaluar las competencias clave?","datePublished":"2021-04-05T09:23:37+00:00","dateModified":"2022-12-14T12:07:06+00:00","mainEntityOfPage":{"@id":"https:\/\/www.editorialgeu.com\/blog\/como-evaluar-las-competencias-clave-lomce\/"},"wordCount":664,"commentCount":0,"publisher":{"@id":"https:\/\/www.editorialgeu.com\/blog\/#organization"},"image":{"@id":"https:\/\/www.editorialgeu.com\/blog\/como-evaluar-las-competencias-clave-lomce\/#primaryimage"},"thumbnailUrl":"https:\/\/www.editorialgeu.com\/blog\/wp-content\/uploads\/2021\/04\/competencias-clave.jpg","keywords":["competencia clave en educaci\u00f3n infantil","competencias b\u00e1sicas","competencias clave","competencias clave en educaci\u00f3n primaria","competencias clave lomce"],"articleSection":["Actualidad"],"inLanguage":"es","potentialAction":[{"@type":"CommentAction","name":"Comment","target":["https:\/\/www.editorialgeu.com\/blog\/como-evaluar-las-competencias-clave-lomce\/#respond"]}]},{"@type":"WebPage","@id":"https:\/\/www.editorialgeu.com\/blog\/como-evaluar-las-competencias-clave-lomce\/","url":"https:\/\/www.editorialgeu.com\/blog\/como-evaluar-las-competencias-clave-lomce\/","name":"\u00bfC\u00f3mo evaluar las competencias clave? - Blog Editorial GEU","isPartOf":{"@id":"https:\/\/www.editorialgeu.com\/blog\/#website"},"primaryImageOfPage":{"@id":"https:\/\/www.editorialgeu.com\/blog\/como-evaluar-las-competencias-clave-lomce\/#primaryimage"},"image":{"@id":"https:\/\/www.editorialgeu.com\/blog\/como-evaluar-las-competencias-clave-lomce\/#primaryimage"},"thumbnailUrl":"https:\/\/www.editorialgeu.com\/blog\/wp-content\/uploads\/2021\/04\/competencias-clave.jpg","datePublished":"2021-04-05T09:23:37+00:00","dateModified":"2022-12-14T12:07:06+00:00","description":"Conoce las siete competencias clave lomce que debes conocer y c\u00f3mo evaluarlas seg\u00fan la edad y el curso de cada alumno o alumna.","breadcrumb":{"@id":"https:\/\/www.editorialgeu.com\/blog\/como-evaluar-las-competencias-clave-lomce\/#breadcrumb"},"inLanguage":"es","potentialAction":[{"@type":"ReadAction","target":["https:\/\/www.editorialgeu.com\/blog\/como-evaluar-las-competencias-clave-lomce\/"]}]},{"@type":"ImageObject","inLanguage":"es","@id":"https:\/\/www.editorialgeu.com\/blog\/como-evaluar-las-competencias-clave-lomce\/#primaryimage","url":"https:\/\/www.editorialgeu.com\/blog\/wp-content\/uploads\/2021\/04\/competencias-clave.jpg","contentUrl":"https:\/\/www.editorialgeu.com\/blog\/wp-content\/uploads\/2021\/04\/competencias-clave.jpg","width":626,"height":413,"caption":"competencias clave lomce"},{"@type":"BreadcrumbList","@id":"https:\/\/www.editorialgeu.com\/blog\/como-evaluar-las-competencias-clave-lomce\/#breadcrumb","itemListElement":[{"@type":"ListItem","position":1,"name":"Portada","item":"https:\/\/www.editorialgeu.com\/blog\/"},{"@type":"ListItem","position":2,"name":"\u00bfC\u00f3mo evaluar las competencias clave?"}]},{"@type":"WebSite","@id":"https:\/\/www.editorialgeu.com\/blog\/#website","url":"https:\/\/www.editorialgeu.com\/blog\/","name":"Blog Editorial GEU","description":"Actualidad, noticias y consejos por una Escuela Inclusiva","publisher":{"@id":"https:\/\/www.editorialgeu.com\/blog\/#organization"},"potentialAction":[{"@type":"SearchAction","target":{"@type":"EntryPoint","urlTemplate":"https:\/\/www.editorialgeu.com\/blog\/?s={search_term_string}"},"query-input":{"@type":"PropertyValueSpecification","valueRequired":true,"valueName":"search_term_string"}}],"inLanguage":"es"},{"@type":"Organization","@id":"https:\/\/www.editorialgeu.com\/blog\/#organization","name":"Blog Editorial GEU","url":"https:\/\/www.editorialgeu.com\/blog\/","logo":{"@type":"ImageObject","inLanguage":"es","@id":"https:\/\/www.editorialgeu.com\/blog\/#\/schema\/logo\/image\/","url":"https:\/\/www.editorialgeu.com\/blog\/wp-content\/uploads\/2019\/11\/LogoGEU_Blog.png","contentUrl":"https:\/\/www.editorialgeu.com\/blog\/wp-content\/uploads\/2019\/11\/LogoGEU_Blog.png","width":1181,"height":477,"caption":"Blog Editorial GEU"},"image":{"@id":"https:\/\/www.editorialgeu.com\/blog\/#\/schema\/logo\/image\/"}},{"@type":"Person","@id":"https:\/\/www.editorialgeu.com\/blog\/#\/schema\/person\/6b6979c3c4b6b5c055617cbfbf4afd45","name":"Jara Fern\u00e1ndez Garrido","image":{"@type":"ImageObject","inLanguage":"es","@id":"https:\/\/www.editorialgeu.com\/blog\/wp-content\/uploads\/2021\/05\/198901_134682266603142_1052041_n-150x150.jpg","url":"https:\/\/www.editorialgeu.com\/blog\/wp-content\/uploads\/2021\/05\/198901_134682266603142_1052041_n-150x150.jpg","contentUrl":"https:\/\/www.editorialgeu.com\/blog\/wp-content\/uploads\/2021\/05\/198901_134682266603142_1052041_n-150x150.jpg","caption":"Jara Fern\u00e1ndez Garrido"},"sameAs":["http:\/\/www.editorialgeu.com"],"url":"https:\/\/www.editorialgeu.com\/blog\/author\/jara-fernandez\/"}]}},"_links":{"self":[{"href":"https:\/\/www.editorialgeu.com\/blog\/wp-json\/wp\/v2\/posts\/1611","targetHints":{"allow":["GET"]}}],"collection":[{"href":"https:\/\/www.editorialgeu.com\/blog\/wp-json\/wp\/v2\/posts"}],"about":[{"href":"https:\/\/www.editorialgeu.com\/blog\/wp-json\/wp\/v2\/types\/post"}],"author":[{"embeddable":true,"href":"https:\/\/www.editorialgeu.com\/blog\/wp-json\/wp\/v2\/users\/12"}],"replies":[{"embeddable":true,"href":"https:\/\/www.editorialgeu.com\/blog\/wp-json\/wp\/v2\/comments?post=1611"}],"version-history":[{"count":3,"href":"https:\/\/www.editorialgeu.com\/blog\/wp-json\/wp\/v2\/posts\/1611\/revisions"}],"predecessor-version":[{"id":2341,"href":"https:\/\/www.editorialgeu.com\/blog\/wp-json\/wp\/v2\/posts\/1611\/revisions\/2341"}],"wp:featuredmedia":[{"embeddable":true,"href":"https:\/\/www.editorialgeu.com\/blog\/wp-json\/wp\/v2\/media\/1612"}],"wp:attachment":[{"href":"https:\/\/www.editorialgeu.com\/blog\/wp-json\/wp\/v2\/media?parent=1611"}],"wp:term":[{"taxonomy":"category","embeddable":true,"href":"https:\/\/www.editorialgeu.com\/blog\/wp-json\/wp\/v2\/categories?post=1611"},{"taxonomy":"post_tag","embeddable":true,"href":"https:\/\/www.editorialgeu.com\/blog\/wp-json\/wp\/v2\/tags?post=1611"}],"curies":[{"name":"wp","href":"https:\/\/api.w.org\/{rel}","templated":true}]}}