{"id":1968,"date":"2021-08-30T09:58:34","date_gmt":"2021-08-30T07:58:34","guid":{"rendered":"https:\/\/www.editorialgeu.com\/blog\/?p=1968"},"modified":"2022-12-20T12:16:47","modified_gmt":"2022-12-20T11:16:47","slug":"fichas-de-estimulacion-cognitiva-por-areas","status":"publish","type":"post","link":"https:\/\/www.editorialgeu.com\/blog\/fichas-de-estimulacion-cognitiva-por-areas\/","title":{"rendered":"Fichas de estimulaci\u00f3n cognitiva por \u00e1reas"},"content":{"rendered":"\n<p>En el post de hoy, queremos darte algunas soluciones para que puedas trabajar la <strong>estimulaci\u00f3n cognitiva<\/strong> con tus hijos tanto en casa como en el colegio, con la ayuda de profesionales, en funci\u00f3n del \u00e1rea que necesites mejorar.<\/p>\n\n\n\n<!--more-->\n\n\n\n<p>Pero antes, de pasar a las <strong>fichas de estimulaci\u00f3n cognitiva<\/strong>, debes saber:<\/p>\n\n\n\n<h2 class=\"wp-block-heading\"><strong>\u00bfQu\u00e9 es la estimulaci\u00f3n cognitiva?<\/strong><\/h2>\n\n\n\n<p>Son aquellas t\u00e9cnicas y estrategias dirigidas a perfeccionar o mantener el funcionamiento cognitivo general de una persona.<\/p>\n\n\n\n<p>Por lo que, la <strong>estimulaci\u00f3n cognitiva para ni\u00f1os<\/strong>, es el conjunto de actividades y t\u00e9cnicas que ayudan a desarrollar las <strong>capacidades cognitivas<\/strong> en las primeras etapas de la vida.<\/p>\n\n\n\n<h2 class=\"wp-block-heading\"><strong>\u00bfY para qu\u00e9 sirve la estimulaci\u00f3n cognitiva?<\/strong><\/h2>\n\n\n\n<p>Estimular nuestra capacidad y funciones es algo muy importante para el correcto desarrollo de nuestro cerebro.<\/p>\n\n\n\n<p>Son muchas las ventajas que encontramos en la propia <strong>estimulaci\u00f3n cognitiva<\/strong>, pero estas son las que nos parecen m\u00e1s importantes:<\/p>\n\n\n\n<ul class=\"wp-block-list\"><li>Aumento del rendimiento y las capacidades cerebrales.<\/li><li>Rehabilitaci\u00f3n de procesos neurodegenerativos.<\/li><li>Freno del deterioro cognitivo.<\/li><li>Autonom\u00eda propia.<\/li><li>Recuperaci\u00f3n de funciones alteradas.<\/li><\/ul>\n\n\n\n<h2 class=\"wp-block-heading\"><strong>Fichas de estimulaci\u00f3n cognitiva<\/strong><\/h2>\n\n\n\n<p>Si hablamos de <strong>funciones cognitivas,<\/strong> debemos tener en cuenta que estas abarcan un amplio abanico de posibilidades. Por eso, nuestros materiales est\u00e1n dise\u00f1ados para <strong>estimular la mente<\/strong> de los ni\u00f1os.<\/p>\n\n\n\n<p>Ejercicios que pueden ser utilizados como entrenamiento para el cerebro de cada ni\u00f1o, fomentando su desarrollo, pero tambi\u00e9n para trabajar la neuroplasticidad con ni\u00f1os, y para aquellos que necesitan <strong>rehabilitar sus funciones cognitivas<\/strong>.<\/p>\n\n\n\n<p>Generalmente y por error, pensamos en la <strong>estimulaci\u00f3n cognitiva<\/strong> \u00fanicamente asociada a problemas de demencia, envejecimiento, enfermedad neurodegenerativa o p\u00e9rdida de autonom\u00eda.<\/p>\n\n\n\n<p>Pero no solo las personas mayores o problemas degenerativos necesitan esta <a href=\"https:\/\/www.editorialgeu.com\/13-estimulacion-cognitiva\">estimulaci\u00f3n cognitiva<\/a>, sino por supuesto tambi\u00e9n es muy necesaria en los ni\u00f1os desde temprana edad.<\/p>\n\n\n\n<p>La mayor\u00eda de pedagogos, psic\u00f3logos y profesionales del medio, utilizan este tipo de ejercicios con ni\u00f1os en terapia y rehabilitaci\u00f3n.<\/p>\n\n\n\n<p>A continuaci\u00f3n, te dejamos un listado con enlace directo a nuestros materiales por \u00e1rea, para que puedas acceder directamente desde este listado, al \u00e1rea que necesites reforzar en ni\u00f1os de Primaria:<\/p>\n\n\n\n<ul class=\"wp-block-list\"><li>Memoria <a href=\"https:\/\/www.editorialgeu.com\/estimulacion-cognitiva\/30230479-estimulacion-de-las-funciones-cognitivas-25-memoria-primer-ciclo-de-primaria.html\">1\u00ba Ciclo de Primaria <\/a>\/ <a href=\"https:\/\/www.editorialgeu.com\/estimulacion-cognitiva\/30230469-estimulacion-de-las-funciones-cognitivas-memoria-segundo-ciclo-de-primaria.html\">2\u00ba Ciclo de Primaria<\/a><\/li><li>Lenguaje <a href=\"https:\/\/www.editorialgeu.com\/estimulacion-cognitiva\/30230475-estimulacion-de-las-funciones-cognitivas-21-lenguaje.html\">1\u00ba Ciclo de Primaria<\/a> \/ <a href=\"https:\/\/www.editorialgeu.com\/estimulacion-cognitiva\/30230465-estimulacion-de-las-funciones-cognitivas-11-lenguaje.html\">2\u00ba Ciclo de Primaria<\/a><\/li><li>C\u00e1lculo <a href=\"https:\/\/www.editorialgeu.com\/estimulacion-cognitiva\/30230476-estimulacion-de-las-funciones-cognitivas-22-calculo.html\">1\u00ba Ciclo de Primaria<\/a> \/ <a href=\"https:\/\/www.editorialgeu.com\/estimulacion-cognitiva\/30230466-estimulacion-de-las-funciones-cognitivas-12-calculo.html\">2\u00ba Ciclo de Primaria<\/a><\/li><li>Gnosias <a href=\"https:\/\/www.editorialgeu.com\/estimulacion-cognitiva\/30230477-estimulacion-de-las-funciones-cognitivas-23-gnosias.html\">1\u00ba Ciclo de Primaria<\/a> \/ <a href=\"https:\/\/www.editorialgeu.com\/estimulacion-cognitiva\/30230467-estimulacion-de-las-funciones-cognitivas-13-gnosias.html\">2\u00ba Ciclo de Primaria<\/a><\/li><li>Atenci\u00f3n <a href=\"https:\/\/www.editorialgeu.com\/estimulacion-cognitiva\/30230478-estimulacion-de-las-funciones-cognitivas-24-atencion.html\">1\u00ba Ciclo de Primaria<\/a> \/ <a href=\"https:\/\/www.editorialgeu.com\/estimulacion-cognitiva\/30230468-estimulacion-de-las-funciones-cognitivas-14-atencion.html\">2\u00ba Ciclo de Primaria<\/a><\/li><\/ul>\n\n\n\n<ul class=\"wp-block-list\"><li>Esquema corporal <a href=\"https:\/\/www.editorialgeu.com\/estimulacion-cognitiva\/30230480-estimulacion-de-las-funciones-cognitivas-26-esquema-corporal.html\">1\u00ba Ciclo de Primaria <\/a>\/ <a href=\"https:\/\/www.editorialgeu.com\/estimulacion-cognitiva\/30230470-estimulacion-de-las-funciones-cognitivas-16-esquema-corporal.html\">2\u00ba Ciclo de Primaria<\/a><\/li><li>Percepci\u00f3n espacial y lateralidad <a href=\"https:\/\/www.editorialgeu.com\/estimulacion-cognitiva\/30230481-estimulacion-de-las-funciones-cognitivas-27-percepcion-espacial.html\">1\u00ba Ciclo de Primaria<\/a>\/ <a href=\"https:\/\/www.editorialgeu.com\/estimulacion-cognitiva\/30230471-estimulacion-de-las-funciones-cognitivas-17-percepcion-espacial.html\">2\u00ba Ciclo de Primaria\u00a0<\/a><\/li><li>Orientaci\u00f3n <a href=\"https:\/\/www.editorialgeu.com\/estimulacion-cognitiva\/30230482-estimulacion-de-las-funciones-cognitivas-28-orientacion.html\">1\u00ba Ciclo de Primaria<\/a>\/ <a href=\"https:\/\/www.editorialgeu.com\/estimulacion-cognitiva\/30230472-estimulacion-de-las-funciones-cognitivas-18-orientacion.html\">2\u00ba Ciclo de Primaria<\/a><\/li><li>Praxis <a href=\"https:\/\/www.editorialgeu.com\/estimulacion-cognitiva\/30230483-estimulacion-de-las-funciones-cognitivas-29-praxis.html\">1\u00ba Ciclo de Primaria <\/a>\/ <a href=\"https:\/\/www.editorialgeu.com\/estimulacion-cognitiva\/30230473-estimulacion-de-las-funciones-cognitivas-19-praxis.html\">2\u00ba Ciclo de Primaria<\/a><\/li><li>Funciones Ejecutivas <a href=\"https:\/\/www.editorialgeu.com\/estimulacion-cognitiva\/30230484-estimulacion-de-las-funciones-cognitivas-210-funciones-ejecutivas.html\">1\u00ba Ciclo de Primaria<\/a> \/<a href=\"https:\/\/www.editorialgeu.com\/estimulacion-cognitiva\/30230474-estimulacion-de-las-funciones-cognitivas-110-funciones-ejecutivas.html\"> 2\u00ba Ciclo de Primaria<\/a><\/li><\/ul>\n\n\n\n<h2 class=\"wp-block-heading\"><strong>Por \u00faltimo, \u00bfpor qu\u00e9 es importante estimular el rendimiento intelectual en ni\u00f1os?<\/strong><\/h2>\n\n\n\n<p>Gracias a las actividades de <a href=\"https:\/\/www.editorialgeu.com\/13-estimulacion-cognitiva\">estimulaci\u00f3n cognitiva <\/a>en ni\u00f1os, se pueden tratar trastornos del aprendizaje como el TDAH, ( Trastorno del D\u00e9ficit de Atenci\u00f3n e Hiperactividad), la disgraf\u00eda o la <a href=\"https:\/\/www.editorialgeu.com\/18-dislexia\">dislexia.<\/a><\/p>\n\n\n\n<p>Adem\u00e1s, en ni\u00f1os que no sufren ning\u00fan tipo de trastorno, son igual de v\u00e1lidos, ya que se puede tomar como herramienta para su desarrollo neurol\u00f3gico, entrenando las funciones cognitivas y aumentando su rendimiento.<\/p>\n\n\n\n<p>Esperamos que toda esta informaci\u00f3n, te haya sido de gran ayuda, si tienes cualquier duda escr\u00edbenos un comentario o ponte en contacto con nosotros.<\/p>\n","protected":false},"excerpt":{"rendered":"<p>Soluciones para trabajar la estimulaci\u00f3n cognitiva con ni\u00f1os tanto en casa como en el colegio, mediante fichas de estimulaci\u00f3n. <\/p>\n","protected":false},"author":12,"featured_media":1970,"comment_status":"open","ping_status":"open","sticky":false,"template":"","format":"standard","meta":{"footnotes":""},"categories":[23],"tags":[934,920,938,936,937,925,935,933],"class_list":["post-1968","post","type-post","status-publish","format-standard","has-post-thumbnail","hentry","category-pedagogia-terapeutica","tag-capacidades-cognitivas","tag-estimulacion-cognitiva","tag-estimulacion-de-la-atencion","tag-estimulacion-de-la-memoria","tag-estimulacion-del-calculo","tag-estimulacion-del-lenguaje","tag-estimular-la-mente-en-ninos","tag-fichas-de-estimulacion-cognitiva"],"yoast_head":"<!-- This site is optimized with the Yoast SEO plugin v27.4 - https:\/\/yoast.com\/product\/yoast-seo-wordpress\/ -->\n<title>Fichas de estimulaci\u00f3n cognitiva por \u00e1reas - Blog Editorial GEU<\/title>\n<meta name=\"description\" content=\"Soluciones para trabajar la estimulaci\u00f3n cognitiva con ni\u00f1os tanto en casa como en el colegio, mediante fichas de estimulaci\u00f3n.\" \/>\n<meta name=\"robots\" content=\"index, follow, max-snippet:-1, max-image-preview:large, max-video-preview:-1\" \/>\n<link rel=\"canonical\" href=\"https:\/\/www.editorialgeu.com\/blog\/fichas-de-estimulacion-cognitiva-por-areas\/\" \/>\n<meta property=\"og:locale\" content=\"es_ES\" \/>\n<meta property=\"og:type\" content=\"article\" \/>\n<meta property=\"og:title\" content=\"Fichas de estimulaci\u00f3n cognitiva por \u00e1reas - Blog Editorial GEU\" \/>\n<meta property=\"og:description\" content=\"Soluciones para trabajar la estimulaci\u00f3n cognitiva con ni\u00f1os tanto en casa como en el colegio, mediante fichas de estimulaci\u00f3n.\" \/>\n<meta property=\"og:url\" content=\"https:\/\/www.editorialgeu.com\/blog\/fichas-de-estimulacion-cognitiva-por-areas\/\" \/>\n<meta property=\"og:site_name\" content=\"Blog Editorial GEU\" \/>\n<meta property=\"article:published_time\" content=\"2021-08-30T07:58:34+00:00\" \/>\n<meta property=\"article:modified_time\" content=\"2022-12-20T11:16:47+00:00\" \/>\n<meta property=\"og:image\" content=\"https:\/\/www.editorialgeu.com\/blog\/wp-content\/uploads\/2021\/08\/three-focused-children-are-playing-on-the-floor-and-drawing-in-coloring-books-scaled.jpg\" \/>\n\t<meta property=\"og:image:width\" content=\"2560\" \/>\n\t<meta property=\"og:image:height\" content=\"1707\" \/>\n\t<meta property=\"og:image:type\" content=\"image\/jpeg\" \/>\n<meta name=\"author\" content=\"Jara Fern\u00e1ndez Garrido\" \/>\n<meta name=\"twitter:card\" content=\"summary_large_image\" \/>\n<meta name=\"twitter:label1\" content=\"Escrito por\" \/>\n\t<meta name=\"twitter:data1\" content=\"Jara Fern\u00e1ndez Garrido\" \/>\n\t<meta name=\"twitter:label2\" content=\"Tiempo de lectura\" \/>\n\t<meta name=\"twitter:data2\" content=\"3 minutos\" \/>\n<script type=\"application\/ld+json\" class=\"yoast-schema-graph\">{\"@context\":\"https:\\\/\\\/schema.org\",\"@graph\":[{\"@type\":\"Article\",\"@id\":\"https:\\\/\\\/www.editorialgeu.com\\\/blog\\\/fichas-de-estimulacion-cognitiva-por-areas\\\/#article\",\"isPartOf\":{\"@id\":\"https:\\\/\\\/www.editorialgeu.com\\\/blog\\\/fichas-de-estimulacion-cognitiva-por-areas\\\/\"},\"author\":{\"name\":\"Jara Fern\u00e1ndez Garrido\",\"@id\":\"https:\\\/\\\/www.editorialgeu.com\\\/blog\\\/#\\\/schema\\\/person\\\/6b6979c3c4b6b5c055617cbfbf4afd45\"},\"headline\":\"Fichas de estimulaci\u00f3n cognitiva por \u00e1reas\",\"datePublished\":\"2021-08-30T07:58:34+00:00\",\"dateModified\":\"2022-12-20T11:16:47+00:00\",\"mainEntityOfPage\":{\"@id\":\"https:\\\/\\\/www.editorialgeu.com\\\/blog\\\/fichas-de-estimulacion-cognitiva-por-areas\\\/\"},\"wordCount\":562,\"commentCount\":0,\"publisher\":{\"@id\":\"https:\\\/\\\/www.editorialgeu.com\\\/blog\\\/#organization\"},\"image\":{\"@id\":\"https:\\\/\\\/www.editorialgeu.com\\\/blog\\\/fichas-de-estimulacion-cognitiva-por-areas\\\/#primaryimage\"},\"thumbnailUrl\":\"https:\\\/\\\/www.editorialgeu.com\\\/blog\\\/wp-content\\\/uploads\\\/2021\\\/08\\\/three-focused-children-are-playing-on-the-floor-and-drawing-in-coloring-books-scaled.jpg\",\"keywords\":[\"capacidades cognitivas\",\"estimulaci\u00f3n cognitiva\",\"estimulaci\u00f3n de la atenci\u00f3n\",\"estimulaci\u00f3n de la memoria\",\"estimulaci\u00f3n del c\u00e1lculo\",\"estimulaci\u00f3n del lenguaje\",\"estimular la mente en ni\u00f1os\",\"fichas de estimulaci\u00f3n cognitiva\"],\"articleSection\":[\"Pedagog\u00eda terap\u00e9utica\"],\"inLanguage\":\"es\",\"potentialAction\":[{\"@type\":\"CommentAction\",\"name\":\"Comment\",\"target\":[\"https:\\\/\\\/www.editorialgeu.com\\\/blog\\\/fichas-de-estimulacion-cognitiva-por-areas\\\/#respond\"]}]},{\"@type\":\"WebPage\",\"@id\":\"https:\\\/\\\/www.editorialgeu.com\\\/blog\\\/fichas-de-estimulacion-cognitiva-por-areas\\\/\",\"url\":\"https:\\\/\\\/www.editorialgeu.com\\\/blog\\\/fichas-de-estimulacion-cognitiva-por-areas\\\/\",\"name\":\"Fichas de estimulaci\u00f3n cognitiva por \u00e1reas - Blog Editorial GEU\",\"isPartOf\":{\"@id\":\"https:\\\/\\\/www.editorialgeu.com\\\/blog\\\/#website\"},\"primaryImageOfPage\":{\"@id\":\"https:\\\/\\\/www.editorialgeu.com\\\/blog\\\/fichas-de-estimulacion-cognitiva-por-areas\\\/#primaryimage\"},\"image\":{\"@id\":\"https:\\\/\\\/www.editorialgeu.com\\\/blog\\\/fichas-de-estimulacion-cognitiva-por-areas\\\/#primaryimage\"},\"thumbnailUrl\":\"https:\\\/\\\/www.editorialgeu.com\\\/blog\\\/wp-content\\\/uploads\\\/2021\\\/08\\\/three-focused-children-are-playing-on-the-floor-and-drawing-in-coloring-books-scaled.jpg\",\"datePublished\":\"2021-08-30T07:58:34+00:00\",\"dateModified\":\"2022-12-20T11:16:47+00:00\",\"description\":\"Soluciones para trabajar la estimulaci\u00f3n cognitiva con ni\u00f1os tanto en casa como en el colegio, mediante fichas de estimulaci\u00f3n.\",\"breadcrumb\":{\"@id\":\"https:\\\/\\\/www.editorialgeu.com\\\/blog\\\/fichas-de-estimulacion-cognitiva-por-areas\\\/#breadcrumb\"},\"inLanguage\":\"es\",\"potentialAction\":[{\"@type\":\"ReadAction\",\"target\":[\"https:\\\/\\\/www.editorialgeu.com\\\/blog\\\/fichas-de-estimulacion-cognitiva-por-areas\\\/\"]}]},{\"@type\":\"ImageObject\",\"inLanguage\":\"es\",\"@id\":\"https:\\\/\\\/www.editorialgeu.com\\\/blog\\\/fichas-de-estimulacion-cognitiva-por-areas\\\/#primaryimage\",\"url\":\"https:\\\/\\\/www.editorialgeu.com\\\/blog\\\/wp-content\\\/uploads\\\/2021\\\/08\\\/three-focused-children-are-playing-on-the-floor-and-drawing-in-coloring-books-scaled.jpg\",\"contentUrl\":\"https:\\\/\\\/www.editorialgeu.com\\\/blog\\\/wp-content\\\/uploads\\\/2021\\\/08\\\/three-focused-children-are-playing-on-the-floor-and-drawing-in-coloring-books-scaled.jpg\",\"width\":2560,\"height\":1707,\"caption\":\"estimulaci\u00f3n cognitiva\"},{\"@type\":\"BreadcrumbList\",\"@id\":\"https:\\\/\\\/www.editorialgeu.com\\\/blog\\\/fichas-de-estimulacion-cognitiva-por-areas\\\/#breadcrumb\",\"itemListElement\":[{\"@type\":\"ListItem\",\"position\":1,\"name\":\"Portada\",\"item\":\"https:\\\/\\\/www.editorialgeu.com\\\/blog\\\/\"},{\"@type\":\"ListItem\",\"position\":2,\"name\":\"Fichas de estimulaci\u00f3n cognitiva por \u00e1reas\"}]},{\"@type\":\"WebSite\",\"@id\":\"https:\\\/\\\/www.editorialgeu.com\\\/blog\\\/#website\",\"url\":\"https:\\\/\\\/www.editorialgeu.com\\\/blog\\\/\",\"name\":\"Blog Editorial GEU\",\"description\":\"Actualidad, noticias y consejos por una Escuela Inclusiva\",\"publisher\":{\"@id\":\"https:\\\/\\\/www.editorialgeu.com\\\/blog\\\/#organization\"},\"potentialAction\":[{\"@type\":\"SearchAction\",\"target\":{\"@type\":\"EntryPoint\",\"urlTemplate\":\"https:\\\/\\\/www.editorialgeu.com\\\/blog\\\/?s={search_term_string}\"},\"query-input\":{\"@type\":\"PropertyValueSpecification\",\"valueRequired\":true,\"valueName\":\"search_term_string\"}}],\"inLanguage\":\"es\"},{\"@type\":\"Organization\",\"@id\":\"https:\\\/\\\/www.editorialgeu.com\\\/blog\\\/#organization\",\"name\":\"Blog Editorial GEU\",\"url\":\"https:\\\/\\\/www.editorialgeu.com\\\/blog\\\/\",\"logo\":{\"@type\":\"ImageObject\",\"inLanguage\":\"es\",\"@id\":\"https:\\\/\\\/www.editorialgeu.com\\\/blog\\\/#\\\/schema\\\/logo\\\/image\\\/\",\"url\":\"https:\\\/\\\/www.editorialgeu.com\\\/blog\\\/wp-content\\\/uploads\\\/2019\\\/11\\\/LogoGEU_Blog.png\",\"contentUrl\":\"https:\\\/\\\/www.editorialgeu.com\\\/blog\\\/wp-content\\\/uploads\\\/2019\\\/11\\\/LogoGEU_Blog.png\",\"width\":1181,\"height\":477,\"caption\":\"Blog Editorial GEU\"},\"image\":{\"@id\":\"https:\\\/\\\/www.editorialgeu.com\\\/blog\\\/#\\\/schema\\\/logo\\\/image\\\/\"}},{\"@type\":\"Person\",\"@id\":\"https:\\\/\\\/www.editorialgeu.com\\\/blog\\\/#\\\/schema\\\/person\\\/6b6979c3c4b6b5c055617cbfbf4afd45\",\"name\":\"Jara Fern\u00e1ndez Garrido\",\"image\":{\"@type\":\"ImageObject\",\"inLanguage\":\"es\",\"@id\":\"https:\\\/\\\/www.editorialgeu.com\\\/blog\\\/wp-content\\\/uploads\\\/2021\\\/05\\\/198901_134682266603142_1052041_n-150x150.jpg\",\"url\":\"https:\\\/\\\/www.editorialgeu.com\\\/blog\\\/wp-content\\\/uploads\\\/2021\\\/05\\\/198901_134682266603142_1052041_n-150x150.jpg\",\"contentUrl\":\"https:\\\/\\\/www.editorialgeu.com\\\/blog\\\/wp-content\\\/uploads\\\/2021\\\/05\\\/198901_134682266603142_1052041_n-150x150.jpg\",\"caption\":\"Jara Fern\u00e1ndez Garrido\"},\"sameAs\":[\"http:\\\/\\\/www.editorialgeu.com\"],\"url\":\"https:\\\/\\\/www.editorialgeu.com\\\/blog\\\/author\\\/jara-fernandez\\\/\"}]}<\/script>\n<!-- \/ Yoast SEO plugin. -->","yoast_head_json":{"title":"Fichas de estimulaci\u00f3n cognitiva por \u00e1reas - Blog Editorial GEU","description":"Soluciones para trabajar la estimulaci\u00f3n cognitiva con ni\u00f1os tanto en casa como en el colegio, mediante fichas de estimulaci\u00f3n.","robots":{"index":"index","follow":"follow","max-snippet":"max-snippet:-1","max-image-preview":"max-image-preview:large","max-video-preview":"max-video-preview:-1"},"canonical":"https:\/\/www.editorialgeu.com\/blog\/fichas-de-estimulacion-cognitiva-por-areas\/","og_locale":"es_ES","og_type":"article","og_title":"Fichas de estimulaci\u00f3n cognitiva por \u00e1reas - Blog Editorial GEU","og_description":"Soluciones para trabajar la estimulaci\u00f3n cognitiva con ni\u00f1os tanto en casa como en el colegio, mediante fichas de estimulaci\u00f3n.","og_url":"https:\/\/www.editorialgeu.com\/blog\/fichas-de-estimulacion-cognitiva-por-areas\/","og_site_name":"Blog Editorial GEU","article_published_time":"2021-08-30T07:58:34+00:00","article_modified_time":"2022-12-20T11:16:47+00:00","og_image":[{"width":2560,"height":1707,"url":"https:\/\/www.editorialgeu.com\/blog\/wp-content\/uploads\/2021\/08\/three-focused-children-are-playing-on-the-floor-and-drawing-in-coloring-books-scaled.jpg","type":"image\/jpeg"}],"author":"Jara Fern\u00e1ndez Garrido","twitter_card":"summary_large_image","twitter_misc":{"Escrito por":"Jara Fern\u00e1ndez Garrido","Tiempo de lectura":"3 minutos"},"schema":{"@context":"https:\/\/schema.org","@graph":[{"@type":"Article","@id":"https:\/\/www.editorialgeu.com\/blog\/fichas-de-estimulacion-cognitiva-por-areas\/#article","isPartOf":{"@id":"https:\/\/www.editorialgeu.com\/blog\/fichas-de-estimulacion-cognitiva-por-areas\/"},"author":{"name":"Jara Fern\u00e1ndez Garrido","@id":"https:\/\/www.editorialgeu.com\/blog\/#\/schema\/person\/6b6979c3c4b6b5c055617cbfbf4afd45"},"headline":"Fichas de estimulaci\u00f3n cognitiva por \u00e1reas","datePublished":"2021-08-30T07:58:34+00:00","dateModified":"2022-12-20T11:16:47+00:00","mainEntityOfPage":{"@id":"https:\/\/www.editorialgeu.com\/blog\/fichas-de-estimulacion-cognitiva-por-areas\/"},"wordCount":562,"commentCount":0,"publisher":{"@id":"https:\/\/www.editorialgeu.com\/blog\/#organization"},"image":{"@id":"https:\/\/www.editorialgeu.com\/blog\/fichas-de-estimulacion-cognitiva-por-areas\/#primaryimage"},"thumbnailUrl":"https:\/\/www.editorialgeu.com\/blog\/wp-content\/uploads\/2021\/08\/three-focused-children-are-playing-on-the-floor-and-drawing-in-coloring-books-scaled.jpg","keywords":["capacidades cognitivas","estimulaci\u00f3n cognitiva","estimulaci\u00f3n de la atenci\u00f3n","estimulaci\u00f3n de la memoria","estimulaci\u00f3n del c\u00e1lculo","estimulaci\u00f3n del lenguaje","estimular la mente en ni\u00f1os","fichas de estimulaci\u00f3n cognitiva"],"articleSection":["Pedagog\u00eda terap\u00e9utica"],"inLanguage":"es","potentialAction":[{"@type":"CommentAction","name":"Comment","target":["https:\/\/www.editorialgeu.com\/blog\/fichas-de-estimulacion-cognitiva-por-areas\/#respond"]}]},{"@type":"WebPage","@id":"https:\/\/www.editorialgeu.com\/blog\/fichas-de-estimulacion-cognitiva-por-areas\/","url":"https:\/\/www.editorialgeu.com\/blog\/fichas-de-estimulacion-cognitiva-por-areas\/","name":"Fichas de estimulaci\u00f3n cognitiva por \u00e1reas - Blog Editorial GEU","isPartOf":{"@id":"https:\/\/www.editorialgeu.com\/blog\/#website"},"primaryImageOfPage":{"@id":"https:\/\/www.editorialgeu.com\/blog\/fichas-de-estimulacion-cognitiva-por-areas\/#primaryimage"},"image":{"@id":"https:\/\/www.editorialgeu.com\/blog\/fichas-de-estimulacion-cognitiva-por-areas\/#primaryimage"},"thumbnailUrl":"https:\/\/www.editorialgeu.com\/blog\/wp-content\/uploads\/2021\/08\/three-focused-children-are-playing-on-the-floor-and-drawing-in-coloring-books-scaled.jpg","datePublished":"2021-08-30T07:58:34+00:00","dateModified":"2022-12-20T11:16:47+00:00","description":"Soluciones para trabajar la estimulaci\u00f3n cognitiva con ni\u00f1os tanto en casa como en el colegio, mediante fichas de estimulaci\u00f3n.","breadcrumb":{"@id":"https:\/\/www.editorialgeu.com\/blog\/fichas-de-estimulacion-cognitiva-por-areas\/#breadcrumb"},"inLanguage":"es","potentialAction":[{"@type":"ReadAction","target":["https:\/\/www.editorialgeu.com\/blog\/fichas-de-estimulacion-cognitiva-por-areas\/"]}]},{"@type":"ImageObject","inLanguage":"es","@id":"https:\/\/www.editorialgeu.com\/blog\/fichas-de-estimulacion-cognitiva-por-areas\/#primaryimage","url":"https:\/\/www.editorialgeu.com\/blog\/wp-content\/uploads\/2021\/08\/three-focused-children-are-playing-on-the-floor-and-drawing-in-coloring-books-scaled.jpg","contentUrl":"https:\/\/www.editorialgeu.com\/blog\/wp-content\/uploads\/2021\/08\/three-focused-children-are-playing-on-the-floor-and-drawing-in-coloring-books-scaled.jpg","width":2560,"height":1707,"caption":"estimulaci\u00f3n cognitiva"},{"@type":"BreadcrumbList","@id":"https:\/\/www.editorialgeu.com\/blog\/fichas-de-estimulacion-cognitiva-por-areas\/#breadcrumb","itemListElement":[{"@type":"ListItem","position":1,"name":"Portada","item":"https:\/\/www.editorialgeu.com\/blog\/"},{"@type":"ListItem","position":2,"name":"Fichas de estimulaci\u00f3n cognitiva por \u00e1reas"}]},{"@type":"WebSite","@id":"https:\/\/www.editorialgeu.com\/blog\/#website","url":"https:\/\/www.editorialgeu.com\/blog\/","name":"Blog Editorial GEU","description":"Actualidad, noticias y consejos por una Escuela Inclusiva","publisher":{"@id":"https:\/\/www.editorialgeu.com\/blog\/#organization"},"potentialAction":[{"@type":"SearchAction","target":{"@type":"EntryPoint","urlTemplate":"https:\/\/www.editorialgeu.com\/blog\/?s={search_term_string}"},"query-input":{"@type":"PropertyValueSpecification","valueRequired":true,"valueName":"search_term_string"}}],"inLanguage":"es"},{"@type":"Organization","@id":"https:\/\/www.editorialgeu.com\/blog\/#organization","name":"Blog Editorial GEU","url":"https:\/\/www.editorialgeu.com\/blog\/","logo":{"@type":"ImageObject","inLanguage":"es","@id":"https:\/\/www.editorialgeu.com\/blog\/#\/schema\/logo\/image\/","url":"https:\/\/www.editorialgeu.com\/blog\/wp-content\/uploads\/2019\/11\/LogoGEU_Blog.png","contentUrl":"https:\/\/www.editorialgeu.com\/blog\/wp-content\/uploads\/2019\/11\/LogoGEU_Blog.png","width":1181,"height":477,"caption":"Blog Editorial GEU"},"image":{"@id":"https:\/\/www.editorialgeu.com\/blog\/#\/schema\/logo\/image\/"}},{"@type":"Person","@id":"https:\/\/www.editorialgeu.com\/blog\/#\/schema\/person\/6b6979c3c4b6b5c055617cbfbf4afd45","name":"Jara Fern\u00e1ndez Garrido","image":{"@type":"ImageObject","inLanguage":"es","@id":"https:\/\/www.editorialgeu.com\/blog\/wp-content\/uploads\/2021\/05\/198901_134682266603142_1052041_n-150x150.jpg","url":"https:\/\/www.editorialgeu.com\/blog\/wp-content\/uploads\/2021\/05\/198901_134682266603142_1052041_n-150x150.jpg","contentUrl":"https:\/\/www.editorialgeu.com\/blog\/wp-content\/uploads\/2021\/05\/198901_134682266603142_1052041_n-150x150.jpg","caption":"Jara Fern\u00e1ndez Garrido"},"sameAs":["http:\/\/www.editorialgeu.com"],"url":"https:\/\/www.editorialgeu.com\/blog\/author\/jara-fernandez\/"}]}},"_links":{"self":[{"href":"https:\/\/www.editorialgeu.com\/blog\/wp-json\/wp\/v2\/posts\/1968","targetHints":{"allow":["GET"]}}],"collection":[{"href":"https:\/\/www.editorialgeu.com\/blog\/wp-json\/wp\/v2\/posts"}],"about":[{"href":"https:\/\/www.editorialgeu.com\/blog\/wp-json\/wp\/v2\/types\/post"}],"author":[{"embeddable":true,"href":"https:\/\/www.editorialgeu.com\/blog\/wp-json\/wp\/v2\/users\/12"}],"replies":[{"embeddable":true,"href":"https:\/\/www.editorialgeu.com\/blog\/wp-json\/wp\/v2\/comments?post=1968"}],"version-history":[{"count":6,"href":"https:\/\/www.editorialgeu.com\/blog\/wp-json\/wp\/v2\/posts\/1968\/revisions"}],"predecessor-version":[{"id":2372,"href":"https:\/\/www.editorialgeu.com\/blog\/wp-json\/wp\/v2\/posts\/1968\/revisions\/2372"}],"wp:featuredmedia":[{"embeddable":true,"href":"https:\/\/www.editorialgeu.com\/blog\/wp-json\/wp\/v2\/media\/1970"}],"wp:attachment":[{"href":"https:\/\/www.editorialgeu.com\/blog\/wp-json\/wp\/v2\/media?parent=1968"}],"wp:term":[{"taxonomy":"category","embeddable":true,"href":"https:\/\/www.editorialgeu.com\/blog\/wp-json\/wp\/v2\/categories?post=1968"},{"taxonomy":"post_tag","embeddable":true,"href":"https:\/\/www.editorialgeu.com\/blog\/wp-json\/wp\/v2\/tags?post=1968"}],"curies":[{"name":"wp","href":"https:\/\/api.w.org\/{rel}","templated":true}]}}