{"id":2094,"date":"2022-08-11T09:50:56","date_gmt":"2022-08-11T07:50:56","guid":{"rendered":"https:\/\/www.editorialgeu.com\/blog\/?p=2094"},"modified":"2023-01-18T11:38:57","modified_gmt":"2023-01-18T10:38:57","slug":"reconocer-los-miedos-y-fobias-en-los-mas-pequenos","status":"publish","type":"post","link":"https:\/\/www.editorialgeu.com\/blog\/reconocer-los-miedos-y-fobias-en-los-mas-pequenos\/","title":{"rendered":"Reconocer los miedos y fobias en los m\u00e1s peque\u00f1os"},"content":{"rendered":"\n<p>En el post de hoy, te hablamos de algo que nos parece bastante complicado, como <strong>reconocer los miedos y fobias den los m\u00e1s peque\u00f1os<\/strong> de la casa. <\/p>\n\n\n\n<p>El miedo es una emoci\u00f3n normal que puede ayudar y ense\u00f1ar a los ni\u00f1os a ser m\u00e1s cautos. Lo nuevo asusta e intimida hasta a los adultos nos pasa. Por eso, es normal que durante la infancia generemos este tipo de respuesta hacia est\u00edmulos que no conocemos. El papel de los padres en este caso es el de ayudar a los m\u00e1s peque\u00f1os a superarlos y a sentirse seguros en su entorno.<\/p>\n\n\n\n<h2 class=\"wp-block-heading\">\u00bfA qu\u00e9 le suelen tener miedo los ni\u00f1os?<\/h2>\n\n\n\n<p>Es muy com\u00fan para los beb\u00e9s de 8 meses de edad en adelante sentir ansiedad al encontrarse con caras nuevas, ya que es a esta edad cuando empiezan a reconocer los rostros de las personas; por eso, las caras nuevas les pueden generar miedo.&nbsp;<\/p>\n\n\n\n<p>Hasta los 3 a\u00f1os de edad, muchos beb\u00e9s y ni\u00f1os sienten ansiedad cuando tienen que separarse de alguno de sus padres. Entre los 4 y los 6 a\u00f1os, se desarrollan m\u00e1s miedos a cosas \u201cirreales\u201d como monstruos que se imaginan, pudiendo provocar pesadillas nocturnas. <\/p>\n\n\n\n<p>A partir de los 7 a\u00f1os de edad, el tipo de miedo m\u00e1s com\u00fan es el miedo a peligros de la vida real, como que los vaya a raptar un \u201chombre malo\u201d o que se puedan encontrar en alg\u00fan tipo de cat\u00e1strofe natural, mientras que en la preadolescencia y en la adolescencia se desarrollan miedos sociales como su aspecto, su posici\u00f3n en la sociedad o cambios de escuela\/instituto. <\/p>\n\n\n\n<h2 class=\"wp-block-heading\">\u00bfMiedo o fobia?<\/h2>\n\n\n\n<p>Como ya hemos mencionado, los miedos son algo muy com\u00fan que forma parte del desarrollo ps\u00edquico en los m\u00e1s peque\u00f1os. Con un poco de ayuda de sus padres, los ni\u00f1os van superando estos miedos de forma natural a medida que va pasando el tiempo. <\/p>\n\n\n\n<p>En muchas ocasiones, las fobias y ansiedades son miedos irracionales y desproporcionados de gran intensidad que pueden repercutir negativamente a nivel personal y familiar. <\/p>\n\n\n\n<p>No hay que confundirlas con miedos comunes como pueden ser los miedos m\u00e9dicos que los ni\u00f1os relacionan con dolor f\u00edsico, procedimientos m\u00e9dicos desconocidos, inyecciones y un largo etc\u00e9tera. Normalmente, estos miedos y temores infantiles desaparecen por s\u00ed solos sin tratamiento profesional a medida que los ni\u00f1os maduran. Sin embargo, si se desarrolla una fobia necesitar\u00e1 un tratamiento espec\u00edfico ya que no desaparecer\u00e1 por s\u00ed sola.<\/p>\n\n\n\n<h3 class=\"wp-block-heading\">Consejos para lidiar con miedos y fobias en la infancia<\/h3>\n\n\n\n<ul class=\"wp-block-list\"><li><strong>Adoptar una actitud comprensiva<\/strong> como adultos, sin llegar a tolerar de manera excesiva caprichos u ofrecer ventajas desmesuradas s\u00f3lo para hacer que el ni\u00f1o se sienta mejor. Es importante seguir manteniendo una rutina estructurada para no perpetuar el miedo como herramienta para conseguir lo que se quiere.<\/li><li><strong>No usar los miedos de los ni\u00f1os como coacci\u00f3n<\/strong> para controlar su comportamiento. Frases como \u201c<em>si no te portas bien, llamo al coco y te lleva<\/em>\u201d pueden dar resultado en el momento, pero pierden efectividad r\u00e1pidamente y pueden provocar problemas mayores a largo plazo. En su lugar, recomendamos el <strong>refuerzo positivo<\/strong>, que har\u00e1 que el ni\u00f1o comprenda que portarse bien tiene m\u00e1s ventajas que portarse mal.<\/li><li>Relacionado con el consejo anterior, es conveniente entrenar al ni\u00f1o en la valent\u00eda, sobre todo en situaciones que le provoquen miedo. Los<strong> elogios y \u00e1nimos verbales<\/strong>, chocar los cinco y otros tipos de apoyo resaltar\u00e1n estos comportamientos valerosos y convertir\u00e1n la experiencia en algo positivo.<\/li><li>Modelar el tipo de comportamiento que queremos que tenga nuestro ni\u00f1o. Como adultos, tambi\u00e9n tenemos miedos y temores. Como ya sabemos, los ni\u00f1os son un espejo de su entorno, por lo que deberemos <strong>darles un buen ejemplo <\/strong>y mantener la compostura adecuadamente.<\/li><li><strong>Evitar ri\u00f1as y discusiones si el ni\u00f1o finge<\/strong>, miente o le da una pataleta como estrategia para evitar situaciones temidas. Hay que tener paciencia y, en su lugar, elogiar los comportamientos que queremos que se vuelvan a producir.<\/li><li><strong>Mantener la calma<\/strong> cuando el ni\u00f1o muestre s\u00edntomas de miedo. Habr\u00e1 que aportarle seguridad y evitar que se altere m\u00e1s rest\u00e1ndole importancia a las manifestaciones de temor, centr\u00e1ndonos en otras cosas.<\/li><li><strong>Recurrir al juego y al humor en circunstancias de temor<\/strong>. De esta manera, distraeremos al ni\u00f1o de lo que le atemoriza y podremos conseguir que no asocie sentimientos negativos con la experiencia.<\/li><li><strong>Realizar cambios de manera gradual <\/strong>para dar un margen de tiempo que le permita al ni\u00f1o ajustarse a estos cambios.<\/li><li><strong>Monitorizar bien la actividad de los ni\u00f1os en internet<\/strong> y el contenido que consumen. Muchas veces, los miedos se adquieren mediante la observaci\u00f3n de experiencias atemorizantes, aunque no sean ellos los que las vivan directamente.&nbsp;<\/li><\/ul>\n\n\n\n<p>Ante todo, recomendamos que observemos bien a nuestros hijos para poder diferenciar los miedos comunes de las fobias. Para una fobia, estos consejos no servir\u00e1n de suficiente apoyo y sin ayuda profesional, puede tener repercusiones negativas en el ni\u00f1o y en su entorno, as\u00ed como en su desarrollo cognitivo. <\/p>\n\n\n\n<p>Esperamos que esta informaci\u00f3n te haya resultado de gran ayuda. Si necesitas materiales para tratar el miedo en ni\u00f1os, puedes hacer clic directamente en nuestra colecci\u00f3n, dise\u00f1ada para aprender a gestionar el miedo desde peque\u00f1os: <\/p>\n\n\n\n<ul class=\"wp-block-list\"><li><a href=\"https:\/\/www.editorialgeu.com\/educacion-especial\/31000040-vampirina-inteligencia-emocional-con-disney-miedo.html\"><strong>Vampirina. Inteligencia Emocional con Disney. Miedo<\/strong> Etapa Infantil <\/a><\/li><li><strong><a href=\"https:\/\/www.editorialgeu.com\/pedagogia-terapeutica\/30230509-caja-2-dime-por-que.html\">Dime por qu\u00e9 \u00b7 Caja 2<\/a><\/strong><\/li><li><a href=\"https:\/\/www.editorialgeu.com\/educacion-especial\/30013879-inteligencia-emocional-miedo.html\"><strong>Inteligencia emocional: Miedo<\/strong> Educaci\u00f3n Secundaria y adultos <\/a><\/li><\/ul>\n","protected":false},"excerpt":{"rendered":"<p>En el post de hoy, te hablamos de c\u00f3mo reconocer los miedos y fobias de los m\u00e1s peque\u00f1os de la casa en diferentes edades. <\/p>\n","protected":false},"author":1,"featured_media":2141,"comment_status":"open","ping_status":"open","sticky":false,"template":"","format":"standard","meta":{"footnotes":""},"categories":[3],"tags":[1023,1019,1020,1018,1021,1017],"class_list":["post-2094","post","type-post","status-publish","format-standard","has-post-thumbnail","hentry","category-consejos-sobre-inteligencia-emocional","tag-consejos-para-acabar-con-los-miedos-en-infantil","tag-fobias-de-ninos","tag-miedos-de-ninos","tag-miedos-en-la-etapa-infantil","tag-miedos-y-fobias-en-la-infancia","tag-reconocer-miedos-y-fobias"],"yoast_head":"<!-- This site is optimized with the Yoast SEO plugin v27.4 - https:\/\/yoast.com\/product\/yoast-seo-wordpress\/ -->\n<title>Reconocer los miedos y fobias en los m\u00e1s peque\u00f1os - Blog Editorial GEU<\/title>\n<meta name=\"description\" content=\"En el post de hoy, te hablamos de c\u00f3mo reconocer los miedos y fobias de los m\u00e1s peque\u00f1os de la casa en diferentes edades.\" \/>\n<meta name=\"robots\" content=\"index, follow, max-snippet:-1, max-image-preview:large, max-video-preview:-1\" \/>\n<link rel=\"canonical\" href=\"https:\/\/www.editorialgeu.com\/blog\/reconocer-los-miedos-y-fobias-en-los-mas-pequenos\/\" \/>\n<meta property=\"og:locale\" content=\"es_ES\" \/>\n<meta property=\"og:type\" content=\"article\" \/>\n<meta property=\"og:title\" content=\"Reconocer los miedos y fobias en los m\u00e1s peque\u00f1os - Blog Editorial GEU\" \/>\n<meta property=\"og:description\" content=\"En el post de hoy, te hablamos de c\u00f3mo reconocer los miedos y fobias de los m\u00e1s peque\u00f1os de la casa en diferentes edades.\" \/>\n<meta property=\"og:url\" content=\"https:\/\/www.editorialgeu.com\/blog\/reconocer-los-miedos-y-fobias-en-los-mas-pequenos\/\" \/>\n<meta property=\"og:site_name\" content=\"Blog Editorial GEU\" \/>\n<meta property=\"article:published_time\" content=\"2022-08-11T07:50:56+00:00\" \/>\n<meta property=\"article:modified_time\" content=\"2023-01-18T10:38:57+00:00\" \/>\n<meta property=\"og:image\" content=\"https:\/\/www.editorialgeu.com\/blog\/wp-content\/uploads\/2022\/08\/mother-hugging-scared-daughter-scaled.jpg\" \/>\n\t<meta property=\"og:image:width\" content=\"2560\" \/>\n\t<meta property=\"og:image:height\" content=\"1707\" \/>\n\t<meta property=\"og:image:type\" content=\"image\/jpeg\" \/>\n<meta name=\"author\" content=\"Editorial GEU\" \/>\n<meta name=\"twitter:card\" content=\"summary_large_image\" \/>\n<meta name=\"twitter:label1\" content=\"Escrito por\" \/>\n\t<meta name=\"twitter:data1\" content=\"Editorial GEU\" \/>\n\t<meta name=\"twitter:label2\" content=\"Tiempo de lectura\" \/>\n\t<meta name=\"twitter:data2\" content=\"4 minutos\" \/>\n<script type=\"application\/ld+json\" class=\"yoast-schema-graph\">{\"@context\":\"https:\\\/\\\/schema.org\",\"@graph\":[{\"@type\":\"Article\",\"@id\":\"https:\\\/\\\/www.editorialgeu.com\\\/blog\\\/reconocer-los-miedos-y-fobias-en-los-mas-pequenos\\\/#article\",\"isPartOf\":{\"@id\":\"https:\\\/\\\/www.editorialgeu.com\\\/blog\\\/reconocer-los-miedos-y-fobias-en-los-mas-pequenos\\\/\"},\"author\":{\"name\":\"Editorial GEU\",\"@id\":\"https:\\\/\\\/www.editorialgeu.com\\\/blog\\\/#\\\/schema\\\/person\\\/23ea65bf43f15fe2acd16b073bdcdb83\"},\"headline\":\"Reconocer los miedos y fobias en los m\u00e1s peque\u00f1os\",\"datePublished\":\"2022-08-11T07:50:56+00:00\",\"dateModified\":\"2023-01-18T10:38:57+00:00\",\"mainEntityOfPage\":{\"@id\":\"https:\\\/\\\/www.editorialgeu.com\\\/blog\\\/reconocer-los-miedos-y-fobias-en-los-mas-pequenos\\\/\"},\"wordCount\":945,\"commentCount\":0,\"publisher\":{\"@id\":\"https:\\\/\\\/www.editorialgeu.com\\\/blog\\\/#organization\"},\"image\":{\"@id\":\"https:\\\/\\\/www.editorialgeu.com\\\/blog\\\/reconocer-los-miedos-y-fobias-en-los-mas-pequenos\\\/#primaryimage\"},\"thumbnailUrl\":\"https:\\\/\\\/www.editorialgeu.com\\\/blog\\\/wp-content\\\/uploads\\\/2022\\\/08\\\/mother-hugging-scared-daughter-scaled.jpg\",\"keywords\":[\"consejos para acabar con los miedos en infantil\",\"fobias de ni\u00f1os\",\"miedos de ni\u00f1os\",\"miedos en la etapa infantil\",\"miedos y fobias en la infancia\",\"reconocer miedos y fobias\"],\"articleSection\":[\"Consejos sobre Inteligencia Emocional\"],\"inLanguage\":\"es\",\"potentialAction\":[{\"@type\":\"CommentAction\",\"name\":\"Comment\",\"target\":[\"https:\\\/\\\/www.editorialgeu.com\\\/blog\\\/reconocer-los-miedos-y-fobias-en-los-mas-pequenos\\\/#respond\"]}]},{\"@type\":\"WebPage\",\"@id\":\"https:\\\/\\\/www.editorialgeu.com\\\/blog\\\/reconocer-los-miedos-y-fobias-en-los-mas-pequenos\\\/\",\"url\":\"https:\\\/\\\/www.editorialgeu.com\\\/blog\\\/reconocer-los-miedos-y-fobias-en-los-mas-pequenos\\\/\",\"name\":\"Reconocer los miedos y fobias en los m\u00e1s peque\u00f1os - Blog Editorial GEU\",\"isPartOf\":{\"@id\":\"https:\\\/\\\/www.editorialgeu.com\\\/blog\\\/#website\"},\"primaryImageOfPage\":{\"@id\":\"https:\\\/\\\/www.editorialgeu.com\\\/blog\\\/reconocer-los-miedos-y-fobias-en-los-mas-pequenos\\\/#primaryimage\"},\"image\":{\"@id\":\"https:\\\/\\\/www.editorialgeu.com\\\/blog\\\/reconocer-los-miedos-y-fobias-en-los-mas-pequenos\\\/#primaryimage\"},\"thumbnailUrl\":\"https:\\\/\\\/www.editorialgeu.com\\\/blog\\\/wp-content\\\/uploads\\\/2022\\\/08\\\/mother-hugging-scared-daughter-scaled.jpg\",\"datePublished\":\"2022-08-11T07:50:56+00:00\",\"dateModified\":\"2023-01-18T10:38:57+00:00\",\"description\":\"En el post de hoy, te hablamos de c\u00f3mo reconocer los miedos y fobias de los m\u00e1s peque\u00f1os de la casa en diferentes edades.\",\"breadcrumb\":{\"@id\":\"https:\\\/\\\/www.editorialgeu.com\\\/blog\\\/reconocer-los-miedos-y-fobias-en-los-mas-pequenos\\\/#breadcrumb\"},\"inLanguage\":\"es\",\"potentialAction\":[{\"@type\":\"ReadAction\",\"target\":[\"https:\\\/\\\/www.editorialgeu.com\\\/blog\\\/reconocer-los-miedos-y-fobias-en-los-mas-pequenos\\\/\"]}]},{\"@type\":\"ImageObject\",\"inLanguage\":\"es\",\"@id\":\"https:\\\/\\\/www.editorialgeu.com\\\/blog\\\/reconocer-los-miedos-y-fobias-en-los-mas-pequenos\\\/#primaryimage\",\"url\":\"https:\\\/\\\/www.editorialgeu.com\\\/blog\\\/wp-content\\\/uploads\\\/2022\\\/08\\\/mother-hugging-scared-daughter-scaled.jpg\",\"contentUrl\":\"https:\\\/\\\/www.editorialgeu.com\\\/blog\\\/wp-content\\\/uploads\\\/2022\\\/08\\\/mother-hugging-scared-daughter-scaled.jpg\",\"width\":2560,\"height\":1707,\"caption\":\"Reconocer los miedos y fobias ni\u00f1os\"},{\"@type\":\"BreadcrumbList\",\"@id\":\"https:\\\/\\\/www.editorialgeu.com\\\/blog\\\/reconocer-los-miedos-y-fobias-en-los-mas-pequenos\\\/#breadcrumb\",\"itemListElement\":[{\"@type\":\"ListItem\",\"position\":1,\"name\":\"Portada\",\"item\":\"https:\\\/\\\/www.editorialgeu.com\\\/blog\\\/\"},{\"@type\":\"ListItem\",\"position\":2,\"name\":\"Reconocer los miedos y fobias en los m\u00e1s peque\u00f1os\"}]},{\"@type\":\"WebSite\",\"@id\":\"https:\\\/\\\/www.editorialgeu.com\\\/blog\\\/#website\",\"url\":\"https:\\\/\\\/www.editorialgeu.com\\\/blog\\\/\",\"name\":\"Blog Editorial GEU\",\"description\":\"Actualidad, noticias y consejos por una Escuela Inclusiva\",\"publisher\":{\"@id\":\"https:\\\/\\\/www.editorialgeu.com\\\/blog\\\/#organization\"},\"potentialAction\":[{\"@type\":\"SearchAction\",\"target\":{\"@type\":\"EntryPoint\",\"urlTemplate\":\"https:\\\/\\\/www.editorialgeu.com\\\/blog\\\/?s={search_term_string}\"},\"query-input\":{\"@type\":\"PropertyValueSpecification\",\"valueRequired\":true,\"valueName\":\"search_term_string\"}}],\"inLanguage\":\"es\"},{\"@type\":\"Organization\",\"@id\":\"https:\\\/\\\/www.editorialgeu.com\\\/blog\\\/#organization\",\"name\":\"Blog Editorial GEU\",\"url\":\"https:\\\/\\\/www.editorialgeu.com\\\/blog\\\/\",\"logo\":{\"@type\":\"ImageObject\",\"inLanguage\":\"es\",\"@id\":\"https:\\\/\\\/www.editorialgeu.com\\\/blog\\\/#\\\/schema\\\/logo\\\/image\\\/\",\"url\":\"https:\\\/\\\/www.editorialgeu.com\\\/blog\\\/wp-content\\\/uploads\\\/2019\\\/11\\\/LogoGEU_Blog.png\",\"contentUrl\":\"https:\\\/\\\/www.editorialgeu.com\\\/blog\\\/wp-content\\\/uploads\\\/2019\\\/11\\\/LogoGEU_Blog.png\",\"width\":1181,\"height\":477,\"caption\":\"Blog Editorial GEU\"},\"image\":{\"@id\":\"https:\\\/\\\/www.editorialgeu.com\\\/blog\\\/#\\\/schema\\\/logo\\\/image\\\/\"}},{\"@type\":\"Person\",\"@id\":\"https:\\\/\\\/www.editorialgeu.com\\\/blog\\\/#\\\/schema\\\/person\\\/23ea65bf43f15fe2acd16b073bdcdb83\",\"name\":\"Editorial GEU\",\"image\":{\"@type\":\"ImageObject\",\"inLanguage\":\"es\",\"@id\":\"https:\\\/\\\/www.editorialgeu.com\\\/blog\\\/wp-content\\\/uploads\\\/2021\\\/08\\\/Logo-Usuario.jpg\",\"url\":\"https:\\\/\\\/www.editorialgeu.com\\\/blog\\\/wp-content\\\/uploads\\\/2021\\\/08\\\/Logo-Usuario.jpg\",\"contentUrl\":\"https:\\\/\\\/www.editorialgeu.com\\\/blog\\\/wp-content\\\/uploads\\\/2021\\\/08\\\/Logo-Usuario.jpg\",\"caption\":\"Editorial GEU\"},\"description\":\"L\u00edderes en Atenci\u00f3n a la Diversidad.\",\"url\":\"https:\\\/\\\/www.editorialgeu.com\\\/blog\\\/author\\\/geu-admin\\\/\"}]}<\/script>\n<!-- \/ Yoast SEO plugin. -->","yoast_head_json":{"title":"Reconocer los miedos y fobias en los m\u00e1s peque\u00f1os - Blog Editorial GEU","description":"En el post de hoy, te hablamos de c\u00f3mo reconocer los miedos y fobias de los m\u00e1s peque\u00f1os de la casa en diferentes edades.","robots":{"index":"index","follow":"follow","max-snippet":"max-snippet:-1","max-image-preview":"max-image-preview:large","max-video-preview":"max-video-preview:-1"},"canonical":"https:\/\/www.editorialgeu.com\/blog\/reconocer-los-miedos-y-fobias-en-los-mas-pequenos\/","og_locale":"es_ES","og_type":"article","og_title":"Reconocer los miedos y fobias en los m\u00e1s peque\u00f1os - Blog Editorial GEU","og_description":"En el post de hoy, te hablamos de c\u00f3mo reconocer los miedos y fobias de los m\u00e1s peque\u00f1os de la casa en diferentes edades.","og_url":"https:\/\/www.editorialgeu.com\/blog\/reconocer-los-miedos-y-fobias-en-los-mas-pequenos\/","og_site_name":"Blog Editorial GEU","article_published_time":"2022-08-11T07:50:56+00:00","article_modified_time":"2023-01-18T10:38:57+00:00","og_image":[{"width":2560,"height":1707,"url":"https:\/\/www.editorialgeu.com\/blog\/wp-content\/uploads\/2022\/08\/mother-hugging-scared-daughter-scaled.jpg","type":"image\/jpeg"}],"author":"Editorial GEU","twitter_card":"summary_large_image","twitter_misc":{"Escrito por":"Editorial GEU","Tiempo de lectura":"4 minutos"},"schema":{"@context":"https:\/\/schema.org","@graph":[{"@type":"Article","@id":"https:\/\/www.editorialgeu.com\/blog\/reconocer-los-miedos-y-fobias-en-los-mas-pequenos\/#article","isPartOf":{"@id":"https:\/\/www.editorialgeu.com\/blog\/reconocer-los-miedos-y-fobias-en-los-mas-pequenos\/"},"author":{"name":"Editorial GEU","@id":"https:\/\/www.editorialgeu.com\/blog\/#\/schema\/person\/23ea65bf43f15fe2acd16b073bdcdb83"},"headline":"Reconocer los miedos y fobias en los m\u00e1s peque\u00f1os","datePublished":"2022-08-11T07:50:56+00:00","dateModified":"2023-01-18T10:38:57+00:00","mainEntityOfPage":{"@id":"https:\/\/www.editorialgeu.com\/blog\/reconocer-los-miedos-y-fobias-en-los-mas-pequenos\/"},"wordCount":945,"commentCount":0,"publisher":{"@id":"https:\/\/www.editorialgeu.com\/blog\/#organization"},"image":{"@id":"https:\/\/www.editorialgeu.com\/blog\/reconocer-los-miedos-y-fobias-en-los-mas-pequenos\/#primaryimage"},"thumbnailUrl":"https:\/\/www.editorialgeu.com\/blog\/wp-content\/uploads\/2022\/08\/mother-hugging-scared-daughter-scaled.jpg","keywords":["consejos para acabar con los miedos en infantil","fobias de ni\u00f1os","miedos de ni\u00f1os","miedos en la etapa infantil","miedos y fobias en la infancia","reconocer miedos y fobias"],"articleSection":["Consejos sobre Inteligencia Emocional"],"inLanguage":"es","potentialAction":[{"@type":"CommentAction","name":"Comment","target":["https:\/\/www.editorialgeu.com\/blog\/reconocer-los-miedos-y-fobias-en-los-mas-pequenos\/#respond"]}]},{"@type":"WebPage","@id":"https:\/\/www.editorialgeu.com\/blog\/reconocer-los-miedos-y-fobias-en-los-mas-pequenos\/","url":"https:\/\/www.editorialgeu.com\/blog\/reconocer-los-miedos-y-fobias-en-los-mas-pequenos\/","name":"Reconocer los miedos y fobias en los m\u00e1s peque\u00f1os - Blog Editorial GEU","isPartOf":{"@id":"https:\/\/www.editorialgeu.com\/blog\/#website"},"primaryImageOfPage":{"@id":"https:\/\/www.editorialgeu.com\/blog\/reconocer-los-miedos-y-fobias-en-los-mas-pequenos\/#primaryimage"},"image":{"@id":"https:\/\/www.editorialgeu.com\/blog\/reconocer-los-miedos-y-fobias-en-los-mas-pequenos\/#primaryimage"},"thumbnailUrl":"https:\/\/www.editorialgeu.com\/blog\/wp-content\/uploads\/2022\/08\/mother-hugging-scared-daughter-scaled.jpg","datePublished":"2022-08-11T07:50:56+00:00","dateModified":"2023-01-18T10:38:57+00:00","description":"En el post de hoy, te hablamos de c\u00f3mo reconocer los miedos y fobias de los m\u00e1s peque\u00f1os de la casa en diferentes edades.","breadcrumb":{"@id":"https:\/\/www.editorialgeu.com\/blog\/reconocer-los-miedos-y-fobias-en-los-mas-pequenos\/#breadcrumb"},"inLanguage":"es","potentialAction":[{"@type":"ReadAction","target":["https:\/\/www.editorialgeu.com\/blog\/reconocer-los-miedos-y-fobias-en-los-mas-pequenos\/"]}]},{"@type":"ImageObject","inLanguage":"es","@id":"https:\/\/www.editorialgeu.com\/blog\/reconocer-los-miedos-y-fobias-en-los-mas-pequenos\/#primaryimage","url":"https:\/\/www.editorialgeu.com\/blog\/wp-content\/uploads\/2022\/08\/mother-hugging-scared-daughter-scaled.jpg","contentUrl":"https:\/\/www.editorialgeu.com\/blog\/wp-content\/uploads\/2022\/08\/mother-hugging-scared-daughter-scaled.jpg","width":2560,"height":1707,"caption":"Reconocer los miedos y fobias ni\u00f1os"},{"@type":"BreadcrumbList","@id":"https:\/\/www.editorialgeu.com\/blog\/reconocer-los-miedos-y-fobias-en-los-mas-pequenos\/#breadcrumb","itemListElement":[{"@type":"ListItem","position":1,"name":"Portada","item":"https:\/\/www.editorialgeu.com\/blog\/"},{"@type":"ListItem","position":2,"name":"Reconocer los miedos y fobias en los m\u00e1s peque\u00f1os"}]},{"@type":"WebSite","@id":"https:\/\/www.editorialgeu.com\/blog\/#website","url":"https:\/\/www.editorialgeu.com\/blog\/","name":"Blog Editorial GEU","description":"Actualidad, noticias y consejos por una Escuela Inclusiva","publisher":{"@id":"https:\/\/www.editorialgeu.com\/blog\/#organization"},"potentialAction":[{"@type":"SearchAction","target":{"@type":"EntryPoint","urlTemplate":"https:\/\/www.editorialgeu.com\/blog\/?s={search_term_string}"},"query-input":{"@type":"PropertyValueSpecification","valueRequired":true,"valueName":"search_term_string"}}],"inLanguage":"es"},{"@type":"Organization","@id":"https:\/\/www.editorialgeu.com\/blog\/#organization","name":"Blog Editorial GEU","url":"https:\/\/www.editorialgeu.com\/blog\/","logo":{"@type":"ImageObject","inLanguage":"es","@id":"https:\/\/www.editorialgeu.com\/blog\/#\/schema\/logo\/image\/","url":"https:\/\/www.editorialgeu.com\/blog\/wp-content\/uploads\/2019\/11\/LogoGEU_Blog.png","contentUrl":"https:\/\/www.editorialgeu.com\/blog\/wp-content\/uploads\/2019\/11\/LogoGEU_Blog.png","width":1181,"height":477,"caption":"Blog Editorial GEU"},"image":{"@id":"https:\/\/www.editorialgeu.com\/blog\/#\/schema\/logo\/image\/"}},{"@type":"Person","@id":"https:\/\/www.editorialgeu.com\/blog\/#\/schema\/person\/23ea65bf43f15fe2acd16b073bdcdb83","name":"Editorial GEU","image":{"@type":"ImageObject","inLanguage":"es","@id":"https:\/\/www.editorialgeu.com\/blog\/wp-content\/uploads\/2021\/08\/Logo-Usuario.jpg","url":"https:\/\/www.editorialgeu.com\/blog\/wp-content\/uploads\/2021\/08\/Logo-Usuario.jpg","contentUrl":"https:\/\/www.editorialgeu.com\/blog\/wp-content\/uploads\/2021\/08\/Logo-Usuario.jpg","caption":"Editorial GEU"},"description":"L\u00edderes en Atenci\u00f3n a la Diversidad.","url":"https:\/\/www.editorialgeu.com\/blog\/author\/geu-admin\/"}]}},"_links":{"self":[{"href":"https:\/\/www.editorialgeu.com\/blog\/wp-json\/wp\/v2\/posts\/2094","targetHints":{"allow":["GET"]}}],"collection":[{"href":"https:\/\/www.editorialgeu.com\/blog\/wp-json\/wp\/v2\/posts"}],"about":[{"href":"https:\/\/www.editorialgeu.com\/blog\/wp-json\/wp\/v2\/types\/post"}],"author":[{"embeddable":true,"href":"https:\/\/www.editorialgeu.com\/blog\/wp-json\/wp\/v2\/users\/1"}],"replies":[{"embeddable":true,"href":"https:\/\/www.editorialgeu.com\/blog\/wp-json\/wp\/v2\/comments?post=2094"}],"version-history":[{"count":6,"href":"https:\/\/www.editorialgeu.com\/blog\/wp-json\/wp\/v2\/posts\/2094\/revisions"}],"predecessor-version":[{"id":2431,"href":"https:\/\/www.editorialgeu.com\/blog\/wp-json\/wp\/v2\/posts\/2094\/revisions\/2431"}],"wp:featuredmedia":[{"embeddable":true,"href":"https:\/\/www.editorialgeu.com\/blog\/wp-json\/wp\/v2\/media\/2141"}],"wp:attachment":[{"href":"https:\/\/www.editorialgeu.com\/blog\/wp-json\/wp\/v2\/media?parent=2094"}],"wp:term":[{"taxonomy":"category","embeddable":true,"href":"https:\/\/www.editorialgeu.com\/blog\/wp-json\/wp\/v2\/categories?post=2094"},{"taxonomy":"post_tag","embeddable":true,"href":"https:\/\/www.editorialgeu.com\/blog\/wp-json\/wp\/v2\/tags?post=2094"}],"curies":[{"name":"wp","href":"https:\/\/api.w.org\/{rel}","templated":true}]}}