{"id":2926,"date":"2025-08-12T07:59:33","date_gmt":"2025-08-12T05:59:33","guid":{"rendered":"https:\/\/www.editorialgeu.com\/blog\/?p=2926"},"modified":"2025-08-12T08:02:06","modified_gmt":"2025-08-12T06:02:06","slug":"dislexia-en-ninos-y-como-ayudarlos-senales-diagnostico-y-apoyo-en-casa-y-en-el-aula","status":"publish","type":"post","link":"https:\/\/www.editorialgeu.com\/blog\/dislexia-en-ninos-y-como-ayudarlos-senales-diagnostico-y-apoyo-en-casa-y-en-el-aula\/","title":{"rendered":"Dislexia en ni\u00f1os y c\u00f3mo ayudarlos: se\u00f1ales, diagn\u00f3stico y apoyo en casa y en el aula"},"content":{"rendered":"\n<p>La&nbsp;<strong>dislexia en ni\u00f1os<\/strong>&nbsp;es una de las dificultades de aprendizaje m\u00e1s comunes y, sin embargo, todav\u00eda es poco comprendida.<\/p>\n\n\n\n<p>Diagnosticarla a tiempo es fundamental para ofrecer el apoyo adecuado y evitar problemas de autoestima o desmotivaci\u00f3n escolar.<\/p>\n\n\n\n<p><strong>\u00bfQu\u00e9 es la dislexia en ni\u00f1os y c\u00f3mo detectarla?<\/strong><\/p>\n\n\n\n<p>La&nbsp;<strong>dislexia<\/strong>&nbsp;es un trastorno espec\u00edfico del aprendizaje que afecta a la lectura y, en ocasiones, a la escritura, sin que exista un d\u00e9ficit intelectual, sensorial o emocional que lo explique.<\/p>\n\n\n\n<p>Seg\u00fan el pedagogo&nbsp;<strong>Samuel T. Orton<\/strong>, pionero en su estudio, la dislexia es una dificultad a la hora de procesar el lenguaje que impide automatizar la correspondencia entre letras y sonidos.<\/p>\n\n\n\n<p>A la hora de detectarla hay que observar c\u00f3mo los ni\u00f1os procesan y comprenden la informaci\u00f3n escrita y oral, y c\u00f3mo se manifiestan sus dificultades en el d\u00eda a d\u00eda.<\/p>\n\n\n\n<p><strong>Signos y s\u00edntomas: comportamiento de ni\u00f1os con dislexia<\/strong><\/p>\n\n\n\n<p>El&nbsp;<strong>comportamiento de ni\u00f1os con dislexia<\/strong>&nbsp;var\u00eda seg\u00fan la edad, pero hay se\u00f1ales que pueden alertar tanto a padres como a profesores:<\/p>\n\n\n\n<ul class=\"wp-block-list\">\n<li><strong>En etapa inicial (6-8 a\u00f1os):<\/strong>\n<ul class=\"wp-block-list\">\n<li>Aprendizaje de la lectura m\u00e1s lento que sus compa\u00f1eros<\/li>\n\n\n\n<li>Confusi\u00f3n frecuente de letras con forma similar (b\/d, p\/q)<\/li>\n\n\n\n<li>Inversi\u00f3n de s\u00edlabas o letras al leer y escribir<\/li>\n\n\n\n<li>Dificultad para recordar secuencias (d\u00edas de la semana, meses, alfabeto)<\/li>\n<\/ul>\n<\/li>\n\n\n\n<li><strong>En ni\u00f1os de 9 a 12 a\u00f1os:<\/strong>\n<ul class=\"wp-block-list\">\n<li>Lectura lenta, con pausas y errores frecuentes.<\/li>\n\n\n\n<li>Dificultad de lectura en voz alta<\/li>\n\n\n\n<li>Escritura con errores ortogr\u00e1ficos frecuentes.<\/li>\n\n\n\n<li>Dificultad para resumir textos o seguir instrucciones escritas.<\/li>\n\n\n\n<li>Baja autoestima y frustraci\u00f3n escolar.<\/li>\n<\/ul>\n<\/li>\n<\/ul>\n\n\n\n<p><strong>C\u00f3mo se siente un ni\u00f1o con dislexia<\/strong><\/p>\n\n\n\n<p>Comprender&nbsp;<strong>c\u00f3mo se siente un ni\u00f1o con dislexia<\/strong>&nbsp;es fundamental para ofrecerle apoyo emocional. Muchos piensan que son \u201cmenos inteligentes\u201d o \u201cm\u00e1s torpes\u201d que sus compa\u00f1eros, cuando en realidad tienen la misma capacidad intelectual. Pueden sentir ansiedad antes de leer en clase y frustraci\u00f3n al no poder seguir el ritmo o miedo a ser ridiculizados.<\/p>\n\n\n\n<p>El pedagogo&nbsp;<strong>Lev Vygotsky<\/strong>&nbsp;insist\u00eda en que el entorno social y emocional es determinante en el desarrollo del ni\u00f1o. Por eso, el acompa\u00f1amiento y la empat\u00eda son tan importantes como las estrategias de aprendizaje.<\/p>\n\n\n\n<p><strong>C\u00f3mo detectar la dislexia<\/strong><\/p>\n\n\n\n<p>Para detectar la dislexia es necesario la evaluaci\u00f3n de un especialista (orientador escolar, logopeda o psicopedagogo). Para confirmar el diagn\u00f3stico se emplean pruebas de lectura, escritura, memoria y procesamiento fonol\u00f3gico. Cuanto antes se identifique, antes se podr\u00e1 iniciar un plan de intervenci\u00f3n adaptado.<\/p>\n\n\n\n<p>El apoyo a&nbsp;<strong>ni\u00f1os con dislexia<\/strong>&nbsp;combina intervenciones espec\u00edficas en el aula, apoyo en casa y trabajo con especialistas:<\/p>\n\n\n\n<ul class=\"wp-block-list\">\n<li><strong>En el aula:<\/strong>\n<ul class=\"wp-block-list\">\n<li>Adaptar el ritmo de lectura y escritura.<\/li>\n\n\n\n<li>Ofrecer textos con tipograf\u00eda adecuada y espaciado suficiente.<\/li>\n\n\n\n<li>Evaluar de forma oral siempre que sea posible.<\/li>\n<\/ul>\n<\/li>\n\n\n\n<li><strong>En casa:<\/strong>\n<ul class=\"wp-block-list\">\n<li>Leer juntos a diario, en un entorno relajado.<\/li>\n\n\n\n<li>Usar audiolibros como apoyo.<\/li>\n\n\n\n<li>Reforzar logros, por peque\u00f1os que sean.<\/li>\n\n\n\n<li>Evitar comparaciones con otros ni\u00f1os.<\/li>\n<\/ul>\n<\/li>\n\n\n\n<li><strong>Con especialistas:<\/strong>\n<ul class=\"wp-block-list\">\n<li>Programas de reeducaci\u00f3n lectoescritora.<\/li>\n\n\n\n<li>Ejercicios de conciencia fonol\u00f3gica y memoria verbal.<\/li>\n\n\n\n<li>Entrenamiento en estrategias de comprensi\u00f3n lectora.<\/li>\n<\/ul>\n<\/li>\n<\/ul>\n\n\n\n<p><strong>Tipograf\u00edas para ni\u00f1os con dislexia<\/strong><\/p>\n\n\n\n<p>Entre las estrategias para trabajar las dificultades de lectura en ni\u00f1os con dislexia est\u00e1 el uso de&nbsp;<strong>tipograf\u00edas adaptadas<\/strong>, son tipograf\u00edas dise\u00f1adas para<strong>&nbsp;<\/strong>mejorar la legibilidad y reducir la confusi\u00f3n entre letras. Algunas de sus caracter\u00edsticas comunes son:<\/p>\n\n\n\n<ul class=\"wp-block-list\">\n<li><strong>Parte inferior m\u00e1s gruesa<\/strong>\u00a0para dar estabilidad visual.<\/li>\n\n\n\n<li><strong>Formas diferentes para letras similares<\/strong>\u00a0(b\/d, p\/q, n\/u).<\/li>\n\n\n\n<li><strong>Espaciado extra<\/strong>\u00a0entre letras y palabras para evitar que se \u201cjunten\u201d en la percepci\u00f3n del lector.<\/li>\n<\/ul>\n\n\n\n<p><strong>\u00bfC\u00f3mo ayudan a ni\u00f1os con dislexia?<\/strong><\/p>\n\n\n\n<p>Investigaciones como las de la&nbsp;<strong>Universidad de Barcelona (2018)<\/strong>&nbsp;han demostrado que aumentar el espaciado y diferenciar las formas de las letras puede mejorar la precisi\u00f3n y reducir la fatiga visual. Aunque no todos los ni\u00f1os mejoran la velocidad de lectura, muchos dicen sentirse m\u00e1s c\u00f3modos y seguros al leer.<\/p>\n\n\n\n<p>Seg\u00fan la teor\u00eda de la&nbsp;<strong>carga cognitiva<\/strong>&nbsp;de John Sweller, reducir los obst\u00e1culos visuales libera recursos mentales para la comprensi\u00f3n lectora, algo esencial para los&nbsp;<strong>ni\u00f1os con dislexia<\/strong>.<\/p>\n\n\n\n<p><strong>\u00bfC\u00f3mo se siente un ni\u00f1o con dislexia al usar estas tipograf\u00edas?<\/strong><\/p>\n\n\n\n<p>Muchos ni\u00f1os describen la experiencia como \u201cmenos agotadora\u201d y \u201cm\u00e1s clara\u201d. Los ni\u00f1os con dislexia suelen sentir frustraci\u00f3n a la hora de la lectura, por lo que cualquier cambio que reduzca errores y ansiedad puede tener un impacto positivo en su motivaci\u00f3n, pero el usar tipograf\u00edas adaptadas no sustituye la intervenci\u00f3n educativa. La tipograf\u00eda es un apoyo visual, pero no reemplaza programas de conciencia fonol\u00f3gica o reeducaci\u00f3n lectoescritura.<\/p>\n\n\n\n<p><strong>Conclusi\u00f3n<\/strong><\/p>\n\n\n\n<p>Las&nbsp;<strong>tipograf\u00edas para ni\u00f1os con dislexia<\/strong>&nbsp;pueden ser una herramienta valiosa para mejorar la experiencia de lectura, aumentar la confianza y reducir el esfuerzo visual, pero no son una soluci\u00f3n m\u00e1gica, aunque s\u00ed un apoyo importante dentro de un plan educativo integral que incluya estrategias pedag\u00f3gicas y emocionales.<\/p>\n\n\n\n<p>En&nbsp;<strong>Editorial GEU<\/strong>&nbsp;creemos que peque\u00f1os cambios en los materiales, como la elecci\u00f3n de la tipograf\u00eda, pueden marcar una gran diferencia en el aprendizaje y motivaci\u00f3n de los ni\u00f1os con dislexia.<\/p>\n\n\n\n<p><strong>Conclusi\u00f3n<\/strong><\/p>\n\n\n\n<p>Las&nbsp;<strong>tipograf\u00edas para ni\u00f1os con dislexia<\/strong>&nbsp;pueden ser una herramienta valiosa para mejorar la experiencia de lectura, aumentar la confianza y reducir el esfuerzo visual. No son una soluci\u00f3n m\u00e1gica, pero s\u00ed un apoyo importante dentro de un plan educativo integral que incluya estrategias pedag\u00f3gicas y emocionales.<\/p>\n\n\n\n<p>En&nbsp;<strong>Editorial GEU<\/strong>&nbsp;creemos que peque\u00f1os cambios en los materiales \u2014como la elecci\u00f3n de la tipograf\u00eda\u2014 pueden marcar una gran diferencia en el aprendizaje y motivaci\u00f3n de los ni\u00f1os con dislexia.<\/p>\n\n\n\n<p>\u00a0Pueden marcar una gran diferencia en el aprendizaje y motivaci\u00f3n de los ni\u00f1os con dislexia.<\/p>\n","protected":false},"excerpt":{"rendered":"<p>La&nbsp;dislexia en ni\u00f1os&nbsp;es una de las dificultades de aprendizaje m\u00e1s comunes y, sin embargo, todav\u00eda es poco comprendida. Diagnosticarla a tiempo es fundamental para ofrecer el apoyo adecuado y evitar problemas de autoestima o desmotivaci\u00f3n escolar. \u00bfQu\u00e9 es la dislexia en ni\u00f1os y c\u00f3mo detectarla? La&nbsp;dislexia&nbsp;es un trastorno espec\u00edfico del aprendizaje que afecta a la [&hellip;]<\/p>\n","protected":false},"author":1,"featured_media":2927,"comment_status":"open","ping_status":"open","sticky":false,"template":"","format":"standard","meta":{"footnotes":""},"categories":[23],"tags":[],"class_list":["post-2926","post","type-post","status-publish","format-standard","has-post-thumbnail","hentry","category-pedagogia-terapeutica"],"yoast_head":"<!-- This site is optimized with the Yoast SEO plugin v27.4 - https:\/\/yoast.com\/product\/yoast-seo-wordpress\/ -->\n<title>Dislexia en ni\u00f1os y c\u00f3mo ayudarlos: se\u00f1ales, diagn\u00f3stico y apoyo en casa y en el aula - Blog Editorial GEU<\/title>\n<meta name=\"robots\" content=\"index, follow, max-snippet:-1, max-image-preview:large, max-video-preview:-1\" \/>\n<link rel=\"canonical\" href=\"https:\/\/www.editorialgeu.com\/blog\/dislexia-en-ninos-y-como-ayudarlos-senales-diagnostico-y-apoyo-en-casa-y-en-el-aula\/\" \/>\n<meta property=\"og:locale\" content=\"es_ES\" \/>\n<meta property=\"og:type\" content=\"article\" \/>\n<meta property=\"og:title\" content=\"Dislexia en ni\u00f1os y c\u00f3mo ayudarlos: se\u00f1ales, diagn\u00f3stico y apoyo en casa y en el aula - Blog Editorial GEU\" \/>\n<meta property=\"og:description\" content=\"La&nbsp;dislexia en ni\u00f1os&nbsp;es una de las dificultades de aprendizaje m\u00e1s comunes y, sin embargo, todav\u00eda es poco comprendida. Diagnosticarla a tiempo es fundamental para ofrecer el apoyo adecuado y evitar problemas de autoestima o desmotivaci\u00f3n escolar. \u00bfQu\u00e9 es la dislexia en ni\u00f1os y c\u00f3mo detectarla? La&nbsp;dislexia&nbsp;es un trastorno espec\u00edfico del aprendizaje que afecta a la [&hellip;]\" \/>\n<meta property=\"og:url\" content=\"https:\/\/www.editorialgeu.com\/blog\/dislexia-en-ninos-y-como-ayudarlos-senales-diagnostico-y-apoyo-en-casa-y-en-el-aula\/\" \/>\n<meta property=\"og:site_name\" content=\"Blog Editorial GEU\" \/>\n<meta property=\"article:published_time\" content=\"2025-08-12T05:59:33+00:00\" \/>\n<meta property=\"article:modified_time\" content=\"2025-08-12T06:02:06+00:00\" \/>\n<meta property=\"og:image\" content=\"https:\/\/www.editorialgeu.com\/blog\/wp-content\/uploads\/2025\/08\/dislexia-ninos.jpg\" \/>\n\t<meta property=\"og:image:width\" content=\"800\" \/>\n\t<meta property=\"og:image:height\" content=\"800\" \/>\n\t<meta property=\"og:image:type\" content=\"image\/jpeg\" \/>\n<meta name=\"author\" content=\"Editorial GEU\" \/>\n<meta name=\"twitter:card\" content=\"summary_large_image\" \/>\n<meta name=\"twitter:label1\" content=\"Escrito por\" \/>\n\t<meta name=\"twitter:data1\" content=\"Editorial GEU\" \/>\n\t<meta name=\"twitter:label2\" content=\"Tiempo de lectura\" \/>\n\t<meta name=\"twitter:data2\" content=\"5 minutos\" \/>\n<script type=\"application\/ld+json\" class=\"yoast-schema-graph\">{\"@context\":\"https:\\\/\\\/schema.org\",\"@graph\":[{\"@type\":\"Article\",\"@id\":\"https:\\\/\\\/www.editorialgeu.com\\\/blog\\\/dislexia-en-ninos-y-como-ayudarlos-senales-diagnostico-y-apoyo-en-casa-y-en-el-aula\\\/#article\",\"isPartOf\":{\"@id\":\"https:\\\/\\\/www.editorialgeu.com\\\/blog\\\/dislexia-en-ninos-y-como-ayudarlos-senales-diagnostico-y-apoyo-en-casa-y-en-el-aula\\\/\"},\"author\":{\"name\":\"Editorial GEU\",\"@id\":\"https:\\\/\\\/www.editorialgeu.com\\\/blog\\\/#\\\/schema\\\/person\\\/23ea65bf43f15fe2acd16b073bdcdb83\"},\"headline\":\"Dislexia en ni\u00f1os y c\u00f3mo ayudarlos: se\u00f1ales, diagn\u00f3stico y apoyo en casa y en el aula\",\"datePublished\":\"2025-08-12T05:59:33+00:00\",\"dateModified\":\"2025-08-12T06:02:06+00:00\",\"mainEntityOfPage\":{\"@id\":\"https:\\\/\\\/www.editorialgeu.com\\\/blog\\\/dislexia-en-ninos-y-como-ayudarlos-senales-diagnostico-y-apoyo-en-casa-y-en-el-aula\\\/\"},\"wordCount\":1057,\"commentCount\":0,\"publisher\":{\"@id\":\"https:\\\/\\\/www.editorialgeu.com\\\/blog\\\/#organization\"},\"image\":{\"@id\":\"https:\\\/\\\/www.editorialgeu.com\\\/blog\\\/dislexia-en-ninos-y-como-ayudarlos-senales-diagnostico-y-apoyo-en-casa-y-en-el-aula\\\/#primaryimage\"},\"thumbnailUrl\":\"https:\\\/\\\/www.editorialgeu.com\\\/blog\\\/wp-content\\\/uploads\\\/2025\\\/08\\\/dislexia-ninos.jpg\",\"articleSection\":[\"Pedagog\u00eda terap\u00e9utica\"],\"inLanguage\":\"es\",\"potentialAction\":[{\"@type\":\"CommentAction\",\"name\":\"Comment\",\"target\":[\"https:\\\/\\\/www.editorialgeu.com\\\/blog\\\/dislexia-en-ninos-y-como-ayudarlos-senales-diagnostico-y-apoyo-en-casa-y-en-el-aula\\\/#respond\"]}]},{\"@type\":\"WebPage\",\"@id\":\"https:\\\/\\\/www.editorialgeu.com\\\/blog\\\/dislexia-en-ninos-y-como-ayudarlos-senales-diagnostico-y-apoyo-en-casa-y-en-el-aula\\\/\",\"url\":\"https:\\\/\\\/www.editorialgeu.com\\\/blog\\\/dislexia-en-ninos-y-como-ayudarlos-senales-diagnostico-y-apoyo-en-casa-y-en-el-aula\\\/\",\"name\":\"Dislexia en ni\u00f1os y c\u00f3mo ayudarlos: se\u00f1ales, diagn\u00f3stico y apoyo en casa y en el aula - Blog Editorial GEU\",\"isPartOf\":{\"@id\":\"https:\\\/\\\/www.editorialgeu.com\\\/blog\\\/#website\"},\"primaryImageOfPage\":{\"@id\":\"https:\\\/\\\/www.editorialgeu.com\\\/blog\\\/dislexia-en-ninos-y-como-ayudarlos-senales-diagnostico-y-apoyo-en-casa-y-en-el-aula\\\/#primaryimage\"},\"image\":{\"@id\":\"https:\\\/\\\/www.editorialgeu.com\\\/blog\\\/dislexia-en-ninos-y-como-ayudarlos-senales-diagnostico-y-apoyo-en-casa-y-en-el-aula\\\/#primaryimage\"},\"thumbnailUrl\":\"https:\\\/\\\/www.editorialgeu.com\\\/blog\\\/wp-content\\\/uploads\\\/2025\\\/08\\\/dislexia-ninos.jpg\",\"datePublished\":\"2025-08-12T05:59:33+00:00\",\"dateModified\":\"2025-08-12T06:02:06+00:00\",\"breadcrumb\":{\"@id\":\"https:\\\/\\\/www.editorialgeu.com\\\/blog\\\/dislexia-en-ninos-y-como-ayudarlos-senales-diagnostico-y-apoyo-en-casa-y-en-el-aula\\\/#breadcrumb\"},\"inLanguage\":\"es\",\"potentialAction\":[{\"@type\":\"ReadAction\",\"target\":[\"https:\\\/\\\/www.editorialgeu.com\\\/blog\\\/dislexia-en-ninos-y-como-ayudarlos-senales-diagnostico-y-apoyo-en-casa-y-en-el-aula\\\/\"]}]},{\"@type\":\"ImageObject\",\"inLanguage\":\"es\",\"@id\":\"https:\\\/\\\/www.editorialgeu.com\\\/blog\\\/dislexia-en-ninos-y-como-ayudarlos-senales-diagnostico-y-apoyo-en-casa-y-en-el-aula\\\/#primaryimage\",\"url\":\"https:\\\/\\\/www.editorialgeu.com\\\/blog\\\/wp-content\\\/uploads\\\/2025\\\/08\\\/dislexia-ninos.jpg\",\"contentUrl\":\"https:\\\/\\\/www.editorialgeu.com\\\/blog\\\/wp-content\\\/uploads\\\/2025\\\/08\\\/dislexia-ninos.jpg\",\"width\":800,\"height\":800,\"caption\":\"Dislexia ni\u00f1os\"},{\"@type\":\"BreadcrumbList\",\"@id\":\"https:\\\/\\\/www.editorialgeu.com\\\/blog\\\/dislexia-en-ninos-y-como-ayudarlos-senales-diagnostico-y-apoyo-en-casa-y-en-el-aula\\\/#breadcrumb\",\"itemListElement\":[{\"@type\":\"ListItem\",\"position\":1,\"name\":\"Portada\",\"item\":\"https:\\\/\\\/www.editorialgeu.com\\\/blog\\\/\"},{\"@type\":\"ListItem\",\"position\":2,\"name\":\"Dislexia en ni\u00f1os y c\u00f3mo ayudarlos: se\u00f1ales, diagn\u00f3stico y apoyo en casa y en el aula\"}]},{\"@type\":\"WebSite\",\"@id\":\"https:\\\/\\\/www.editorialgeu.com\\\/blog\\\/#website\",\"url\":\"https:\\\/\\\/www.editorialgeu.com\\\/blog\\\/\",\"name\":\"Blog Editorial GEU\",\"description\":\"Actualidad, noticias y consejos por una Escuela Inclusiva\",\"publisher\":{\"@id\":\"https:\\\/\\\/www.editorialgeu.com\\\/blog\\\/#organization\"},\"potentialAction\":[{\"@type\":\"SearchAction\",\"target\":{\"@type\":\"EntryPoint\",\"urlTemplate\":\"https:\\\/\\\/www.editorialgeu.com\\\/blog\\\/?s={search_term_string}\"},\"query-input\":{\"@type\":\"PropertyValueSpecification\",\"valueRequired\":true,\"valueName\":\"search_term_string\"}}],\"inLanguage\":\"es\"},{\"@type\":\"Organization\",\"@id\":\"https:\\\/\\\/www.editorialgeu.com\\\/blog\\\/#organization\",\"name\":\"Blog Editorial GEU\",\"url\":\"https:\\\/\\\/www.editorialgeu.com\\\/blog\\\/\",\"logo\":{\"@type\":\"ImageObject\",\"inLanguage\":\"es\",\"@id\":\"https:\\\/\\\/www.editorialgeu.com\\\/blog\\\/#\\\/schema\\\/logo\\\/image\\\/\",\"url\":\"https:\\\/\\\/www.editorialgeu.com\\\/blog\\\/wp-content\\\/uploads\\\/2019\\\/11\\\/LogoGEU_Blog.png\",\"contentUrl\":\"https:\\\/\\\/www.editorialgeu.com\\\/blog\\\/wp-content\\\/uploads\\\/2019\\\/11\\\/LogoGEU_Blog.png\",\"width\":1181,\"height\":477,\"caption\":\"Blog Editorial GEU\"},\"image\":{\"@id\":\"https:\\\/\\\/www.editorialgeu.com\\\/blog\\\/#\\\/schema\\\/logo\\\/image\\\/\"}},{\"@type\":\"Person\",\"@id\":\"https:\\\/\\\/www.editorialgeu.com\\\/blog\\\/#\\\/schema\\\/person\\\/23ea65bf43f15fe2acd16b073bdcdb83\",\"name\":\"Editorial GEU\",\"image\":{\"@type\":\"ImageObject\",\"inLanguage\":\"es\",\"@id\":\"https:\\\/\\\/www.editorialgeu.com\\\/blog\\\/wp-content\\\/uploads\\\/2021\\\/08\\\/Logo-Usuario.jpg\",\"url\":\"https:\\\/\\\/www.editorialgeu.com\\\/blog\\\/wp-content\\\/uploads\\\/2021\\\/08\\\/Logo-Usuario.jpg\",\"contentUrl\":\"https:\\\/\\\/www.editorialgeu.com\\\/blog\\\/wp-content\\\/uploads\\\/2021\\\/08\\\/Logo-Usuario.jpg\",\"caption\":\"Editorial GEU\"},\"description\":\"L\u00edderes en Atenci\u00f3n a la Diversidad.\",\"url\":\"https:\\\/\\\/www.editorialgeu.com\\\/blog\\\/author\\\/geu-admin\\\/\"}]}<\/script>\n<!-- \/ Yoast SEO plugin. -->","yoast_head_json":{"title":"Dislexia en ni\u00f1os y c\u00f3mo ayudarlos: se\u00f1ales, diagn\u00f3stico y apoyo en casa y en el aula - Blog Editorial GEU","robots":{"index":"index","follow":"follow","max-snippet":"max-snippet:-1","max-image-preview":"max-image-preview:large","max-video-preview":"max-video-preview:-1"},"canonical":"https:\/\/www.editorialgeu.com\/blog\/dislexia-en-ninos-y-como-ayudarlos-senales-diagnostico-y-apoyo-en-casa-y-en-el-aula\/","og_locale":"es_ES","og_type":"article","og_title":"Dislexia en ni\u00f1os y c\u00f3mo ayudarlos: se\u00f1ales, diagn\u00f3stico y apoyo en casa y en el aula - Blog Editorial GEU","og_description":"La&nbsp;dislexia en ni\u00f1os&nbsp;es una de las dificultades de aprendizaje m\u00e1s comunes y, sin embargo, todav\u00eda es poco comprendida. Diagnosticarla a tiempo es fundamental para ofrecer el apoyo adecuado y evitar problemas de autoestima o desmotivaci\u00f3n escolar. \u00bfQu\u00e9 es la dislexia en ni\u00f1os y c\u00f3mo detectarla? La&nbsp;dislexia&nbsp;es un trastorno espec\u00edfico del aprendizaje que afecta a la [&hellip;]","og_url":"https:\/\/www.editorialgeu.com\/blog\/dislexia-en-ninos-y-como-ayudarlos-senales-diagnostico-y-apoyo-en-casa-y-en-el-aula\/","og_site_name":"Blog Editorial GEU","article_published_time":"2025-08-12T05:59:33+00:00","article_modified_time":"2025-08-12T06:02:06+00:00","og_image":[{"width":800,"height":800,"url":"https:\/\/www.editorialgeu.com\/blog\/wp-content\/uploads\/2025\/08\/dislexia-ninos.jpg","type":"image\/jpeg"}],"author":"Editorial GEU","twitter_card":"summary_large_image","twitter_misc":{"Escrito por":"Editorial GEU","Tiempo de lectura":"5 minutos"},"schema":{"@context":"https:\/\/schema.org","@graph":[{"@type":"Article","@id":"https:\/\/www.editorialgeu.com\/blog\/dislexia-en-ninos-y-como-ayudarlos-senales-diagnostico-y-apoyo-en-casa-y-en-el-aula\/#article","isPartOf":{"@id":"https:\/\/www.editorialgeu.com\/blog\/dislexia-en-ninos-y-como-ayudarlos-senales-diagnostico-y-apoyo-en-casa-y-en-el-aula\/"},"author":{"name":"Editorial GEU","@id":"https:\/\/www.editorialgeu.com\/blog\/#\/schema\/person\/23ea65bf43f15fe2acd16b073bdcdb83"},"headline":"Dislexia en ni\u00f1os y c\u00f3mo ayudarlos: se\u00f1ales, diagn\u00f3stico y apoyo en casa y en el aula","datePublished":"2025-08-12T05:59:33+00:00","dateModified":"2025-08-12T06:02:06+00:00","mainEntityOfPage":{"@id":"https:\/\/www.editorialgeu.com\/blog\/dislexia-en-ninos-y-como-ayudarlos-senales-diagnostico-y-apoyo-en-casa-y-en-el-aula\/"},"wordCount":1057,"commentCount":0,"publisher":{"@id":"https:\/\/www.editorialgeu.com\/blog\/#organization"},"image":{"@id":"https:\/\/www.editorialgeu.com\/blog\/dislexia-en-ninos-y-como-ayudarlos-senales-diagnostico-y-apoyo-en-casa-y-en-el-aula\/#primaryimage"},"thumbnailUrl":"https:\/\/www.editorialgeu.com\/blog\/wp-content\/uploads\/2025\/08\/dislexia-ninos.jpg","articleSection":["Pedagog\u00eda terap\u00e9utica"],"inLanguage":"es","potentialAction":[{"@type":"CommentAction","name":"Comment","target":["https:\/\/www.editorialgeu.com\/blog\/dislexia-en-ninos-y-como-ayudarlos-senales-diagnostico-y-apoyo-en-casa-y-en-el-aula\/#respond"]}]},{"@type":"WebPage","@id":"https:\/\/www.editorialgeu.com\/blog\/dislexia-en-ninos-y-como-ayudarlos-senales-diagnostico-y-apoyo-en-casa-y-en-el-aula\/","url":"https:\/\/www.editorialgeu.com\/blog\/dislexia-en-ninos-y-como-ayudarlos-senales-diagnostico-y-apoyo-en-casa-y-en-el-aula\/","name":"Dislexia en ni\u00f1os y c\u00f3mo ayudarlos: se\u00f1ales, diagn\u00f3stico y apoyo en casa y en el aula - Blog Editorial GEU","isPartOf":{"@id":"https:\/\/www.editorialgeu.com\/blog\/#website"},"primaryImageOfPage":{"@id":"https:\/\/www.editorialgeu.com\/blog\/dislexia-en-ninos-y-como-ayudarlos-senales-diagnostico-y-apoyo-en-casa-y-en-el-aula\/#primaryimage"},"image":{"@id":"https:\/\/www.editorialgeu.com\/blog\/dislexia-en-ninos-y-como-ayudarlos-senales-diagnostico-y-apoyo-en-casa-y-en-el-aula\/#primaryimage"},"thumbnailUrl":"https:\/\/www.editorialgeu.com\/blog\/wp-content\/uploads\/2025\/08\/dislexia-ninos.jpg","datePublished":"2025-08-12T05:59:33+00:00","dateModified":"2025-08-12T06:02:06+00:00","breadcrumb":{"@id":"https:\/\/www.editorialgeu.com\/blog\/dislexia-en-ninos-y-como-ayudarlos-senales-diagnostico-y-apoyo-en-casa-y-en-el-aula\/#breadcrumb"},"inLanguage":"es","potentialAction":[{"@type":"ReadAction","target":["https:\/\/www.editorialgeu.com\/blog\/dislexia-en-ninos-y-como-ayudarlos-senales-diagnostico-y-apoyo-en-casa-y-en-el-aula\/"]}]},{"@type":"ImageObject","inLanguage":"es","@id":"https:\/\/www.editorialgeu.com\/blog\/dislexia-en-ninos-y-como-ayudarlos-senales-diagnostico-y-apoyo-en-casa-y-en-el-aula\/#primaryimage","url":"https:\/\/www.editorialgeu.com\/blog\/wp-content\/uploads\/2025\/08\/dislexia-ninos.jpg","contentUrl":"https:\/\/www.editorialgeu.com\/blog\/wp-content\/uploads\/2025\/08\/dislexia-ninos.jpg","width":800,"height":800,"caption":"Dislexia ni\u00f1os"},{"@type":"BreadcrumbList","@id":"https:\/\/www.editorialgeu.com\/blog\/dislexia-en-ninos-y-como-ayudarlos-senales-diagnostico-y-apoyo-en-casa-y-en-el-aula\/#breadcrumb","itemListElement":[{"@type":"ListItem","position":1,"name":"Portada","item":"https:\/\/www.editorialgeu.com\/blog\/"},{"@type":"ListItem","position":2,"name":"Dislexia en ni\u00f1os y c\u00f3mo ayudarlos: se\u00f1ales, diagn\u00f3stico y apoyo en casa y en el aula"}]},{"@type":"WebSite","@id":"https:\/\/www.editorialgeu.com\/blog\/#website","url":"https:\/\/www.editorialgeu.com\/blog\/","name":"Blog Editorial GEU","description":"Actualidad, noticias y consejos por una Escuela Inclusiva","publisher":{"@id":"https:\/\/www.editorialgeu.com\/blog\/#organization"},"potentialAction":[{"@type":"SearchAction","target":{"@type":"EntryPoint","urlTemplate":"https:\/\/www.editorialgeu.com\/blog\/?s={search_term_string}"},"query-input":{"@type":"PropertyValueSpecification","valueRequired":true,"valueName":"search_term_string"}}],"inLanguage":"es"},{"@type":"Organization","@id":"https:\/\/www.editorialgeu.com\/blog\/#organization","name":"Blog Editorial GEU","url":"https:\/\/www.editorialgeu.com\/blog\/","logo":{"@type":"ImageObject","inLanguage":"es","@id":"https:\/\/www.editorialgeu.com\/blog\/#\/schema\/logo\/image\/","url":"https:\/\/www.editorialgeu.com\/blog\/wp-content\/uploads\/2019\/11\/LogoGEU_Blog.png","contentUrl":"https:\/\/www.editorialgeu.com\/blog\/wp-content\/uploads\/2019\/11\/LogoGEU_Blog.png","width":1181,"height":477,"caption":"Blog Editorial GEU"},"image":{"@id":"https:\/\/www.editorialgeu.com\/blog\/#\/schema\/logo\/image\/"}},{"@type":"Person","@id":"https:\/\/www.editorialgeu.com\/blog\/#\/schema\/person\/23ea65bf43f15fe2acd16b073bdcdb83","name":"Editorial GEU","image":{"@type":"ImageObject","inLanguage":"es","@id":"https:\/\/www.editorialgeu.com\/blog\/wp-content\/uploads\/2021\/08\/Logo-Usuario.jpg","url":"https:\/\/www.editorialgeu.com\/blog\/wp-content\/uploads\/2021\/08\/Logo-Usuario.jpg","contentUrl":"https:\/\/www.editorialgeu.com\/blog\/wp-content\/uploads\/2021\/08\/Logo-Usuario.jpg","caption":"Editorial GEU"},"description":"L\u00edderes en Atenci\u00f3n a la Diversidad.","url":"https:\/\/www.editorialgeu.com\/blog\/author\/geu-admin\/"}]}},"_links":{"self":[{"href":"https:\/\/www.editorialgeu.com\/blog\/wp-json\/wp\/v2\/posts\/2926","targetHints":{"allow":["GET"]}}],"collection":[{"href":"https:\/\/www.editorialgeu.com\/blog\/wp-json\/wp\/v2\/posts"}],"about":[{"href":"https:\/\/www.editorialgeu.com\/blog\/wp-json\/wp\/v2\/types\/post"}],"author":[{"embeddable":true,"href":"https:\/\/www.editorialgeu.com\/blog\/wp-json\/wp\/v2\/users\/1"}],"replies":[{"embeddable":true,"href":"https:\/\/www.editorialgeu.com\/blog\/wp-json\/wp\/v2\/comments?post=2926"}],"version-history":[{"count":1,"href":"https:\/\/www.editorialgeu.com\/blog\/wp-json\/wp\/v2\/posts\/2926\/revisions"}],"predecessor-version":[{"id":2928,"href":"https:\/\/www.editorialgeu.com\/blog\/wp-json\/wp\/v2\/posts\/2926\/revisions\/2928"}],"wp:featuredmedia":[{"embeddable":true,"href":"https:\/\/www.editorialgeu.com\/blog\/wp-json\/wp\/v2\/media\/2927"}],"wp:attachment":[{"href":"https:\/\/www.editorialgeu.com\/blog\/wp-json\/wp\/v2\/media?parent=2926"}],"wp:term":[{"taxonomy":"category","embeddable":true,"href":"https:\/\/www.editorialgeu.com\/blog\/wp-json\/wp\/v2\/categories?post=2926"},{"taxonomy":"post_tag","embeddable":true,"href":"https:\/\/www.editorialgeu.com\/blog\/wp-json\/wp\/v2\/tags?post=2926"}],"curies":[{"name":"wp","href":"https:\/\/api.w.org\/{rel}","templated":true}]}}