{"id":3018,"date":"2025-08-21T11:49:28","date_gmt":"2025-08-21T09:49:28","guid":{"rendered":"https:\/\/www.editorialgeu.com\/blog\/?p=3018"},"modified":"2025-08-21T11:49:30","modified_gmt":"2025-08-21T09:49:30","slug":"analyse-syntaxique-de-la-phrase-simple-pas-a-pas","status":"publish","type":"post","link":"https:\/\/www.editorialgeu.com\/blog\/fr\/analyse-syntaxique-de-la-phrase-simple-pas-a-pas\/","title":{"rendered":"Analyse syntaxique de la phrase simple pas \u00e0 pas"},"content":{"rendered":"\n<p>Dans l\u2019article d\u2019aujourd\u2019hui, nous voulons t\u2019expliquer pas \u00e0 pas comment r\u00e9aliser une&nbsp;<strong>analyse syntaxique d\u2019une phrase simple<\/strong>, en suivant quatre \u00e9tapes faciles. Ainsi tu \u00e9viteras les confusions et r\u00e9duiras les risques d\u2019erreur dans l\u2019analyse.<\/p>\n\n\n\n<p>Tout d\u2019abord, nous allons diviser la phrase en deux parties :&nbsp;<strong>sujet<\/strong>&nbsp;et&nbsp;<strong>pr\u00e9dicat<\/strong>. Une fois ces deux parties bien distingu\u00e9es, nous pouvons commencer l\u2019analyse syntaxique de la phrase.<\/p>\n\n\n\n<p>Nous prendrons comme exemple la phrase suivante :<\/p>\n\n\n\n<p><strong>Le fils de ma voisine m\u2019a offert une balle verte hier.<\/strong><\/p>\n\n\n\n<hr class=\"wp-block-separator has-alpha-channel-opacity\"\/>\n\n\n\n<h3 class=\"wp-block-heading\">\u00c9tape 1 : rep\u00e9rer le verbe<\/h3>\n\n\n\n<p>Cette premi\u00e8re \u00e9tape est tr\u00e8s importante et fondamentale, car toute phrase doit contenir un verbe. De cette mani\u00e8re, on \u00e9vite des probl\u00e8mes comme analyser le sujet de la phrase comme s\u2019il s\u2019agissait d\u2019un autre compl\u00e9ment du verbe.<\/p>\n\n\n\n<p><strong>Le fils de ma voisine m\u2019a offert une balle verte hier.<\/strong><\/p>\n\n\n\n<hr class=\"wp-block-separator has-alpha-channel-opacity\"\/>\n\n\n\n<h3 class=\"wp-block-heading\">\u00c9tape 2 : chercher le sujet<\/h3>\n\n\n\n<p>Pour localiser le sujet, nous devons nous poser la question :&nbsp;<strong>Qui + verbe ?<\/strong><br>Dans ce cas, la question serait :<\/p>\n\n\n\n<p><strong>Qui m\u2019a offert une balle verte hier ? = Le fils de ma voisine.<\/strong><\/p>\n\n\n\n<hr class=\"wp-block-separator has-alpha-channel-opacity\"\/>\n\n\n\n<h3 class=\"wp-block-heading\">\u00c9tape 3 : analyser les compl\u00e9ments du sujet (s\u2019il y en a)<\/h3>\n\n\n\n<p>Tout groupe qui pr\u00e9c\u00e8de ou suit le sujet le&nbsp;<strong>compl\u00e8te<\/strong>. Il peut y avoir plus d\u2019un compl\u00e9ment du nom, m\u00eame si c\u2019est moins fr\u00e9quent.<\/p>\n\n\n\n<p><strong>Le fils de ma voisine m\u2019a offert une balle verte hier.<\/strong><\/p>\n\n\n\n<p>Enfin, si tu as d\u00e9j\u00e0 rep\u00e9r\u00e9 le&nbsp;<strong>GN\u2013Sujet<\/strong>&nbsp;avec son noyau, comme ici, tu sais que&nbsp;<strong>tout ce qui n\u2019est pas le sujet<\/strong>&nbsp;fait partie du&nbsp;<strong>pr\u00e9dicat<\/strong>.<\/p>\n\n\n\n<hr class=\"wp-block-separator has-alpha-channel-opacity\"\/>\n\n\n\n<h3 class=\"wp-block-heading\">\u00c9tape 4 : analyser les compl\u00e9ments du verbe<\/h3>\n\n\n\n<p>Le&nbsp;<strong>groupe verbal (pr\u00e9dicat)<\/strong>&nbsp;peut \u00eatre de deux types :&nbsp;<strong>nominal<\/strong>&nbsp;ou&nbsp;<strong>verbal<\/strong>.<\/p>\n\n\n\n<ul class=\"wp-block-list\">\n<li>Le premier a pour compl\u00e9ment principal et indispensable l\u2019<strong>attribut<\/strong>\u00a0(et peut avoir ou non des compl\u00e9ments circonstanciels).<\/li>\n\n\n\n<li>Le second peut recevoir n\u2019importe lequel des autres compl\u00e9ments verbaux.<\/li>\n<\/ul>\n\n\n\n<p>Dans notre exemple :<\/p>\n\n\n\n<p><strong>Le fils de ma voisine m\u2019a offert une balle verte hier.<\/strong><\/p>\n\n\n\n<ol class=\"wp-block-list\">\n<li><strong>Type de pr\u00e9dicat<\/strong>\u00a0: le verbe est\u00a0<em>offrir<\/em>, c\u2019est donc un\u00a0<strong>pr\u00e9dicat verbal<\/strong>.<\/li>\n\n\n\n<li><strong>Rep\u00e9rage des groupes<\/strong>\u00a0:\u00a0<em>m\u2019a offert une balle verte hier<\/em>\u00a0\u2192 compl\u00e9ments :\u00a0<strong>une balle verte<\/strong>,\u00a0<strong>m\u2019<\/strong>,\u00a0<strong>hier<\/strong>.<\/li>\n\n\n\n<li><strong>Tests<\/strong>\u00a0:<\/li>\n<\/ol>\n\n\n\n<ul class=\"wp-block-list\">\n<li><em>Il m\u2019a offert une balle verte hier<\/em>\u00a0\u2192\u00a0<em>Il me\u00a0<strong>l\u2019<\/strong>\u00a0a offerte hier<\/em>\u00a0=\u00a0<strong>COD<\/strong>\u00a0(<em>une balle verte<\/em>).<\/li>\n\n\n\n<li><em>Il m\u2019a offert une balle verte hier<\/em>\u00a0\u2192\u00a0<strong>Quand ?<\/strong>\u00a0\u2192\u00a0<strong>hier<\/strong>\u00a0=\u00a0<strong>CC de temps<\/strong>.<\/li>\n\n\n\n<li><em>Il m\u2019a offert une balle verte hier<\/em>\u00a0\u2192\u00a0<strong>\u00c0 qui ?<\/strong>\u00a0\u2192\u00a0<strong>\u00e0 moi (m\u2019)<\/strong>\u00a0=\u00a0<strong>COD ou COI ?<\/strong><\/li>\n<\/ul>\n\n\n\n<p>Pour lever le doute entre&nbsp;<strong>compl\u00e9ment d\u2019objet direct (COD)<\/strong>&nbsp;et&nbsp;<strong>compl\u00e9ment d\u2019objet indirect (COI)<\/strong>&nbsp;:<\/p>\n\n\n\n<ul class=\"wp-block-list\">\n<li>Le\u00a0<strong>COD<\/strong>\u00a0se remplace par\u00a0<strong>le\/la\/l\u2019<\/strong>\u00a0\u2192\u00a0<em>Il\u00a0<strong>l\u2019<\/strong>\u00a0a offerte hier.<\/em><\/li>\n\n\n\n<li>Le\u00a0<strong>COI<\/strong>\u00a0se remplace par\u00a0<strong>lui<\/strong>\u00a0\u2192\u00a0<em>Il\u00a0<strong>lui<\/strong>\u00a0a offert une balle verte hier.<\/em><\/li>\n<\/ul>\n\n\n\n<p>La premi\u00e8re tournure montre que&nbsp;<em>une balle verte<\/em>&nbsp;est bien le&nbsp;<strong>COD<\/strong>. De plus, on offre&nbsp;<strong>quelque chose<\/strong>&nbsp;(COD =&nbsp;<em>une balle verte<\/em>)&nbsp;<strong>\u00e0 quelqu\u2019un<\/strong>&nbsp;(COI =&nbsp;<em>moi \u2192 me<\/em>).<\/p>\n\n\n\n<hr class=\"wp-block-separator has-alpha-channel-opacity\"\/>\n\n\n\n<p>Il s\u2019agit l\u00e0 d\u2019une&nbsp;<strong>analyse de base d\u2019une phrase simple<\/strong>. Comme tu le vois, en tenant toujours compte de ces&nbsp;<strong>4 \u00e9tapes<\/strong>, il te sera bien plus facile d\u2019analyser chaque phrase.<\/p>\n\n\n\n<p>Nous te laissons quelques exercices d\u2019exemple pour t\u2019entra\u00eener \u00e0 la maison, ainsi qu\u2019un lien direct vers notre collection&nbsp;<strong>\u00ab Lectures compr\u00e9hensives \u00bb<\/strong>, avec laquelle on travaille toutes les composantes de la langue : lecture, \u00e9criture, grammaire, vocabulaire et orthographe.<\/p>\n\n\n\n<p><strong>Clique ici pour obtenir ton cahier de Lectures compr\u00e9hensives.<\/strong><\/p>\n\n\n\n<hr class=\"wp-block-separator has-alpha-channel-opacity\"\/>\n\n\n\n<h3 class=\"wp-block-heading\">Exercices d\u2019exemple pour pratiquer l\u2019analyse syntaxique de la phrase simple<\/h3>\n\n\n\n<ol class=\"wp-block-list\">\n<li><strong>Pedro, mon cousin, est ing\u00e9nieur.<\/strong><\/li>\n\n\n\n<li><strong>La fleur rouge s\u2019est fan\u00e9e.<\/strong><\/li>\n\n\n\n<li><strong>Le chant des oiseaux me d\u00e9tend.<\/strong><\/li>\n\n\n\n<li><strong>La maison dans l\u2019arbre est en bois.<\/strong><\/li>\n\n\n\n<li><strong>Je me suis achet\u00e9 une voiture de luxe.<\/strong><\/li>\n<\/ol>\n\n\n\n<p>Nous esp\u00e9rons que ces informations t\u2019ont \u00e9t\u00e9 tr\u00e8s utiles. Si tu as la moindre question, laisse-nous un commentaire.<\/p>\n","protected":false},"excerpt":{"rendered":"<p>Dans l\u2019article d\u2019aujourd\u2019hui, nous voulons t\u2019expliquer pas \u00e0 pas comment r\u00e9aliser une&nbsp;analyse syntaxique d\u2019une phrase simple, en suivant quatre \u00e9tapes faciles. Ainsi tu \u00e9viteras les confusions et r\u00e9duiras les risques d\u2019erreur dans l\u2019analyse. Tout d\u2019abord, nous allons diviser la phrase en deux parties :&nbsp;sujet&nbsp;et&nbsp;pr\u00e9dicat. Une fois ces deux parties bien distingu\u00e9es, nous pouvons commencer l\u2019analyse [&hellip;]<\/p>\n","protected":false},"author":1,"featured_media":1660,"comment_status":"open","ping_status":"open","sticky":false,"template":"","format":"standard","meta":{"footnotes":""},"categories":[382],"tags":[],"class_list":["post-3018","post","type-post","status-publish","format-standard","has-post-thumbnail","hentry","category-sin-categoria-fr"],"yoast_head":"<!-- This site is optimized with the Yoast SEO plugin v27.4 - https:\/\/yoast.com\/product\/yoast-seo-wordpress\/ -->\n<title>Analyse syntaxique de la phrase simple pas \u00e0 pas - Blog Editorial GEU<\/title>\n<meta name=\"description\" content=\"Aprende a realizar un an\u00e1lisis sint\u00e1ctico de la oraci\u00f3n simple, siguiendo cuatro sencillos pasos y ponlo en pr\u00e1ctica con estos ejercicios.\" \/>\n<meta name=\"robots\" content=\"index, follow, max-snippet:-1, max-image-preview:large, max-video-preview:-1\" \/>\n<link rel=\"canonical\" href=\"https:\/\/www.editorialgeu.com\/blog\/fr\/analyse-syntaxique-de-la-phrase-simple-pas-a-pas\/\" \/>\n<meta property=\"og:locale\" content=\"es_ES\" \/>\n<meta property=\"og:type\" content=\"article\" \/>\n<meta property=\"og:title\" content=\"Analyse syntaxique de la phrase simple pas \u00e0 pas - Blog Editorial GEU\" \/>\n<meta property=\"og:description\" content=\"Aprende a realizar un an\u00e1lisis sint\u00e1ctico de la oraci\u00f3n simple, siguiendo cuatro sencillos pasos y ponlo en pr\u00e1ctica con estos ejercicios.\" \/>\n<meta property=\"og:url\" content=\"https:\/\/www.editorialgeu.com\/blog\/fr\/analyse-syntaxique-de-la-phrase-simple-pas-a-pas\/\" \/>\n<meta property=\"og:site_name\" content=\"Blog Editorial GEU\" \/>\n<meta property=\"article:published_time\" content=\"2025-08-21T09:49:28+00:00\" \/>\n<meta property=\"article:modified_time\" content=\"2025-08-21T09:49:30+00:00\" \/>\n<meta property=\"og:image\" content=\"https:\/\/www.editorialgeu.com\/blog\/wp-content\/uploads\/2021\/05\/analisis-morfologico.jpg\" \/>\n\t<meta property=\"og:image:width\" content=\"625\" \/>\n\t<meta property=\"og:image:height\" content=\"352\" \/>\n\t<meta property=\"og:image:type\" content=\"image\/jpeg\" \/>\n<meta name=\"author\" content=\"Editorial GEU\" \/>\n<meta name=\"twitter:card\" content=\"summary_large_image\" \/>\n<meta name=\"twitter:label1\" content=\"Escrito por\" \/>\n\t<meta name=\"twitter:data1\" content=\"Editorial GEU\" \/>\n\t<meta name=\"twitter:label2\" content=\"Tiempo de lectura\" \/>\n\t<meta name=\"twitter:data2\" content=\"3 minutos\" \/>\n<script type=\"application\/ld+json\" class=\"yoast-schema-graph\">{\"@context\":\"https:\\\/\\\/schema.org\",\"@graph\":[{\"@type\":\"Article\",\"@id\":\"https:\\\/\\\/www.editorialgeu.com\\\/blog\\\/fr\\\/analyse-syntaxique-de-la-phrase-simple-pas-a-pas\\\/#article\",\"isPartOf\":{\"@id\":\"https:\\\/\\\/www.editorialgeu.com\\\/blog\\\/fr\\\/analyse-syntaxique-de-la-phrase-simple-pas-a-pas\\\/\"},\"author\":{\"name\":\"Editorial GEU\",\"@id\":\"https:\\\/\\\/www.editorialgeu.com\\\/blog\\\/#\\\/schema\\\/person\\\/23ea65bf43f15fe2acd16b073bdcdb83\"},\"headline\":\"Analyse syntaxique de la phrase simple pas \u00e0 pas\",\"datePublished\":\"2025-08-21T09:49:28+00:00\",\"dateModified\":\"2025-08-21T09:49:30+00:00\",\"mainEntityOfPage\":{\"@id\":\"https:\\\/\\\/www.editorialgeu.com\\\/blog\\\/fr\\\/analyse-syntaxique-de-la-phrase-simple-pas-a-pas\\\/\"},\"wordCount\":690,\"commentCount\":0,\"publisher\":{\"@id\":\"https:\\\/\\\/www.editorialgeu.com\\\/blog\\\/#organization\"},\"image\":{\"@id\":\"https:\\\/\\\/www.editorialgeu.com\\\/blog\\\/fr\\\/analyse-syntaxique-de-la-phrase-simple-pas-a-pas\\\/#primaryimage\"},\"thumbnailUrl\":\"https:\\\/\\\/www.editorialgeu.com\\\/blog\\\/wp-content\\\/uploads\\\/2021\\\/05\\\/analisis-morfologico.jpg\",\"inLanguage\":\"es\",\"potentialAction\":[{\"@type\":\"CommentAction\",\"name\":\"Comment\",\"target\":[\"https:\\\/\\\/www.editorialgeu.com\\\/blog\\\/fr\\\/analyse-syntaxique-de-la-phrase-simple-pas-a-pas\\\/#respond\"]}]},{\"@type\":\"WebPage\",\"@id\":\"https:\\\/\\\/www.editorialgeu.com\\\/blog\\\/fr\\\/analyse-syntaxique-de-la-phrase-simple-pas-a-pas\\\/\",\"url\":\"https:\\\/\\\/www.editorialgeu.com\\\/blog\\\/fr\\\/analyse-syntaxique-de-la-phrase-simple-pas-a-pas\\\/\",\"name\":\"Analyse syntaxique de la phrase simple pas \u00e0 pas - Blog Editorial GEU\",\"isPartOf\":{\"@id\":\"https:\\\/\\\/www.editorialgeu.com\\\/blog\\\/#website\"},\"primaryImageOfPage\":{\"@id\":\"https:\\\/\\\/www.editorialgeu.com\\\/blog\\\/fr\\\/analyse-syntaxique-de-la-phrase-simple-pas-a-pas\\\/#primaryimage\"},\"image\":{\"@id\":\"https:\\\/\\\/www.editorialgeu.com\\\/blog\\\/fr\\\/analyse-syntaxique-de-la-phrase-simple-pas-a-pas\\\/#primaryimage\"},\"thumbnailUrl\":\"https:\\\/\\\/www.editorialgeu.com\\\/blog\\\/wp-content\\\/uploads\\\/2021\\\/05\\\/analisis-morfologico.jpg\",\"datePublished\":\"2025-08-21T09:49:28+00:00\",\"dateModified\":\"2025-08-21T09:49:30+00:00\",\"description\":\"Aprende a realizar un an\u00e1lisis sint\u00e1ctico de la oraci\u00f3n simple, siguiendo cuatro sencillos pasos y ponlo en pr\u00e1ctica con estos ejercicios.\",\"breadcrumb\":{\"@id\":\"https:\\\/\\\/www.editorialgeu.com\\\/blog\\\/fr\\\/analyse-syntaxique-de-la-phrase-simple-pas-a-pas\\\/#breadcrumb\"},\"inLanguage\":\"es\",\"potentialAction\":[{\"@type\":\"ReadAction\",\"target\":[\"https:\\\/\\\/www.editorialgeu.com\\\/blog\\\/fr\\\/analyse-syntaxique-de-la-phrase-simple-pas-a-pas\\\/\"]}]},{\"@type\":\"ImageObject\",\"inLanguage\":\"es\",\"@id\":\"https:\\\/\\\/www.editorialgeu.com\\\/blog\\\/fr\\\/analyse-syntaxique-de-la-phrase-simple-pas-a-pas\\\/#primaryimage\",\"url\":\"https:\\\/\\\/www.editorialgeu.com\\\/blog\\\/wp-content\\\/uploads\\\/2021\\\/05\\\/analisis-morfologico.jpg\",\"contentUrl\":\"https:\\\/\\\/www.editorialgeu.com\\\/blog\\\/wp-content\\\/uploads\\\/2021\\\/05\\\/analisis-morfologico.jpg\",\"width\":625,\"height\":352,\"caption\":\"analisis morfologico\"},{\"@type\":\"BreadcrumbList\",\"@id\":\"https:\\\/\\\/www.editorialgeu.com\\\/blog\\\/fr\\\/analyse-syntaxique-de-la-phrase-simple-pas-a-pas\\\/#breadcrumb\",\"itemListElement\":[{\"@type\":\"ListItem\",\"position\":1,\"name\":\"Portada\",\"item\":\"https:\\\/\\\/www.editorialgeu.com\\\/blog\\\/\"},{\"@type\":\"ListItem\",\"position\":2,\"name\":\"Analyse syntaxique de la phrase simple pas \u00e0 pas\"}]},{\"@type\":\"WebSite\",\"@id\":\"https:\\\/\\\/www.editorialgeu.com\\\/blog\\\/#website\",\"url\":\"https:\\\/\\\/www.editorialgeu.com\\\/blog\\\/\",\"name\":\"Blog Editorial GEU\",\"description\":\"Actualidad, noticias y consejos por una Escuela Inclusiva\",\"publisher\":{\"@id\":\"https:\\\/\\\/www.editorialgeu.com\\\/blog\\\/#organization\"},\"potentialAction\":[{\"@type\":\"SearchAction\",\"target\":{\"@type\":\"EntryPoint\",\"urlTemplate\":\"https:\\\/\\\/www.editorialgeu.com\\\/blog\\\/?s={search_term_string}\"},\"query-input\":{\"@type\":\"PropertyValueSpecification\",\"valueRequired\":true,\"valueName\":\"search_term_string\"}}],\"inLanguage\":\"es\"},{\"@type\":\"Organization\",\"@id\":\"https:\\\/\\\/www.editorialgeu.com\\\/blog\\\/#organization\",\"name\":\"Blog Editorial GEU\",\"url\":\"https:\\\/\\\/www.editorialgeu.com\\\/blog\\\/\",\"logo\":{\"@type\":\"ImageObject\",\"inLanguage\":\"es\",\"@id\":\"https:\\\/\\\/www.editorialgeu.com\\\/blog\\\/#\\\/schema\\\/logo\\\/image\\\/\",\"url\":\"https:\\\/\\\/www.editorialgeu.com\\\/blog\\\/wp-content\\\/uploads\\\/2019\\\/11\\\/LogoGEU_Blog.png\",\"contentUrl\":\"https:\\\/\\\/www.editorialgeu.com\\\/blog\\\/wp-content\\\/uploads\\\/2019\\\/11\\\/LogoGEU_Blog.png\",\"width\":1181,\"height\":477,\"caption\":\"Blog Editorial GEU\"},\"image\":{\"@id\":\"https:\\\/\\\/www.editorialgeu.com\\\/blog\\\/#\\\/schema\\\/logo\\\/image\\\/\"}},{\"@type\":\"Person\",\"@id\":\"https:\\\/\\\/www.editorialgeu.com\\\/blog\\\/#\\\/schema\\\/person\\\/23ea65bf43f15fe2acd16b073bdcdb83\",\"name\":\"Editorial GEU\",\"image\":{\"@type\":\"ImageObject\",\"inLanguage\":\"es\",\"@id\":\"https:\\\/\\\/www.editorialgeu.com\\\/blog\\\/wp-content\\\/uploads\\\/2021\\\/08\\\/Logo-Usuario.jpg\",\"url\":\"https:\\\/\\\/www.editorialgeu.com\\\/blog\\\/wp-content\\\/uploads\\\/2021\\\/08\\\/Logo-Usuario.jpg\",\"contentUrl\":\"https:\\\/\\\/www.editorialgeu.com\\\/blog\\\/wp-content\\\/uploads\\\/2021\\\/08\\\/Logo-Usuario.jpg\",\"caption\":\"Editorial GEU\"},\"description\":\"L\u00edderes en Atenci\u00f3n a la Diversidad.\",\"url\":\"https:\\\/\\\/www.editorialgeu.com\\\/blog\\\/author\\\/geu-admin\\\/\"}]}<\/script>\n<!-- \/ Yoast SEO plugin. -->","yoast_head_json":{"title":"Analyse syntaxique de la phrase simple pas \u00e0 pas - Blog Editorial GEU","description":"Aprende a realizar un an\u00e1lisis sint\u00e1ctico de la oraci\u00f3n simple, siguiendo cuatro sencillos pasos y ponlo en pr\u00e1ctica con estos ejercicios.","robots":{"index":"index","follow":"follow","max-snippet":"max-snippet:-1","max-image-preview":"max-image-preview:large","max-video-preview":"max-video-preview:-1"},"canonical":"https:\/\/www.editorialgeu.com\/blog\/fr\/analyse-syntaxique-de-la-phrase-simple-pas-a-pas\/","og_locale":"es_ES","og_type":"article","og_title":"Analyse syntaxique de la phrase simple pas \u00e0 pas - Blog Editorial GEU","og_description":"Aprende a realizar un an\u00e1lisis sint\u00e1ctico de la oraci\u00f3n simple, siguiendo cuatro sencillos pasos y ponlo en pr\u00e1ctica con estos ejercicios.","og_url":"https:\/\/www.editorialgeu.com\/blog\/fr\/analyse-syntaxique-de-la-phrase-simple-pas-a-pas\/","og_site_name":"Blog Editorial GEU","article_published_time":"2025-08-21T09:49:28+00:00","article_modified_time":"2025-08-21T09:49:30+00:00","og_image":[{"width":625,"height":352,"url":"https:\/\/www.editorialgeu.com\/blog\/wp-content\/uploads\/2021\/05\/analisis-morfologico.jpg","type":"image\/jpeg"}],"author":"Editorial GEU","twitter_card":"summary_large_image","twitter_misc":{"Escrito por":"Editorial GEU","Tiempo de lectura":"3 minutos"},"schema":{"@context":"https:\/\/schema.org","@graph":[{"@type":"Article","@id":"https:\/\/www.editorialgeu.com\/blog\/fr\/analyse-syntaxique-de-la-phrase-simple-pas-a-pas\/#article","isPartOf":{"@id":"https:\/\/www.editorialgeu.com\/blog\/fr\/analyse-syntaxique-de-la-phrase-simple-pas-a-pas\/"},"author":{"name":"Editorial GEU","@id":"https:\/\/www.editorialgeu.com\/blog\/#\/schema\/person\/23ea65bf43f15fe2acd16b073bdcdb83"},"headline":"Analyse syntaxique de la phrase simple pas \u00e0 pas","datePublished":"2025-08-21T09:49:28+00:00","dateModified":"2025-08-21T09:49:30+00:00","mainEntityOfPage":{"@id":"https:\/\/www.editorialgeu.com\/blog\/fr\/analyse-syntaxique-de-la-phrase-simple-pas-a-pas\/"},"wordCount":690,"commentCount":0,"publisher":{"@id":"https:\/\/www.editorialgeu.com\/blog\/#organization"},"image":{"@id":"https:\/\/www.editorialgeu.com\/blog\/fr\/analyse-syntaxique-de-la-phrase-simple-pas-a-pas\/#primaryimage"},"thumbnailUrl":"https:\/\/www.editorialgeu.com\/blog\/wp-content\/uploads\/2021\/05\/analisis-morfologico.jpg","inLanguage":"es","potentialAction":[{"@type":"CommentAction","name":"Comment","target":["https:\/\/www.editorialgeu.com\/blog\/fr\/analyse-syntaxique-de-la-phrase-simple-pas-a-pas\/#respond"]}]},{"@type":"WebPage","@id":"https:\/\/www.editorialgeu.com\/blog\/fr\/analyse-syntaxique-de-la-phrase-simple-pas-a-pas\/","url":"https:\/\/www.editorialgeu.com\/blog\/fr\/analyse-syntaxique-de-la-phrase-simple-pas-a-pas\/","name":"Analyse syntaxique de la phrase simple pas \u00e0 pas - Blog Editorial GEU","isPartOf":{"@id":"https:\/\/www.editorialgeu.com\/blog\/#website"},"primaryImageOfPage":{"@id":"https:\/\/www.editorialgeu.com\/blog\/fr\/analyse-syntaxique-de-la-phrase-simple-pas-a-pas\/#primaryimage"},"image":{"@id":"https:\/\/www.editorialgeu.com\/blog\/fr\/analyse-syntaxique-de-la-phrase-simple-pas-a-pas\/#primaryimage"},"thumbnailUrl":"https:\/\/www.editorialgeu.com\/blog\/wp-content\/uploads\/2021\/05\/analisis-morfologico.jpg","datePublished":"2025-08-21T09:49:28+00:00","dateModified":"2025-08-21T09:49:30+00:00","description":"Aprende a realizar un an\u00e1lisis sint\u00e1ctico de la oraci\u00f3n simple, siguiendo cuatro sencillos pasos y ponlo en pr\u00e1ctica con estos ejercicios.","breadcrumb":{"@id":"https:\/\/www.editorialgeu.com\/blog\/fr\/analyse-syntaxique-de-la-phrase-simple-pas-a-pas\/#breadcrumb"},"inLanguage":"es","potentialAction":[{"@type":"ReadAction","target":["https:\/\/www.editorialgeu.com\/blog\/fr\/analyse-syntaxique-de-la-phrase-simple-pas-a-pas\/"]}]},{"@type":"ImageObject","inLanguage":"es","@id":"https:\/\/www.editorialgeu.com\/blog\/fr\/analyse-syntaxique-de-la-phrase-simple-pas-a-pas\/#primaryimage","url":"https:\/\/www.editorialgeu.com\/blog\/wp-content\/uploads\/2021\/05\/analisis-morfologico.jpg","contentUrl":"https:\/\/www.editorialgeu.com\/blog\/wp-content\/uploads\/2021\/05\/analisis-morfologico.jpg","width":625,"height":352,"caption":"analisis morfologico"},{"@type":"BreadcrumbList","@id":"https:\/\/www.editorialgeu.com\/blog\/fr\/analyse-syntaxique-de-la-phrase-simple-pas-a-pas\/#breadcrumb","itemListElement":[{"@type":"ListItem","position":1,"name":"Portada","item":"https:\/\/www.editorialgeu.com\/blog\/"},{"@type":"ListItem","position":2,"name":"Analyse syntaxique de la phrase simple pas \u00e0 pas"}]},{"@type":"WebSite","@id":"https:\/\/www.editorialgeu.com\/blog\/#website","url":"https:\/\/www.editorialgeu.com\/blog\/","name":"Blog Editorial GEU","description":"Actualidad, noticias y consejos por una Escuela Inclusiva","publisher":{"@id":"https:\/\/www.editorialgeu.com\/blog\/#organization"},"potentialAction":[{"@type":"SearchAction","target":{"@type":"EntryPoint","urlTemplate":"https:\/\/www.editorialgeu.com\/blog\/?s={search_term_string}"},"query-input":{"@type":"PropertyValueSpecification","valueRequired":true,"valueName":"search_term_string"}}],"inLanguage":"es"},{"@type":"Organization","@id":"https:\/\/www.editorialgeu.com\/blog\/#organization","name":"Blog Editorial GEU","url":"https:\/\/www.editorialgeu.com\/blog\/","logo":{"@type":"ImageObject","inLanguage":"es","@id":"https:\/\/www.editorialgeu.com\/blog\/#\/schema\/logo\/image\/","url":"https:\/\/www.editorialgeu.com\/blog\/wp-content\/uploads\/2019\/11\/LogoGEU_Blog.png","contentUrl":"https:\/\/www.editorialgeu.com\/blog\/wp-content\/uploads\/2019\/11\/LogoGEU_Blog.png","width":1181,"height":477,"caption":"Blog Editorial GEU"},"image":{"@id":"https:\/\/www.editorialgeu.com\/blog\/#\/schema\/logo\/image\/"}},{"@type":"Person","@id":"https:\/\/www.editorialgeu.com\/blog\/#\/schema\/person\/23ea65bf43f15fe2acd16b073bdcdb83","name":"Editorial GEU","image":{"@type":"ImageObject","inLanguage":"es","@id":"https:\/\/www.editorialgeu.com\/blog\/wp-content\/uploads\/2021\/08\/Logo-Usuario.jpg","url":"https:\/\/www.editorialgeu.com\/blog\/wp-content\/uploads\/2021\/08\/Logo-Usuario.jpg","contentUrl":"https:\/\/www.editorialgeu.com\/blog\/wp-content\/uploads\/2021\/08\/Logo-Usuario.jpg","caption":"Editorial GEU"},"description":"L\u00edderes en Atenci\u00f3n a la Diversidad.","url":"https:\/\/www.editorialgeu.com\/blog\/author\/geu-admin\/"}]}},"_links":{"self":[{"href":"https:\/\/www.editorialgeu.com\/blog\/wp-json\/wp\/v2\/posts\/3018","targetHints":{"allow":["GET"]}}],"collection":[{"href":"https:\/\/www.editorialgeu.com\/blog\/wp-json\/wp\/v2\/posts"}],"about":[{"href":"https:\/\/www.editorialgeu.com\/blog\/wp-json\/wp\/v2\/types\/post"}],"author":[{"embeddable":true,"href":"https:\/\/www.editorialgeu.com\/blog\/wp-json\/wp\/v2\/users\/1"}],"replies":[{"embeddable":true,"href":"https:\/\/www.editorialgeu.com\/blog\/wp-json\/wp\/v2\/comments?post=3018"}],"version-history":[{"count":1,"href":"https:\/\/www.editorialgeu.com\/blog\/wp-json\/wp\/v2\/posts\/3018\/revisions"}],"predecessor-version":[{"id":3021,"href":"https:\/\/www.editorialgeu.com\/blog\/wp-json\/wp\/v2\/posts\/3018\/revisions\/3021"}],"wp:featuredmedia":[{"embeddable":true,"href":"https:\/\/www.editorialgeu.com\/blog\/wp-json\/wp\/v2\/media\/1660"}],"wp:attachment":[{"href":"https:\/\/www.editorialgeu.com\/blog\/wp-json\/wp\/v2\/media?parent=3018"}],"wp:term":[{"taxonomy":"category","embeddable":true,"href":"https:\/\/www.editorialgeu.com\/blog\/wp-json\/wp\/v2\/categories?post=3018"},{"taxonomy":"post_tag","embeddable":true,"href":"https:\/\/www.editorialgeu.com\/blog\/wp-json\/wp\/v2\/tags?post=3018"}],"curies":[{"name":"wp","href":"https:\/\/api.w.org\/{rel}","templated":true}]}}