{"id":302,"date":"2017-07-27T07:34:45","date_gmt":"2017-07-27T05:34:45","guid":{"rendered":"http:\/\/www.editorialgeu.com\/blog\/?p=302"},"modified":"2017-08-16T14:44:57","modified_gmt":"2017-08-16T12:44:57","slug":"papi-donde-estabas-cuento","status":"publish","type":"post","link":"https:\/\/www.editorialgeu.com\/blog\/papi-donde-estabas-cuento\/","title":{"rendered":"\u00abPapi, \u00bfd\u00f3nde estabas?\u00bb [CUENTO]"},"content":{"rendered":"<p>Este cuento lo escrib\u00ed para una ni\u00f1a cuyo padre apareci\u00f3 repentinamente en su vida cuando ella ten\u00eda 7 a\u00f1os, habiendo desaparecido al ser ella un beb\u00e9. La madre me coment\u00f3 que lo estaba pasando mal y yo invent\u00e9 esta historia para ayudarle con su nueva situaci\u00f3n. <!--more-->Al principio le choc\u00f3 escuchar un cuento donde la protagonista principal viv\u00eda una situaci\u00f3n similar a la suya, pero despu\u00e9s quer\u00eda o\u00edr el cuento todas las noches. Adem\u00e1s, ayuda a comprender de forma sencilla el divorcio entre los padres y a asimilar que no es culpa suya, ya que es algo t\u00edpico entre los m\u00e1s peque\u00f1os pensar que sus padres no est\u00e1n juntos por su causa, ya que el mundo gira en torno a ellos. Espero que os guste.<\/p>\n<h3>Cuento \u00abPapi, \u00bfd\u00f3nde estabas?\u00bb, de Miss Eli<\/h3>\n<blockquote><p>A Alba no le gustaba nada el d\u00eda del padre. En el colegio, todos los ni\u00f1os hac\u00edan tarjetas de regalo para sus pap\u00e1s dici\u00e9ndoles cu\u00e1nto los quer\u00edan y lo que disfrutaban cuando se encontraban juntos. Ella no conoc\u00eda a su pap\u00e1. No estaba en el cielo, no, sab\u00eda que estaba en alguna parte de la tierra. A veces, miraba esa bola del mundo que sus abuelos le regalaron por su cumplea\u00f1os, cerraba los ojos, la hac\u00eda girar y pon\u00eda el dedo en un punto. Al abrir los ojos, le\u00eda el nombre del lugar y se preguntaba:<br \/>\n\u2015\u00bfEstar\u00e1 ah\u00ed mi pap\u00e1? \u00bfPor qu\u00e9 se fue? \u00bfEs que no me quer\u00eda?<br \/>\nYa no era un beb\u00e9, hab\u00eda cumplido 7 a\u00f1os y muchas m\u00e1s dudas le surg\u00edan, sin encontrar una respuesta a las esenciales.<br \/>\nUn d\u00eda, su mam\u00e1 le inform\u00f3 que pap\u00e1 hab\u00eda llamado y hab\u00eda preguntado por ella. A Alba le lati\u00f3 el coraz\u00f3n tan r\u00e1pido como un tren de alta velocidad. Sus emociones eran contradictorias, estaba sorprendida y a la vez enfadada. \u00ab\u00bfPor qu\u00e9 no hab\u00eda aparecido hasta ahora? \u00bfPor qu\u00e9 no hab\u00eda querido saber antes nada de m\u00ed?\u00bb, pensaba confundida.<br \/>\n\u2015\u00a1Pues yo no quiero saber nada de \u00e9l! \u2015grit\u00f3 la ni\u00f1a mientras corr\u00eda a su habitaci\u00f3n con dos l\u00e1grimas a punto de brotar de sus lindos ojitos.<br \/>\nMam\u00e1 la sigui\u00f3, comprend\u00eda el disgusto de su hija, era normal. Alba era una ni\u00f1a muy inteligente y su madre sab\u00eda que no iba a ser tan f\u00e1cil.<br \/>\nLa peque\u00f1a estaba tumbada bocabajo en la cama, su cuerpecito se agitaba al ritmo de sus sollozos. Mam\u00e1 le acarici\u00f3 la espalda y la dej\u00f3 llorar, para que pudiese expulsar todo el dolor y el resentimiento que llevaba a\u00f1os da\u00f1\u00e1ndole el coraz\u00f3n.<br \/>\nCuando se calm\u00f3 un poco, mam\u00e1 le dijo:<br \/>\n\u2015Yo s\u00e9 que est\u00e1s enfadada con \u00e9l, pero a veces, los adultos tambi\u00e9n nos equivocamos. Podr\u00edamos darle una oportunidad, \u00bfno crees?<br \/>\nAlba se sent\u00f3 junto a su mam\u00e1, con los ojos h\u00famedos y el coraz\u00f3n acelerado.<br \/>\n\u2015\u00bfY por qu\u00e9 ha tardado tanto en querer saber de m\u00ed? \u00bfPor qu\u00e9 no ha venido nunca antes a verme? \u00bfPor qu\u00e9? \u2015. Miles de preguntas se agolpan en su mente.<br \/>\n\u2015 No lo s\u00e9, cari\u00f1o \u2015respondi\u00f3 su mam\u00e1 con dulzura\u2015 \u00bfPor qu\u00e9 no se lo preguntas a \u00e9l? Dale al menos la ocasi\u00f3n de responder a todas esas preguntas que te surgen. Hazle todas las que necesites saber. Seguro que hay alguna raz\u00f3n por la que no apareci\u00f3 antes o, al menos, siente haber tardado tanto.<br \/>\n\u2015\u00bfTendr\u00e9 que llamarle pap\u00e1?\u2015. No le apetec\u00eda hacerlo, ese se\u00f1or, de momento, era un desconocido.<br \/>\n\u2015Ll\u00e1malo como desees. Si quieres explicarle que, de momento, lo llamar\u00e1s por su nombre y que, cuando comience a portarse como un pap\u00e1 real, se habr\u00e1 ganado la palabra \u201cpap\u00e1\u201d. Al igual que t\u00fa, cuando consigues que te den pegatinas o diplomas en el colegio. Seguro que la profesora te los da porque te los has ganado.<br \/>\nAlba sonri\u00f3 y comenz\u00f3 a plantearse que tal vez no era tan mala idea. Podr\u00eda verlo y hacerle todas esas preguntas que brotaban de su cabeza.<br \/>\nPor fin lleg\u00f3 el d\u00eda del encuentro. Pap\u00e1 estaba ah\u00ed, frente a ella. Alba no sab\u00eda c\u00f3mo actuar. \u00c9l la abraz\u00f3 y ella no pudo responder a ese abrazo, a\u00fan era tan pronto&#8230;<br \/>\n\u2015Hola \u2015comenz\u00f3 pap\u00e1, mientras ella bajaba la cabeza con timidez\u2015, ten\u00eda muchas ganas de verte.<br \/>\n\u2015\u00bfY por qu\u00e9 no has venido antes a verme, cuando era un beb\u00e9? \u00bfNo te gustan los beb\u00e9s?<br \/>\nPap\u00e1 esboz\u00f3 una sonrisa, pero el rostro serio y la mirada inquietante de la ni\u00f1a hicieron que desapareciese.<br \/>\n\u2015\u00a1Si qu\u00e9 me gustan! No era por ti, mi ni\u00f1a, por quien no he aparecido antes. \u00bfQui\u00e9n es tu amiga en el colegio?<br \/>\nAlba lo mir\u00f3 extra\u00f1ada. Ella quer\u00eda respuestas a sus preguntas, no hablar del cole y de sus amigas, pero respondi\u00f3:<br \/>\n\u2015Se llama Sof\u00eda. \u00bfPor qu\u00e9?<br \/>\n\u2015\u00bfNunca te has enfadado con ella? \u00bfHas dejado de hablarle alguna vez?<br \/>\n\u2015Bueno, un d\u00eda nos enfadamos en el recreo. Ella quer\u00eda jugar a un juego y yo a otro distinto. Pero al d\u00eda siguiente se nos olvid\u00f3. \u00a1Somos las mejores amigas!<br \/>\n\u2015Pues algo as\u00ed nos pas\u00f3 a mam\u00e1 y a m\u00ed \u2015. El padre buscaba una explicaci\u00f3n que su hija pudiese entender\u2015. \u00c9ramos los mejores amigos. No s\u00e9 c\u00f3mo, un d\u00eda comenzamos a discutir. Primero eran tonter\u00edas y al d\u00eda siguiente se nos olvidaban, como a ti con Sof\u00eda. Otro d\u00eda, el enfado fue mayor, y mayor&#8230;, hasta que me fui lejos. Los enfados de los adultos, quiz\u00e1s porque no somos tan sencillos e inocentes como los ni\u00f1os, suelen durar mucho m\u00e1s que los vuestros, a veces, a\u00f1os. Yo me acordaba mucho de ti, pensaba en lo que me estaba perdiendo y tanto y tanto lo pens\u00e9 que decid\u00ed hacer las paces con mam\u00e1 y hablar con ella sobre ti. \u00a1No quer\u00eda que pasase un d\u00eda m\u00e1s sin saber de mi peque\u00f1a! \u00a1Siento much\u00edsimo no haberlo hecho antes y haberme perdido todos estos maravillosos a\u00f1os contigo!<br \/>\n\u2015\u00bfEso quiere decir que ya no est\u00e1s enfadado y que vuelves para vivir con nosotras?<br \/>\n\u2015No, mi vida, no vamos a vivir juntos. No estoy enfadado con mam\u00e1 ni ella conmigo, pero no estamos enamorados, como deben estarlo los pap\u00e1s para vivir juntos.<br \/>\n\u2015Entonces, \u00bfhas venido para irte? \u00a1No lo entiendo! \u2015exclam\u00f3 la ni\u00f1a un tanto irritada.<br \/>\n\u2015He venido para poder verte algunos d\u00edas, \u00bfno tienes amigas con pap\u00e1s separados?<br \/>\n\u2015Si, In\u00e9s vive con su mam\u00e1, aunque algunos fines de semana se va con su pap\u00e1. La lleva a sitios muy divertidos y siempre me cuenta historias muy chulas cuando vuelve al cole.<br \/>\n\u2015Yo no te voy a pedir que pases un fin de semana conmigo hasta que est\u00e9s preparada. Para empezar, nos podemos ver algunas tardes. Yo responder\u00e9 a todas las preguntas que quieras hacerme y haremos actividades divertidas. Iremos al zoo, al parque de atracciones, a la playa, a patinar,&#8230; Los dos elegiremos lugares interesantes y podremos ir alg\u00fan d\u00eda. \u00bfQu\u00e9 te parece?<br \/>\n\u2015\u00bfPodr\u00e1 venir mam\u00e1?<br \/>\n\u2015Eso deberemos pregunt\u00e1rselo a ella, \u00bfno te parece? \u2015. Pap\u00e1 sonri\u00f3. Estaba tan contento de estar con su peque\u00f1a y tan arrepentido de no haberse acercado a ella hasta ahora, que pens\u00f3 en compensarla por todo el cari\u00f1o y amor que no le hab\u00eda dado en todos estos a\u00f1os. De aqu\u00ed en adelante, deseaba ver a su hija crecer, si ella le daba una oportunidad.<br \/>\nMam\u00e1 lleg\u00f3 en ese momento, ten\u00edan que irse. Pap\u00e1 la mir\u00f3 y se dirigi\u00f3 a la ni\u00f1a.<br \/>\n\u2015\u00bfPuedes darme un abrazo de despedida? Pero una despedida cortita, me gustar\u00eda volver a verte muy pronto.<br \/>\nAlba lo abraz\u00f3, pens\u00f3 que tal vez era una buena idea lo de conocerse poco a poco. Todos los ni\u00f1os quieren a sus pap\u00e1s y disfrutan mucho con ellos. Seguro que su pap\u00e1, ahora que se hab\u00eda arrepentido de no haber estado cerca de ella todos estos a\u00f1os, le iba a demostrar que pod\u00eda ser tan cari\u00f1oso o m\u00e1s que los otros padres.<br \/>\n\u2015\u00a1Hasta pronto! \u2015se despidi\u00f3 pap\u00e1.<br \/>\nEn el rostro de Alba se dibuj\u00f3 una t\u00edmida sonrisa, sab\u00eda que en unos d\u00edas se volver\u00edan a ver. De pronto, se encontr\u00f3 pensando que al siguiente a\u00f1o, cuando en clase decorasen tarjetas para el d\u00eda del padre, podr\u00eda escribir la suya a su pap\u00e1, que hab\u00eda vuelto para demostrarle que la quer\u00eda y la cuidar\u00eda, como hacen todos los pap\u00e1s con sus peque\u00f1os.<\/p><\/blockquote>\n","protected":false},"excerpt":{"rendered":"<p>Este cuento lo escrib\u00ed para una ni\u00f1a cuyo padre apareci\u00f3 repentinamente en su vida cuando ella ten\u00eda 7 a\u00f1os, habiendo desaparecido al ser ella un beb\u00e9. La madre me coment\u00f3 que lo estaba pasando mal y yo invent\u00e9 esta historia para ayudarle con su nueva situaci\u00f3n.<\/p>\n","protected":false},"author":5,"featured_media":305,"comment_status":"open","ping_status":"open","sticky":false,"template":"","format":"standard","meta":{"footnotes":""},"categories":[8],"tags":[44,45],"class_list":["post-302","post","type-post","status-publish","format-standard","has-post-thumbnail","hentry","category-cuentos-divertidos-para-ninos","tag-divorcio","tag-separacion"],"yoast_head":"<!-- This site is optimized with the Yoast SEO plugin v27.4 - https:\/\/yoast.com\/product\/yoast-seo-wordpress\/ -->\n<title>&quot;Papi, \u00bfd\u00f3nde estabas?&quot; [CUENTO] - Blog Editorial GEU<\/title>\n<meta name=\"description\" content=\"Este cuento ayuda a comprender de forma sencilla el divorcio entre los padres y a asimilar que no es culpa suya, algo t\u00edpico entre los m\u00e1s peque\u00f1os.\" \/>\n<meta name=\"robots\" content=\"index, follow, max-snippet:-1, max-image-preview:large, max-video-preview:-1\" \/>\n<link rel=\"canonical\" href=\"https:\/\/www.editorialgeu.com\/blog\/papi-donde-estabas-cuento\/\" \/>\n<meta property=\"og:locale\" content=\"es_ES\" \/>\n<meta property=\"og:type\" content=\"article\" \/>\n<meta property=\"og:title\" content=\"&quot;Papi, \u00bfd\u00f3nde estabas?&quot; [CUENTO] - Blog Editorial GEU\" \/>\n<meta property=\"og:description\" content=\"Este cuento ayuda a comprender de forma sencilla el divorcio entre los padres y a asimilar que no es culpa suya, algo t\u00edpico entre los m\u00e1s peque\u00f1os.\" \/>\n<meta property=\"og:url\" content=\"https:\/\/www.editorialgeu.com\/blog\/papi-donde-estabas-cuento\/\" \/>\n<meta property=\"og:site_name\" content=\"Blog Editorial GEU\" \/>\n<meta property=\"article:published_time\" content=\"2017-07-27T05:34:45+00:00\" \/>\n<meta property=\"article:modified_time\" content=\"2017-08-16T12:44:57+00:00\" \/>\n<meta property=\"og:image\" content=\"https:\/\/www.editorialgeu.com\/blog\/wp-content\/uploads\/2017\/07\/shutterstock_334181882-e1564392580147.jpg\" \/>\n\t<meta property=\"og:image:width\" content=\"999\" \/>\n\t<meta property=\"og:image:height\" content=\"666\" \/>\n\t<meta property=\"og:image:type\" content=\"image\/jpeg\" \/>\n<meta name=\"author\" content=\"Miss Eli\" \/>\n<meta name=\"twitter:card\" content=\"summary_large_image\" \/>\n<meta name=\"twitter:label1\" content=\"Escrito por\" \/>\n\t<meta name=\"twitter:data1\" content=\"Miss Eli\" \/>\n\t<meta name=\"twitter:label2\" content=\"Tiempo de lectura\" \/>\n\t<meta name=\"twitter:data2\" content=\"7 minutos\" \/>\n<script type=\"application\/ld+json\" class=\"yoast-schema-graph\">{\"@context\":\"https:\\\/\\\/schema.org\",\"@graph\":[{\"@type\":\"Article\",\"@id\":\"https:\\\/\\\/www.editorialgeu.com\\\/blog\\\/papi-donde-estabas-cuento\\\/#article\",\"isPartOf\":{\"@id\":\"https:\\\/\\\/www.editorialgeu.com\\\/blog\\\/papi-donde-estabas-cuento\\\/\"},\"author\":{\"name\":\"Miss Eli\",\"@id\":\"https:\\\/\\\/www.editorialgeu.com\\\/blog\\\/#\\\/schema\\\/person\\\/26c0feca25f826c9747f097b330bdbad\"},\"headline\":\"\u00abPapi, \u00bfd\u00f3nde estabas?\u00bb [CUENTO]\",\"datePublished\":\"2017-07-27T05:34:45+00:00\",\"dateModified\":\"2017-08-16T12:44:57+00:00\",\"mainEntityOfPage\":{\"@id\":\"https:\\\/\\\/www.editorialgeu.com\\\/blog\\\/papi-donde-estabas-cuento\\\/\"},\"wordCount\":1498,\"commentCount\":0,\"publisher\":{\"@id\":\"https:\\\/\\\/www.editorialgeu.com\\\/blog\\\/#organization\"},\"image\":{\"@id\":\"https:\\\/\\\/www.editorialgeu.com\\\/blog\\\/papi-donde-estabas-cuento\\\/#primaryimage\"},\"thumbnailUrl\":\"https:\\\/\\\/www.editorialgeu.com\\\/blog\\\/wp-content\\\/uploads\\\/2017\\\/07\\\/shutterstock_334181882-e1564392580147.jpg\",\"keywords\":[\"divorcio\",\"separaci\u00f3n\"],\"articleSection\":[\"Historias y f\u00e1bulas para los m\u00e1s peque\u00f1os\"],\"inLanguage\":\"es\",\"potentialAction\":[{\"@type\":\"CommentAction\",\"name\":\"Comment\",\"target\":[\"https:\\\/\\\/www.editorialgeu.com\\\/blog\\\/papi-donde-estabas-cuento\\\/#respond\"]}]},{\"@type\":\"WebPage\",\"@id\":\"https:\\\/\\\/www.editorialgeu.com\\\/blog\\\/papi-donde-estabas-cuento\\\/\",\"url\":\"https:\\\/\\\/www.editorialgeu.com\\\/blog\\\/papi-donde-estabas-cuento\\\/\",\"name\":\"\\\"Papi, \u00bfd\u00f3nde estabas?\\\" [CUENTO] - Blog Editorial GEU\",\"isPartOf\":{\"@id\":\"https:\\\/\\\/www.editorialgeu.com\\\/blog\\\/#website\"},\"primaryImageOfPage\":{\"@id\":\"https:\\\/\\\/www.editorialgeu.com\\\/blog\\\/papi-donde-estabas-cuento\\\/#primaryimage\"},\"image\":{\"@id\":\"https:\\\/\\\/www.editorialgeu.com\\\/blog\\\/papi-donde-estabas-cuento\\\/#primaryimage\"},\"thumbnailUrl\":\"https:\\\/\\\/www.editorialgeu.com\\\/blog\\\/wp-content\\\/uploads\\\/2017\\\/07\\\/shutterstock_334181882-e1564392580147.jpg\",\"datePublished\":\"2017-07-27T05:34:45+00:00\",\"dateModified\":\"2017-08-16T12:44:57+00:00\",\"description\":\"Este cuento ayuda a comprender de forma sencilla el divorcio entre los padres y a asimilar que no es culpa suya, algo t\u00edpico entre los m\u00e1s peque\u00f1os.\",\"breadcrumb\":{\"@id\":\"https:\\\/\\\/www.editorialgeu.com\\\/blog\\\/papi-donde-estabas-cuento\\\/#breadcrumb\"},\"inLanguage\":\"es\",\"potentialAction\":[{\"@type\":\"ReadAction\",\"target\":[\"https:\\\/\\\/www.editorialgeu.com\\\/blog\\\/papi-donde-estabas-cuento\\\/\"]}]},{\"@type\":\"ImageObject\",\"inLanguage\":\"es\",\"@id\":\"https:\\\/\\\/www.editorialgeu.com\\\/blog\\\/papi-donde-estabas-cuento\\\/#primaryimage\",\"url\":\"https:\\\/\\\/www.editorialgeu.com\\\/blog\\\/wp-content\\\/uploads\\\/2017\\\/07\\\/shutterstock_334181882-e1564392580147.jpg\",\"contentUrl\":\"https:\\\/\\\/www.editorialgeu.com\\\/blog\\\/wp-content\\\/uploads\\\/2017\\\/07\\\/shutterstock_334181882-e1564392580147.jpg\",\"width\":999,\"height\":666,\"caption\":\"Un paseo por el campo entre padre e hija.\"},{\"@type\":\"BreadcrumbList\",\"@id\":\"https:\\\/\\\/www.editorialgeu.com\\\/blog\\\/papi-donde-estabas-cuento\\\/#breadcrumb\",\"itemListElement\":[{\"@type\":\"ListItem\",\"position\":1,\"name\":\"Portada\",\"item\":\"https:\\\/\\\/www.editorialgeu.com\\\/blog\\\/\"},{\"@type\":\"ListItem\",\"position\":2,\"name\":\"\u00abPapi, \u00bfd\u00f3nde estabas?\u00bb [CUENTO]\"}]},{\"@type\":\"WebSite\",\"@id\":\"https:\\\/\\\/www.editorialgeu.com\\\/blog\\\/#website\",\"url\":\"https:\\\/\\\/www.editorialgeu.com\\\/blog\\\/\",\"name\":\"Blog Editorial GEU\",\"description\":\"Actualidad, noticias y consejos por una Escuela Inclusiva\",\"publisher\":{\"@id\":\"https:\\\/\\\/www.editorialgeu.com\\\/blog\\\/#organization\"},\"potentialAction\":[{\"@type\":\"SearchAction\",\"target\":{\"@type\":\"EntryPoint\",\"urlTemplate\":\"https:\\\/\\\/www.editorialgeu.com\\\/blog\\\/?s={search_term_string}\"},\"query-input\":{\"@type\":\"PropertyValueSpecification\",\"valueRequired\":true,\"valueName\":\"search_term_string\"}}],\"inLanguage\":\"es\"},{\"@type\":\"Organization\",\"@id\":\"https:\\\/\\\/www.editorialgeu.com\\\/blog\\\/#organization\",\"name\":\"Blog Editorial GEU\",\"url\":\"https:\\\/\\\/www.editorialgeu.com\\\/blog\\\/\",\"logo\":{\"@type\":\"ImageObject\",\"inLanguage\":\"es\",\"@id\":\"https:\\\/\\\/www.editorialgeu.com\\\/blog\\\/#\\\/schema\\\/logo\\\/image\\\/\",\"url\":\"https:\\\/\\\/www.editorialgeu.com\\\/blog\\\/wp-content\\\/uploads\\\/2019\\\/11\\\/LogoGEU_Blog.png\",\"contentUrl\":\"https:\\\/\\\/www.editorialgeu.com\\\/blog\\\/wp-content\\\/uploads\\\/2019\\\/11\\\/LogoGEU_Blog.png\",\"width\":1181,\"height\":477,\"caption\":\"Blog Editorial GEU\"},\"image\":{\"@id\":\"https:\\\/\\\/www.editorialgeu.com\\\/blog\\\/#\\\/schema\\\/logo\\\/image\\\/\"}},{\"@type\":\"Person\",\"@id\":\"https:\\\/\\\/www.editorialgeu.com\\\/blog\\\/#\\\/schema\\\/person\\\/26c0feca25f826c9747f097b330bdbad\",\"name\":\"Miss Eli\",\"image\":{\"@type\":\"ImageObject\",\"inLanguage\":\"es\",\"@id\":\"https:\\\/\\\/www.editorialgeu.com\\\/blog\\\/wp-content\\\/uploads\\\/2017\\\/06\\\/eli-1-150x150.jpg\",\"url\":\"https:\\\/\\\/www.editorialgeu.com\\\/blog\\\/wp-content\\\/uploads\\\/2017\\\/06\\\/eli-1-150x150.jpg\",\"contentUrl\":\"https:\\\/\\\/www.editorialgeu.com\\\/blog\\\/wp-content\\\/uploads\\\/2017\\\/06\\\/eli-1-150x150.jpg\",\"caption\":\"Miss Eli\"},\"description\":\"Profesora de espa\u00f1ol en Educaci\u00f3n Primaria apasionada por la escritura y por ense\u00f1ar a trav\u00e9s de sus historias. Desde siempre, su objetivo ha sido y es motivar e ilusionar a los m\u00e1s peque\u00f1os con la lectura, y a la vez ayudarles a reforzar su aprendizaje de forma l\u00fadica. Es autora de numerosos cuentos infantiles biling\u00fces, entre ellos Luc\u00eda, la princesa m\u00e1s valiente y Alba corre por el arco\u00edris, publicados por Editorial GEU.\",\"url\":\"https:\\\/\\\/www.editorialgeu.com\\\/blog\\\/author\\\/miss-eli\\\/\"}]}<\/script>\n<!-- \/ Yoast SEO plugin. -->","yoast_head_json":{"title":"\"Papi, \u00bfd\u00f3nde estabas?\" [CUENTO] - Blog Editorial GEU","description":"Este cuento ayuda a comprender de forma sencilla el divorcio entre los padres y a asimilar que no es culpa suya, algo t\u00edpico entre los m\u00e1s peque\u00f1os.","robots":{"index":"index","follow":"follow","max-snippet":"max-snippet:-1","max-image-preview":"max-image-preview:large","max-video-preview":"max-video-preview:-1"},"canonical":"https:\/\/www.editorialgeu.com\/blog\/papi-donde-estabas-cuento\/","og_locale":"es_ES","og_type":"article","og_title":"\"Papi, \u00bfd\u00f3nde estabas?\" [CUENTO] - Blog Editorial GEU","og_description":"Este cuento ayuda a comprender de forma sencilla el divorcio entre los padres y a asimilar que no es culpa suya, algo t\u00edpico entre los m\u00e1s peque\u00f1os.","og_url":"https:\/\/www.editorialgeu.com\/blog\/papi-donde-estabas-cuento\/","og_site_name":"Blog Editorial GEU","article_published_time":"2017-07-27T05:34:45+00:00","article_modified_time":"2017-08-16T12:44:57+00:00","og_image":[{"width":999,"height":666,"url":"https:\/\/www.editorialgeu.com\/blog\/wp-content\/uploads\/2017\/07\/shutterstock_334181882-e1564392580147.jpg","type":"image\/jpeg"}],"author":"Miss Eli","twitter_card":"summary_large_image","twitter_misc":{"Escrito por":"Miss Eli","Tiempo de lectura":"7 minutos"},"schema":{"@context":"https:\/\/schema.org","@graph":[{"@type":"Article","@id":"https:\/\/www.editorialgeu.com\/blog\/papi-donde-estabas-cuento\/#article","isPartOf":{"@id":"https:\/\/www.editorialgeu.com\/blog\/papi-donde-estabas-cuento\/"},"author":{"name":"Miss Eli","@id":"https:\/\/www.editorialgeu.com\/blog\/#\/schema\/person\/26c0feca25f826c9747f097b330bdbad"},"headline":"\u00abPapi, \u00bfd\u00f3nde estabas?\u00bb [CUENTO]","datePublished":"2017-07-27T05:34:45+00:00","dateModified":"2017-08-16T12:44:57+00:00","mainEntityOfPage":{"@id":"https:\/\/www.editorialgeu.com\/blog\/papi-donde-estabas-cuento\/"},"wordCount":1498,"commentCount":0,"publisher":{"@id":"https:\/\/www.editorialgeu.com\/blog\/#organization"},"image":{"@id":"https:\/\/www.editorialgeu.com\/blog\/papi-donde-estabas-cuento\/#primaryimage"},"thumbnailUrl":"https:\/\/www.editorialgeu.com\/blog\/wp-content\/uploads\/2017\/07\/shutterstock_334181882-e1564392580147.jpg","keywords":["divorcio","separaci\u00f3n"],"articleSection":["Historias y f\u00e1bulas para los m\u00e1s peque\u00f1os"],"inLanguage":"es","potentialAction":[{"@type":"CommentAction","name":"Comment","target":["https:\/\/www.editorialgeu.com\/blog\/papi-donde-estabas-cuento\/#respond"]}]},{"@type":"WebPage","@id":"https:\/\/www.editorialgeu.com\/blog\/papi-donde-estabas-cuento\/","url":"https:\/\/www.editorialgeu.com\/blog\/papi-donde-estabas-cuento\/","name":"\"Papi, \u00bfd\u00f3nde estabas?\" [CUENTO] - Blog Editorial GEU","isPartOf":{"@id":"https:\/\/www.editorialgeu.com\/blog\/#website"},"primaryImageOfPage":{"@id":"https:\/\/www.editorialgeu.com\/blog\/papi-donde-estabas-cuento\/#primaryimage"},"image":{"@id":"https:\/\/www.editorialgeu.com\/blog\/papi-donde-estabas-cuento\/#primaryimage"},"thumbnailUrl":"https:\/\/www.editorialgeu.com\/blog\/wp-content\/uploads\/2017\/07\/shutterstock_334181882-e1564392580147.jpg","datePublished":"2017-07-27T05:34:45+00:00","dateModified":"2017-08-16T12:44:57+00:00","description":"Este cuento ayuda a comprender de forma sencilla el divorcio entre los padres y a asimilar que no es culpa suya, algo t\u00edpico entre los m\u00e1s peque\u00f1os.","breadcrumb":{"@id":"https:\/\/www.editorialgeu.com\/blog\/papi-donde-estabas-cuento\/#breadcrumb"},"inLanguage":"es","potentialAction":[{"@type":"ReadAction","target":["https:\/\/www.editorialgeu.com\/blog\/papi-donde-estabas-cuento\/"]}]},{"@type":"ImageObject","inLanguage":"es","@id":"https:\/\/www.editorialgeu.com\/blog\/papi-donde-estabas-cuento\/#primaryimage","url":"https:\/\/www.editorialgeu.com\/blog\/wp-content\/uploads\/2017\/07\/shutterstock_334181882-e1564392580147.jpg","contentUrl":"https:\/\/www.editorialgeu.com\/blog\/wp-content\/uploads\/2017\/07\/shutterstock_334181882-e1564392580147.jpg","width":999,"height":666,"caption":"Un paseo por el campo entre padre e hija."},{"@type":"BreadcrumbList","@id":"https:\/\/www.editorialgeu.com\/blog\/papi-donde-estabas-cuento\/#breadcrumb","itemListElement":[{"@type":"ListItem","position":1,"name":"Portada","item":"https:\/\/www.editorialgeu.com\/blog\/"},{"@type":"ListItem","position":2,"name":"\u00abPapi, \u00bfd\u00f3nde estabas?\u00bb [CUENTO]"}]},{"@type":"WebSite","@id":"https:\/\/www.editorialgeu.com\/blog\/#website","url":"https:\/\/www.editorialgeu.com\/blog\/","name":"Blog Editorial GEU","description":"Actualidad, noticias y consejos por una Escuela Inclusiva","publisher":{"@id":"https:\/\/www.editorialgeu.com\/blog\/#organization"},"potentialAction":[{"@type":"SearchAction","target":{"@type":"EntryPoint","urlTemplate":"https:\/\/www.editorialgeu.com\/blog\/?s={search_term_string}"},"query-input":{"@type":"PropertyValueSpecification","valueRequired":true,"valueName":"search_term_string"}}],"inLanguage":"es"},{"@type":"Organization","@id":"https:\/\/www.editorialgeu.com\/blog\/#organization","name":"Blog Editorial GEU","url":"https:\/\/www.editorialgeu.com\/blog\/","logo":{"@type":"ImageObject","inLanguage":"es","@id":"https:\/\/www.editorialgeu.com\/blog\/#\/schema\/logo\/image\/","url":"https:\/\/www.editorialgeu.com\/blog\/wp-content\/uploads\/2019\/11\/LogoGEU_Blog.png","contentUrl":"https:\/\/www.editorialgeu.com\/blog\/wp-content\/uploads\/2019\/11\/LogoGEU_Blog.png","width":1181,"height":477,"caption":"Blog Editorial GEU"},"image":{"@id":"https:\/\/www.editorialgeu.com\/blog\/#\/schema\/logo\/image\/"}},{"@type":"Person","@id":"https:\/\/www.editorialgeu.com\/blog\/#\/schema\/person\/26c0feca25f826c9747f097b330bdbad","name":"Miss Eli","image":{"@type":"ImageObject","inLanguage":"es","@id":"https:\/\/www.editorialgeu.com\/blog\/wp-content\/uploads\/2017\/06\/eli-1-150x150.jpg","url":"https:\/\/www.editorialgeu.com\/blog\/wp-content\/uploads\/2017\/06\/eli-1-150x150.jpg","contentUrl":"https:\/\/www.editorialgeu.com\/blog\/wp-content\/uploads\/2017\/06\/eli-1-150x150.jpg","caption":"Miss Eli"},"description":"Profesora de espa\u00f1ol en Educaci\u00f3n Primaria apasionada por la escritura y por ense\u00f1ar a trav\u00e9s de sus historias. Desde siempre, su objetivo ha sido y es motivar e ilusionar a los m\u00e1s peque\u00f1os con la lectura, y a la vez ayudarles a reforzar su aprendizaje de forma l\u00fadica. Es autora de numerosos cuentos infantiles biling\u00fces, entre ellos Luc\u00eda, la princesa m\u00e1s valiente y Alba corre por el arco\u00edris, publicados por Editorial GEU.","url":"https:\/\/www.editorialgeu.com\/blog\/author\/miss-eli\/"}]}},"_links":{"self":[{"href":"https:\/\/www.editorialgeu.com\/blog\/wp-json\/wp\/v2\/posts\/302","targetHints":{"allow":["GET"]}}],"collection":[{"href":"https:\/\/www.editorialgeu.com\/blog\/wp-json\/wp\/v2\/posts"}],"about":[{"href":"https:\/\/www.editorialgeu.com\/blog\/wp-json\/wp\/v2\/types\/post"}],"author":[{"embeddable":true,"href":"https:\/\/www.editorialgeu.com\/blog\/wp-json\/wp\/v2\/users\/5"}],"replies":[{"embeddable":true,"href":"https:\/\/www.editorialgeu.com\/blog\/wp-json\/wp\/v2\/comments?post=302"}],"version-history":[{"count":7,"href":"https:\/\/www.editorialgeu.com\/blog\/wp-json\/wp\/v2\/posts\/302\/revisions"}],"predecessor-version":[{"id":427,"href":"https:\/\/www.editorialgeu.com\/blog\/wp-json\/wp\/v2\/posts\/302\/revisions\/427"}],"wp:featuredmedia":[{"embeddable":true,"href":"https:\/\/www.editorialgeu.com\/blog\/wp-json\/wp\/v2\/media\/305"}],"wp:attachment":[{"href":"https:\/\/www.editorialgeu.com\/blog\/wp-json\/wp\/v2\/media?parent=302"}],"wp:term":[{"taxonomy":"category","embeddable":true,"href":"https:\/\/www.editorialgeu.com\/blog\/wp-json\/wp\/v2\/categories?post=302"},{"taxonomy":"post_tag","embeddable":true,"href":"https:\/\/www.editorialgeu.com\/blog\/wp-json\/wp\/v2\/tags?post=302"}],"curies":[{"name":"wp","href":"https:\/\/api.w.org\/{rel}","templated":true}]}}