{"id":3151,"date":"2026-01-23T07:11:20","date_gmt":"2026-01-23T06:11:20","guid":{"rendered":"https:\/\/www.editorialgeu.com\/blog\/?p=3151"},"modified":"2026-01-23T07:11:22","modified_gmt":"2026-01-23T06:11:22","slug":"el-autismo-es-hereditario-o-genetico-conclusiones-de-la-investigacion-cientifica-actual","status":"publish","type":"post","link":"https:\/\/www.editorialgeu.com\/blog\/el-autismo-es-hereditario-o-genetico-conclusiones-de-la-investigacion-cientifica-actual\/","title":{"rendered":"\u00bfEl autismo es hereditario o gen\u00e9tico? Conclusiones de la investigaci\u00f3n cient\u00edfica actual"},"content":{"rendered":"\n<p>Una de las dudas m\u00e1s frecuentes que tienen las familias y profesionales cuando aparece un diagn\u00f3stico de Trastorno del Espectro del Autismo (TEA) es:<\/p>\n\n\n\n<p><strong>\u00bfEl autismo es hereditario?<\/strong><\/p>\n\n\n\n<p>La conclusi\u00f3n a la que ha llegado la comunidad cient\u00edfica es clara:&nbsp;<strong>s\u00ed, el autismo es hereditario en gran medida<\/strong>, aunque no puede explicarse \u00fanicamente por la gen\u00e9tica.<\/p>\n\n\n\n<p>A continuaci\u00f3n, te explicamos qu\u00e9 dice la ciencia y cu\u00e1les son las conclusiones m\u00e1s importantes de los principales estudios internacionales realizados a d\u00eda de hoy.<\/p>\n\n\n\n<p><strong>El autismo es hereditario: consenso cient\u00edfico actual<\/strong><\/p>\n\n\n\n<p>Las investigaciones recientes realizadas coinciden en una idea central:&nbsp;<strong>el autismo es hereditario o gen\u00e9tico en un porcentaje elevado de los casos<\/strong>. Los estudios gen\u00e9ticos y familiares realizados muestran que existe una fuerte transmisi\u00f3n gen\u00e9tica, aunque no es directa ni determinista.<\/p>\n\n\n\n<p>Las conclusiones generales a las que ha llegado la comunidad cient\u00edfica son las siguientes:<\/p>\n\n\n\n<ul class=\"wp-block-list\">\n<li><strong>No existe un \u00fanico \u201cgen del autismo\u201d<\/strong>, hay cientos de genes involucrados.<\/li>\n\n\n\n<li>El riesgo gen\u00e9tico es familiar y hereditario.<\/li>\n\n\n\n<li>La gen\u00e9tica explica una parte muy importante del autismo, pero\u00a0<strong>adem\u00e1s intervienen otros factores ambientales<\/strong>.<\/li>\n<\/ul>\n\n\n\n<p><strong>Conclusiones de los principales estudios cient\u00edficos<\/strong><\/p>\n\n\n\n<p><strong>1. Estudios de poblaci\u00f3n a gran escala<\/strong><\/p>\n\n\n\n<p>Investigaciones llevadas a cabo con millones de personas (como las realizadas en pa\u00edses n\u00f3rdicos) concluyen que&nbsp;<strong>entre el 50 % y el 80 % del riesgo de desarrollar autismo es hereditario<\/strong>.<\/p>\n\n\n\n<p><strong>Conclusi\u00f3n clave:<\/strong><br>El autismo es hereditario en un grado alto, incluso cuando no hay antecedentes diagnosticados con anterioridad en la familia.<\/p>\n\n\n\n<p><strong>2. Estudios con gemelos<\/strong><\/p>\n\n\n\n<p>Los estudios con gemelos son una de las pruebas m\u00e1s s\u00f3lidas. En el caso de que uno de los dos gemelos id\u00e9nticos tenga autismo, la probabilidad de que el otro lo tenga tambi\u00e9n es mucho m\u00e1s alta en comparaci\u00f3n con gemelos no id\u00e9nticos.<\/p>\n\n\n\n<p><strong>Conclusi\u00f3n clave:<\/strong><br>La alta concordancia en gemelos id\u00e9nticos confirma que&nbsp;<strong>el autismo es gen\u00e9tico<\/strong>, dado que comparten pr\u00e1cticamente el mismo ADN.<\/p>\n\n\n\n<p><strong>3. Estudios gen\u00e9ticos recientes<\/strong><\/p>\n\n\n\n<p>Las investigaciones basadas en la secuenciaci\u00f3n de genomas completos han encontrado&nbsp;<strong>decenas de genes relacionados con el desarrollo neurol\u00f3gico<\/strong>&nbsp;que est\u00e1n implicados en el TEA.<\/p>\n\n\n\n<p><strong>Conclusi\u00f3n clave:<\/strong><br>El autismo hereditario no se puede atribuir a una sola mutaci\u00f3n, sino que depende de&nbsp;<strong>la combinaci\u00f3n de m\u00faltiples variantes gen\u00e9ticas<\/strong>, muchas de la cuales son heredadas de los padres.<\/p>\n\n\n\n<p><strong>4. Estudios familiares y de hermanos<\/strong><\/p>\n\n\n\n<p>Los estudios realizados en familias con varios hijos muestran que los hermanos de un ni\u00f1o con TEA tienen&nbsp;<strong>m\u00e1s probabilidad de presentar autismo o rasgos asociados<\/strong>, incluso si no se llega a tener un diagn\u00f3stico.<\/p>\n\n\n\n<p><strong>Conclusi\u00f3n clave:<\/strong><br>S\u00ed,&nbsp;<strong>el autismo es hereditario<\/strong>, pero su expresi\u00f3n puede variar bastante entre miembros de la misma familia.<\/p>\n\n\n\n<p><strong>\u00bfEsto significa que la gen\u00e9tica lo determina todo?<\/strong><\/p>\n\n\n\n<p>No. Y este punto es fundamental.<\/p>\n\n\n\n<p>Aunque&nbsp;<strong>el autismo es hereditario<\/strong>, los cient\u00edficos coinciden en que&nbsp;<strong>la gen\u00e9tica no act\u00faa sola<\/strong>. Intervienen otros factores como:<\/p>\n\n\n\n<ul class=\"wp-block-list\">\n<li>Complicaciones durante el embarazo<\/li>\n\n\n\n<li>Edad de los padres<\/li>\n\n\n\n<li>Parto prematuro<\/li>\n\n\n\n<li>Influencias ambientales tempranas pueden influir en c\u00f3mo se expresa esa predisposici\u00f3n gen\u00e9tica.<\/li>\n<\/ul>\n\n\n\n<p><strong>Conclusi\u00f3n cient\u00edfica global:<\/strong><br>El autismo es hereditario o gen\u00e9tico, pero su desarrollo sigue un&nbsp;<strong>modelo multifactorial<\/strong>, donde se interrelacionan el componente gen\u00e9tico y el ambiental.<\/p>\n\n\n\n<p><strong>Qu\u00e9 implica este conocimiento para familias y educadores<\/strong><\/p>\n\n\n\n<p>Aceptar que&nbsp;<strong>el autismo es hereditario<\/strong>&nbsp;no deber\u00eda generar culpa o miedo. Al contrario, permite:<\/p>\n\n\n\n<ul class=\"wp-block-list\">\n<li>Identificar se\u00f1ales tempranas con mayor atenci\u00f3n<\/li>\n\n\n\n<li>Actuar antes con apoyos educativos adecuados<\/li>\n\n\n\n<li>Ofrecer una intervenci\u00f3n adaptada a cada ni\u00f1o o ni\u00f1a<\/li>\n<\/ul>\n\n\n\n<p><strong>\u00bfQu\u00e9 papel juegan la intervenci\u00f3n y el entorno?<\/strong><\/p>\n\n\n\n<p>Uno de los aspectos m\u00e1s importantes. Aunque el autismo sea hereditario, el desarrollo de cada ni\u00f1o o ni\u00f1a depende en gran medida de su entorno, de las oportunidades de aprendizaje y del acceso a recursos adecuados.<\/p>\n\n\n\n<p>En&nbsp;<strong>Editorial GEU<\/strong>&nbsp;creemos firmemente en una educaci\u00f3n inclusiva, basada en el respeto a la diversidad y en la evidencia pedag\u00f3gica. Como editorial especializada en necesidades educativas especiales, creamos y adaptamos materiales que fomentan la autonom\u00eda, el lenguaje, la comprensi\u00f3n social y la regulaci\u00f3n emocional.<\/p>\n\n\n\n<p>Nuestros recursos, creados por profesionales especializados en neurodiversidad, est\u00e1n pensados para apoyar el aprendizaje desde edades tempranas, tanto en casa como en el aula. Sabemos que el uso de apoyos visuales, materiales manipulativos y la intervenci\u00f3n temprana marcan una gran diferencia en el desarrollo de los ni\u00f1os y ni\u00f1as con TEA y otras necesidades espec\u00edficas.<\/p>\n\n\n\n<p>Desde GEU, estamos comprometidos con crear herramientas accesibles y eficaces para familias, docentes y profesionales de la educaci\u00f3n.<\/p>\n\n\n\n<p>Si t\u00fa tambi\u00e9n crees en una educaci\u00f3n que se adapta a cada ritmo y estilo de aprendizaje, te invitamos a conocer nuestro cat\u00e1logo de materiales especializados.<\/p>\n\n\n\n<p>Visita nuestra tienda online,&nbsp;<a href=\"https:\/\/www.editorialgeu.com\/\">www.editorialgeu.com<\/a>&nbsp;y encuentra recursos para apoyar el aprendizaje de tus hijos o de tu alumnado.<\/p>\n\n\n\n<p><strong>En GEU, estamos contigo en cada paso del camino en la trayectoria del aprendizaje.<\/strong><\/p>\n","protected":false},"excerpt":{"rendered":"<p>Una de las dudas m\u00e1s frecuentes que tienen las familias y profesionales cuando aparece un diagn\u00f3stico de Trastorno del Espectro del Autismo (TEA) es: \u00bfEl autismo es hereditario? La conclusi\u00f3n a la que ha llegado la comunidad cient\u00edfica es clara:&nbsp;s\u00ed, el autismo es hereditario en gran medida, aunque no puede explicarse \u00fanicamente por la gen\u00e9tica. [&hellip;]<\/p>\n","protected":false},"author":1,"featured_media":3152,"comment_status":"open","ping_status":"open","sticky":false,"template":"","format":"standard","meta":{"footnotes":""},"categories":[23],"tags":[],"class_list":["post-3151","post","type-post","status-publish","format-standard","has-post-thumbnail","hentry","category-pedagogia-terapeutica"],"yoast_head":"<!-- This site is optimized with the Yoast SEO plugin v27.4 - https:\/\/yoast.com\/product\/yoast-seo-wordpress\/ -->\n<title>\u00bfEl autismo es hereditario o gen\u00e9tico? Conclusiones de la investigaci\u00f3n cient\u00edfica actual - Blog Editorial GEU<\/title>\n<meta name=\"description\" content=\"\u00bfEl autismo es hereditario o gen\u00e9tico? Analizamos las conclusiones de la investigaci\u00f3n cient\u00edfica actual y lo que dicen los estudios m\u00e1s recientes.\" \/>\n<meta name=\"robots\" content=\"index, follow, max-snippet:-1, max-image-preview:large, max-video-preview:-1\" \/>\n<link rel=\"canonical\" href=\"https:\/\/www.editorialgeu.com\/blog\/el-autismo-es-hereditario-o-genetico-conclusiones-de-la-investigacion-cientifica-actual\/\" \/>\n<meta property=\"og:locale\" content=\"es_ES\" \/>\n<meta property=\"og:type\" content=\"article\" \/>\n<meta property=\"og:title\" content=\"\u00bfEl autismo es hereditario o gen\u00e9tico? Conclusiones de la investigaci\u00f3n cient\u00edfica actual - Blog Editorial GEU\" \/>\n<meta property=\"og:description\" content=\"\u00bfEl autismo es hereditario o gen\u00e9tico? Analizamos las conclusiones de la investigaci\u00f3n cient\u00edfica actual y lo que dicen los estudios m\u00e1s recientes.\" \/>\n<meta property=\"og:url\" content=\"https:\/\/www.editorialgeu.com\/blog\/el-autismo-es-hereditario-o-genetico-conclusiones-de-la-investigacion-cientifica-actual\/\" \/>\n<meta property=\"og:site_name\" content=\"Blog Editorial GEU\" \/>\n<meta property=\"article:published_time\" content=\"2026-01-23T06:11:20+00:00\" \/>\n<meta property=\"article:modified_time\" content=\"2026-01-23T06:11:22+00:00\" \/>\n<meta property=\"og:image\" content=\"https:\/\/www.editorialgeu.com\/blog\/wp-content\/uploads\/2026\/01\/autismo-1024x683.png\" \/>\n\t<meta property=\"og:image:width\" content=\"1024\" \/>\n\t<meta property=\"og:image:height\" content=\"683\" \/>\n\t<meta property=\"og:image:type\" content=\"image\/png\" \/>\n<meta name=\"author\" content=\"Editorial GEU\" \/>\n<meta name=\"twitter:card\" content=\"summary_large_image\" \/>\n<meta name=\"twitter:label1\" content=\"Escrito por\" \/>\n\t<meta name=\"twitter:data1\" content=\"Editorial GEU\" \/>\n\t<meta name=\"twitter:label2\" content=\"Tiempo de lectura\" \/>\n\t<meta name=\"twitter:data2\" content=\"4 minutos\" \/>\n<script type=\"application\/ld+json\" class=\"yoast-schema-graph\">{\"@context\":\"https:\\\/\\\/schema.org\",\"@graph\":[{\"@type\":\"Article\",\"@id\":\"https:\\\/\\\/www.editorialgeu.com\\\/blog\\\/el-autismo-es-hereditario-o-genetico-conclusiones-de-la-investigacion-cientifica-actual\\\/#article\",\"isPartOf\":{\"@id\":\"https:\\\/\\\/www.editorialgeu.com\\\/blog\\\/el-autismo-es-hereditario-o-genetico-conclusiones-de-la-investigacion-cientifica-actual\\\/\"},\"author\":{\"name\":\"Editorial GEU\",\"@id\":\"https:\\\/\\\/www.editorialgeu.com\\\/blog\\\/#\\\/schema\\\/person\\\/23ea65bf43f15fe2acd16b073bdcdb83\"},\"headline\":\"\u00bfEl autismo es hereditario o gen\u00e9tico? Conclusiones de la investigaci\u00f3n cient\u00edfica actual\",\"datePublished\":\"2026-01-23T06:11:20+00:00\",\"dateModified\":\"2026-01-23T06:11:22+00:00\",\"mainEntityOfPage\":{\"@id\":\"https:\\\/\\\/www.editorialgeu.com\\\/blog\\\/el-autismo-es-hereditario-o-genetico-conclusiones-de-la-investigacion-cientifica-actual\\\/\"},\"wordCount\":886,\"commentCount\":0,\"publisher\":{\"@id\":\"https:\\\/\\\/www.editorialgeu.com\\\/blog\\\/#organization\"},\"image\":{\"@id\":\"https:\\\/\\\/www.editorialgeu.com\\\/blog\\\/el-autismo-es-hereditario-o-genetico-conclusiones-de-la-investigacion-cientifica-actual\\\/#primaryimage\"},\"thumbnailUrl\":\"https:\\\/\\\/www.editorialgeu.com\\\/blog\\\/wp-content\\\/uploads\\\/2026\\\/01\\\/autismo.png\",\"articleSection\":[\"Pedagog\u00eda terap\u00e9utica\"],\"inLanguage\":\"es\",\"potentialAction\":[{\"@type\":\"CommentAction\",\"name\":\"Comment\",\"target\":[\"https:\\\/\\\/www.editorialgeu.com\\\/blog\\\/el-autismo-es-hereditario-o-genetico-conclusiones-de-la-investigacion-cientifica-actual\\\/#respond\"]}]},{\"@type\":\"WebPage\",\"@id\":\"https:\\\/\\\/www.editorialgeu.com\\\/blog\\\/el-autismo-es-hereditario-o-genetico-conclusiones-de-la-investigacion-cientifica-actual\\\/\",\"url\":\"https:\\\/\\\/www.editorialgeu.com\\\/blog\\\/el-autismo-es-hereditario-o-genetico-conclusiones-de-la-investigacion-cientifica-actual\\\/\",\"name\":\"\u00bfEl autismo es hereditario o gen\u00e9tico? Conclusiones de la investigaci\u00f3n cient\u00edfica actual - Blog Editorial GEU\",\"isPartOf\":{\"@id\":\"https:\\\/\\\/www.editorialgeu.com\\\/blog\\\/#website\"},\"primaryImageOfPage\":{\"@id\":\"https:\\\/\\\/www.editorialgeu.com\\\/blog\\\/el-autismo-es-hereditario-o-genetico-conclusiones-de-la-investigacion-cientifica-actual\\\/#primaryimage\"},\"image\":{\"@id\":\"https:\\\/\\\/www.editorialgeu.com\\\/blog\\\/el-autismo-es-hereditario-o-genetico-conclusiones-de-la-investigacion-cientifica-actual\\\/#primaryimage\"},\"thumbnailUrl\":\"https:\\\/\\\/www.editorialgeu.com\\\/blog\\\/wp-content\\\/uploads\\\/2026\\\/01\\\/autismo.png\",\"datePublished\":\"2026-01-23T06:11:20+00:00\",\"dateModified\":\"2026-01-23T06:11:22+00:00\",\"description\":\"\u00bfEl autismo es hereditario o gen\u00e9tico? Analizamos las conclusiones de la investigaci\u00f3n cient\u00edfica actual y lo que dicen los estudios m\u00e1s recientes.\",\"breadcrumb\":{\"@id\":\"https:\\\/\\\/www.editorialgeu.com\\\/blog\\\/el-autismo-es-hereditario-o-genetico-conclusiones-de-la-investigacion-cientifica-actual\\\/#breadcrumb\"},\"inLanguage\":\"es\",\"potentialAction\":[{\"@type\":\"ReadAction\",\"target\":[\"https:\\\/\\\/www.editorialgeu.com\\\/blog\\\/el-autismo-es-hereditario-o-genetico-conclusiones-de-la-investigacion-cientifica-actual\\\/\"]}]},{\"@type\":\"ImageObject\",\"inLanguage\":\"es\",\"@id\":\"https:\\\/\\\/www.editorialgeu.com\\\/blog\\\/el-autismo-es-hereditario-o-genetico-conclusiones-de-la-investigacion-cientifica-actual\\\/#primaryimage\",\"url\":\"https:\\\/\\\/www.editorialgeu.com\\\/blog\\\/wp-content\\\/uploads\\\/2026\\\/01\\\/autismo.png\",\"contentUrl\":\"https:\\\/\\\/www.editorialgeu.com\\\/blog\\\/wp-content\\\/uploads\\\/2026\\\/01\\\/autismo.png\",\"width\":1536,\"height\":1024,\"caption\":\"autismo hereditario\"},{\"@type\":\"BreadcrumbList\",\"@id\":\"https:\\\/\\\/www.editorialgeu.com\\\/blog\\\/el-autismo-es-hereditario-o-genetico-conclusiones-de-la-investigacion-cientifica-actual\\\/#breadcrumb\",\"itemListElement\":[{\"@type\":\"ListItem\",\"position\":1,\"name\":\"Portada\",\"item\":\"https:\\\/\\\/www.editorialgeu.com\\\/blog\\\/\"},{\"@type\":\"ListItem\",\"position\":2,\"name\":\"\u00bfEl autismo es hereditario o gen\u00e9tico? Conclusiones de la investigaci\u00f3n cient\u00edfica actual\"}]},{\"@type\":\"WebSite\",\"@id\":\"https:\\\/\\\/www.editorialgeu.com\\\/blog\\\/#website\",\"url\":\"https:\\\/\\\/www.editorialgeu.com\\\/blog\\\/\",\"name\":\"Blog Editorial GEU\",\"description\":\"Actualidad, noticias y consejos por una Escuela Inclusiva\",\"publisher\":{\"@id\":\"https:\\\/\\\/www.editorialgeu.com\\\/blog\\\/#organization\"},\"potentialAction\":[{\"@type\":\"SearchAction\",\"target\":{\"@type\":\"EntryPoint\",\"urlTemplate\":\"https:\\\/\\\/www.editorialgeu.com\\\/blog\\\/?s={search_term_string}\"},\"query-input\":{\"@type\":\"PropertyValueSpecification\",\"valueRequired\":true,\"valueName\":\"search_term_string\"}}],\"inLanguage\":\"es\"},{\"@type\":\"Organization\",\"@id\":\"https:\\\/\\\/www.editorialgeu.com\\\/blog\\\/#organization\",\"name\":\"Blog Editorial GEU\",\"url\":\"https:\\\/\\\/www.editorialgeu.com\\\/blog\\\/\",\"logo\":{\"@type\":\"ImageObject\",\"inLanguage\":\"es\",\"@id\":\"https:\\\/\\\/www.editorialgeu.com\\\/blog\\\/#\\\/schema\\\/logo\\\/image\\\/\",\"url\":\"https:\\\/\\\/www.editorialgeu.com\\\/blog\\\/wp-content\\\/uploads\\\/2019\\\/11\\\/LogoGEU_Blog.png\",\"contentUrl\":\"https:\\\/\\\/www.editorialgeu.com\\\/blog\\\/wp-content\\\/uploads\\\/2019\\\/11\\\/LogoGEU_Blog.png\",\"width\":1181,\"height\":477,\"caption\":\"Blog Editorial GEU\"},\"image\":{\"@id\":\"https:\\\/\\\/www.editorialgeu.com\\\/blog\\\/#\\\/schema\\\/logo\\\/image\\\/\"}},{\"@type\":\"Person\",\"@id\":\"https:\\\/\\\/www.editorialgeu.com\\\/blog\\\/#\\\/schema\\\/person\\\/23ea65bf43f15fe2acd16b073bdcdb83\",\"name\":\"Editorial GEU\",\"image\":{\"@type\":\"ImageObject\",\"inLanguage\":\"es\",\"@id\":\"https:\\\/\\\/www.editorialgeu.com\\\/blog\\\/wp-content\\\/uploads\\\/2021\\\/08\\\/Logo-Usuario.jpg\",\"url\":\"https:\\\/\\\/www.editorialgeu.com\\\/blog\\\/wp-content\\\/uploads\\\/2021\\\/08\\\/Logo-Usuario.jpg\",\"contentUrl\":\"https:\\\/\\\/www.editorialgeu.com\\\/blog\\\/wp-content\\\/uploads\\\/2021\\\/08\\\/Logo-Usuario.jpg\",\"caption\":\"Editorial GEU\"},\"description\":\"L\u00edderes en Atenci\u00f3n a la Diversidad.\",\"url\":\"https:\\\/\\\/www.editorialgeu.com\\\/blog\\\/author\\\/geu-admin\\\/\"}]}<\/script>\n<!-- \/ Yoast SEO plugin. -->","yoast_head_json":{"title":"\u00bfEl autismo es hereditario o gen\u00e9tico? Conclusiones de la investigaci\u00f3n cient\u00edfica actual - Blog Editorial GEU","description":"\u00bfEl autismo es hereditario o gen\u00e9tico? Analizamos las conclusiones de la investigaci\u00f3n cient\u00edfica actual y lo que dicen los estudios m\u00e1s recientes.","robots":{"index":"index","follow":"follow","max-snippet":"max-snippet:-1","max-image-preview":"max-image-preview:large","max-video-preview":"max-video-preview:-1"},"canonical":"https:\/\/www.editorialgeu.com\/blog\/el-autismo-es-hereditario-o-genetico-conclusiones-de-la-investigacion-cientifica-actual\/","og_locale":"es_ES","og_type":"article","og_title":"\u00bfEl autismo es hereditario o gen\u00e9tico? Conclusiones de la investigaci\u00f3n cient\u00edfica actual - Blog Editorial GEU","og_description":"\u00bfEl autismo es hereditario o gen\u00e9tico? Analizamos las conclusiones de la investigaci\u00f3n cient\u00edfica actual y lo que dicen los estudios m\u00e1s recientes.","og_url":"https:\/\/www.editorialgeu.com\/blog\/el-autismo-es-hereditario-o-genetico-conclusiones-de-la-investigacion-cientifica-actual\/","og_site_name":"Blog Editorial GEU","article_published_time":"2026-01-23T06:11:20+00:00","article_modified_time":"2026-01-23T06:11:22+00:00","og_image":[{"width":1024,"height":683,"url":"https:\/\/www.editorialgeu.com\/blog\/wp-content\/uploads\/2026\/01\/autismo-1024x683.png","type":"image\/png"}],"author":"Editorial GEU","twitter_card":"summary_large_image","twitter_misc":{"Escrito por":"Editorial GEU","Tiempo de lectura":"4 minutos"},"schema":{"@context":"https:\/\/schema.org","@graph":[{"@type":"Article","@id":"https:\/\/www.editorialgeu.com\/blog\/el-autismo-es-hereditario-o-genetico-conclusiones-de-la-investigacion-cientifica-actual\/#article","isPartOf":{"@id":"https:\/\/www.editorialgeu.com\/blog\/el-autismo-es-hereditario-o-genetico-conclusiones-de-la-investigacion-cientifica-actual\/"},"author":{"name":"Editorial GEU","@id":"https:\/\/www.editorialgeu.com\/blog\/#\/schema\/person\/23ea65bf43f15fe2acd16b073bdcdb83"},"headline":"\u00bfEl autismo es hereditario o gen\u00e9tico? Conclusiones de la investigaci\u00f3n cient\u00edfica actual","datePublished":"2026-01-23T06:11:20+00:00","dateModified":"2026-01-23T06:11:22+00:00","mainEntityOfPage":{"@id":"https:\/\/www.editorialgeu.com\/blog\/el-autismo-es-hereditario-o-genetico-conclusiones-de-la-investigacion-cientifica-actual\/"},"wordCount":886,"commentCount":0,"publisher":{"@id":"https:\/\/www.editorialgeu.com\/blog\/#organization"},"image":{"@id":"https:\/\/www.editorialgeu.com\/blog\/el-autismo-es-hereditario-o-genetico-conclusiones-de-la-investigacion-cientifica-actual\/#primaryimage"},"thumbnailUrl":"https:\/\/www.editorialgeu.com\/blog\/wp-content\/uploads\/2026\/01\/autismo.png","articleSection":["Pedagog\u00eda terap\u00e9utica"],"inLanguage":"es","potentialAction":[{"@type":"CommentAction","name":"Comment","target":["https:\/\/www.editorialgeu.com\/blog\/el-autismo-es-hereditario-o-genetico-conclusiones-de-la-investigacion-cientifica-actual\/#respond"]}]},{"@type":"WebPage","@id":"https:\/\/www.editorialgeu.com\/blog\/el-autismo-es-hereditario-o-genetico-conclusiones-de-la-investigacion-cientifica-actual\/","url":"https:\/\/www.editorialgeu.com\/blog\/el-autismo-es-hereditario-o-genetico-conclusiones-de-la-investigacion-cientifica-actual\/","name":"\u00bfEl autismo es hereditario o gen\u00e9tico? Conclusiones de la investigaci\u00f3n cient\u00edfica actual - Blog Editorial GEU","isPartOf":{"@id":"https:\/\/www.editorialgeu.com\/blog\/#website"},"primaryImageOfPage":{"@id":"https:\/\/www.editorialgeu.com\/blog\/el-autismo-es-hereditario-o-genetico-conclusiones-de-la-investigacion-cientifica-actual\/#primaryimage"},"image":{"@id":"https:\/\/www.editorialgeu.com\/blog\/el-autismo-es-hereditario-o-genetico-conclusiones-de-la-investigacion-cientifica-actual\/#primaryimage"},"thumbnailUrl":"https:\/\/www.editorialgeu.com\/blog\/wp-content\/uploads\/2026\/01\/autismo.png","datePublished":"2026-01-23T06:11:20+00:00","dateModified":"2026-01-23T06:11:22+00:00","description":"\u00bfEl autismo es hereditario o gen\u00e9tico? Analizamos las conclusiones de la investigaci\u00f3n cient\u00edfica actual y lo que dicen los estudios m\u00e1s recientes.","breadcrumb":{"@id":"https:\/\/www.editorialgeu.com\/blog\/el-autismo-es-hereditario-o-genetico-conclusiones-de-la-investigacion-cientifica-actual\/#breadcrumb"},"inLanguage":"es","potentialAction":[{"@type":"ReadAction","target":["https:\/\/www.editorialgeu.com\/blog\/el-autismo-es-hereditario-o-genetico-conclusiones-de-la-investigacion-cientifica-actual\/"]}]},{"@type":"ImageObject","inLanguage":"es","@id":"https:\/\/www.editorialgeu.com\/blog\/el-autismo-es-hereditario-o-genetico-conclusiones-de-la-investigacion-cientifica-actual\/#primaryimage","url":"https:\/\/www.editorialgeu.com\/blog\/wp-content\/uploads\/2026\/01\/autismo.png","contentUrl":"https:\/\/www.editorialgeu.com\/blog\/wp-content\/uploads\/2026\/01\/autismo.png","width":1536,"height":1024,"caption":"autismo hereditario"},{"@type":"BreadcrumbList","@id":"https:\/\/www.editorialgeu.com\/blog\/el-autismo-es-hereditario-o-genetico-conclusiones-de-la-investigacion-cientifica-actual\/#breadcrumb","itemListElement":[{"@type":"ListItem","position":1,"name":"Portada","item":"https:\/\/www.editorialgeu.com\/blog\/"},{"@type":"ListItem","position":2,"name":"\u00bfEl autismo es hereditario o gen\u00e9tico? Conclusiones de la investigaci\u00f3n cient\u00edfica actual"}]},{"@type":"WebSite","@id":"https:\/\/www.editorialgeu.com\/blog\/#website","url":"https:\/\/www.editorialgeu.com\/blog\/","name":"Blog Editorial GEU","description":"Actualidad, noticias y consejos por una Escuela Inclusiva","publisher":{"@id":"https:\/\/www.editorialgeu.com\/blog\/#organization"},"potentialAction":[{"@type":"SearchAction","target":{"@type":"EntryPoint","urlTemplate":"https:\/\/www.editorialgeu.com\/blog\/?s={search_term_string}"},"query-input":{"@type":"PropertyValueSpecification","valueRequired":true,"valueName":"search_term_string"}}],"inLanguage":"es"},{"@type":"Organization","@id":"https:\/\/www.editorialgeu.com\/blog\/#organization","name":"Blog Editorial GEU","url":"https:\/\/www.editorialgeu.com\/blog\/","logo":{"@type":"ImageObject","inLanguage":"es","@id":"https:\/\/www.editorialgeu.com\/blog\/#\/schema\/logo\/image\/","url":"https:\/\/www.editorialgeu.com\/blog\/wp-content\/uploads\/2019\/11\/LogoGEU_Blog.png","contentUrl":"https:\/\/www.editorialgeu.com\/blog\/wp-content\/uploads\/2019\/11\/LogoGEU_Blog.png","width":1181,"height":477,"caption":"Blog Editorial GEU"},"image":{"@id":"https:\/\/www.editorialgeu.com\/blog\/#\/schema\/logo\/image\/"}},{"@type":"Person","@id":"https:\/\/www.editorialgeu.com\/blog\/#\/schema\/person\/23ea65bf43f15fe2acd16b073bdcdb83","name":"Editorial GEU","image":{"@type":"ImageObject","inLanguage":"es","@id":"https:\/\/www.editorialgeu.com\/blog\/wp-content\/uploads\/2021\/08\/Logo-Usuario.jpg","url":"https:\/\/www.editorialgeu.com\/blog\/wp-content\/uploads\/2021\/08\/Logo-Usuario.jpg","contentUrl":"https:\/\/www.editorialgeu.com\/blog\/wp-content\/uploads\/2021\/08\/Logo-Usuario.jpg","caption":"Editorial GEU"},"description":"L\u00edderes en Atenci\u00f3n a la Diversidad.","url":"https:\/\/www.editorialgeu.com\/blog\/author\/geu-admin\/"}]}},"_links":{"self":[{"href":"https:\/\/www.editorialgeu.com\/blog\/wp-json\/wp\/v2\/posts\/3151","targetHints":{"allow":["GET"]}}],"collection":[{"href":"https:\/\/www.editorialgeu.com\/blog\/wp-json\/wp\/v2\/posts"}],"about":[{"href":"https:\/\/www.editorialgeu.com\/blog\/wp-json\/wp\/v2\/types\/post"}],"author":[{"embeddable":true,"href":"https:\/\/www.editorialgeu.com\/blog\/wp-json\/wp\/v2\/users\/1"}],"replies":[{"embeddable":true,"href":"https:\/\/www.editorialgeu.com\/blog\/wp-json\/wp\/v2\/comments?post=3151"}],"version-history":[{"count":1,"href":"https:\/\/www.editorialgeu.com\/blog\/wp-json\/wp\/v2\/posts\/3151\/revisions"}],"predecessor-version":[{"id":3153,"href":"https:\/\/www.editorialgeu.com\/blog\/wp-json\/wp\/v2\/posts\/3151\/revisions\/3153"}],"wp:featuredmedia":[{"embeddable":true,"href":"https:\/\/www.editorialgeu.com\/blog\/wp-json\/wp\/v2\/media\/3152"}],"wp:attachment":[{"href":"https:\/\/www.editorialgeu.com\/blog\/wp-json\/wp\/v2\/media?parent=3151"}],"wp:term":[{"taxonomy":"category","embeddable":true,"href":"https:\/\/www.editorialgeu.com\/blog\/wp-json\/wp\/v2\/categories?post=3151"},{"taxonomy":"post_tag","embeddable":true,"href":"https:\/\/www.editorialgeu.com\/blog\/wp-json\/wp\/v2\/tags?post=3151"}],"curies":[{"name":"wp","href":"https:\/\/api.w.org\/{rel}","templated":true}]}}