{"id":539,"date":"2017-09-21T08:00:32","date_gmt":"2017-09-21T06:00:32","guid":{"rendered":"https:\/\/www.editorialgeu.com\/blog\/?p=539"},"modified":"2017-09-22T07:53:26","modified_gmt":"2017-09-22T05:53:26","slug":"colorines-el-camaleon-de-las-emociones-cuento","status":"publish","type":"post","link":"https:\/\/www.editorialgeu.com\/blog\/colorines-el-camaleon-de-las-emociones-cuento\/","title":{"rendered":"Colorines, el camale\u00f3n de las emociones [CUENTO]"},"content":{"rendered":"<p>Este cuento lo invent\u00e9 para demostrar a los peque\u00f1os la importancia de expresar las emociones y de respetar a otros ni\u00f1os, aunque sean algo diferentes al resto. Al fin y al cabo, ning\u00fan ser es igual a otro.<!--more--><\/p>\n<h3>Cuento \u00abColorines, el camale\u00f3n de las emociones\u00bb, de Miss Eli<\/h3>\n<blockquote><p>Cuando el huevo de Colorines eclosion\u00f3, se encontr\u00f3 en un barco, rumbo a otro pa\u00eds. El era de Yemen, donde los camaleones velado se tornan en mil colores dependiendo de su estado de \u00e1nimo, aunque \u00e9l a\u00fan no lo sab\u00eda. No ten\u00eda una mam\u00e1 junto a \u00e9l, solo otros huevos que iban eclosionando a la vez que el suyo y de donde emerg\u00edan otros camaleones chiquitines y de un verdor claro. Alguno que otro no se hab\u00eda enterado a\u00fan de que su huevo estaba roto porque segu\u00eda acurrucadito y hecho una bola. Todos sus compa\u00f1eros miraban alrededor, algo perplejos, buscando a alguien que los cuidara. Durante unos d\u00edas, una mano los alimentaba, pero no les daba las caricias y mimos que un beb\u00e9 requiere. Cuando el barco atrac\u00f3, bajaron las cajas donde se encontraban.<\/p>\n<p>Casualmente, la caja de Colorines se rompi\u00f3 y \u00e9l se encontr\u00f3 en el suelo, sin maderas que le impidiesen correr en libertad. As\u00ed que sin pens\u00e1rselo dos veces, se adentr\u00f3 en una pradera cercana, verde y llena de luz. Se revolc\u00f3 por la hierba, la olfate\u00f3 y hasta prob\u00f3 alguna fruta, porque aunque todos sabemos que los camaleones se alimentan de insectos, a Colorines, como a otros camaleones de su especie, les gustaba tambi\u00e9n comer fruta.<br \/>\nDisfrutando estaba del sol, las flores y el paisaje cuando otro camale\u00f3n,algo diferente, se acerc\u00f3 a \u00e9l y le dijo:<\/p>\n<p>\u2015Oye, \u00bft\u00fa no cambias de color para camuflarte? \u2015fue una pregunta seca, sin cordialidad alguna.<\/p>\n<p>\u2015Pues no s\u00e9, no he probado \u2015respondi\u00f3 Colorines avergonzado que, como los camaleones de su especie hacen, solo cambian de color seg\u00fan se sientan, no por el entorno; as\u00ed que comenz\u00f3 a adquirir un verdor oscuro. Su color verde claro de estar a gusto se torn\u00f3 en un verde militar de sentirse algo inc\u00f3modo.<\/p>\n<p>\u2015Pues lo est\u00e1s haciendo al contrario, antes ten\u00edas un color m\u00e1s parecido a la hierba, ahora se te ve a tres kil\u00f3metros\u2015. El nuevo camale\u00f3n no se mostraba muy acogedor, as\u00ed que nuestro amigo decidi\u00f3 despedirse educadamente y continuar con su exploraci\u00f3n.<\/p>\n<p>Colorines no terminaba de adaptarse al nuevo medio, creci\u00f3 como un camale\u00f3n algo solitario, no se llegaba a integrar con los otros camaleones, que lo miraban extra\u00f1ados. Lo que le ocurr\u00eda a Colorines es que cambiaba a colores diferentes, con tonos rojos, amarillos y naranjas si se enfadaba, verde claro cuando era feliz, verde oscuro cuando se agobiaba&#8230; y otro sinf\u00edn de colores m\u00e1s.<\/p>\n<p>Cuando se pon\u00eda al sol, su cuerpo se mostraba lleno de unos cristalitos especiales y brillantes que reflejaban los rayos, deslumbrando a los que miraban. Cuando ve\u00eda un peligro, no se camuflaba con sus colores, como hac\u00edan los camaleones de su entorno, sino que se pon\u00eda recto, de perfil e intentaba imitar a una hoja. Era tan peculiar que nadie hab\u00eda visto nada igual por aquellas tierras.<\/p>\n<p>Un d\u00eda, una camaleona com\u00fan se aproxim\u00f3 a \u00e9l, Colorines se volvi\u00f3 azul y morado, colores no muy habituales en \u00e9l. Se encontraba algo avergonzado a ver como esta chica camale\u00f3n se acercaba a hablar con \u00e9l, al que siempre tachaban de \u00abEl Rarito\u00bb. Sus colores se multiplicaban, iban y ven\u00edan sin poder controlarlos en absoluto. Camiamiga, la camaleona, le sonri\u00f3, quiz\u00e1s porque ella si comenzaba a entender esas idas y venidas de colores.<\/p>\n<p>\u2015\u00bfPor qu\u00e9 no te acercas a nosotros? Somos camaleones, al igual que t\u00fa.<\/p>\n<p>\u2015Bueno \u2015respondi\u00f3 Colorines con timidez\u2015, soy diferente.<\/p>\n<p>\u2015Solo un poco, adem\u00e1s, tus colores son alegres, divertidos y preciosos. \u00a1No debes avergonzarte de ellos! \u2015le explico Camiamiga, deslumbrada por el centellear de los m\u00faltiples colores de Colorines al reflejo del sol.<\/p>\n<p>\u2015Intento controlarlos, pero no puedo, quiz\u00e1s no sea muy listo \u2015explic\u00f3 nuestro camale\u00f3n, bajando la cabeza.<\/p>\n<p>\u2015\u00a1Claro que lo eres! \u00a1Nunca vi un camale\u00f3n mostrar sus emociones como lo haces t\u00fa! Sabes, los camaleones de esta zona intentan ocultar sus sentimientos, camufl\u00e1ndose, pero t\u00fa no, te muestras tal y como eres. Expresas lo que sientes y eso es maravilloso\u2015 Camiamiga hablaba con tal entusiasmo, que Colorines no pudo m\u00e1s que sonre\u00edr, aunque nunca vi a un camale\u00f3n sonre\u00edr, seguro que lo hacen de alguna forma.<\/p>\n<p>Cada d\u00eda, Colorines y Camiamiga paseaban juntos y nuestro amigo expresaba y comunicaba lo que sent\u00eda en cada momento, a trav\u00e9s de sus colores. Camiamiga estaba encantada con ese amigo que exteriorizaba sus impresiones con tanta naturalidad. Poco a poco, ella empez\u00f3 a expresarse, aunque con tonos no tan llamativos, a trav\u00e9s de sus colores. Los dem\u00e1s camaleones, viendo lo felices que eran los dos, comenzaron a desinhibirse, as\u00ed que poco a poco, iban mostrando sus emociones a trav\u00e9s de sus colores y a expresar sus estados de \u00e1nimo.<\/p>\n<p>Un d\u00eda, Colorines y Camiamiga decidieron tener sus propios camaleoncitos, cuando estos eclosionaron su huevo, no se encontraron solos, sino que ten\u00edan un pap\u00e1 y una mam\u00e1 mostr\u00e1ndoles sus colores de felicidad, por lo que los peque\u00f1os, desde el principio aprendieron a expresar sus sentimientos y a comunicarse sin miedos y sin necesidad de ocultar las sensaciones que experimentaban.<\/p>\n<p>Con el tiempo, Colorines form\u00f3 una escuela de emociones, donde todos los camaleones, desde que sal\u00edan de su huevo, iban a aprender a expresar sus emociones y a comunicarlas libremente. Desde entonces, a nuestro amigo se le llam\u00f3 \u201cColorines, el camale\u00f3n de las emociones\u201d y todos valoraron su peculiar cualidad.<\/p><\/blockquote>\n","protected":false},"excerpt":{"rendered":"<p>Este cuento lo invent\u00e9 para demostrar a los peque\u00f1os la importancia de expresar las emociones y de respetar a otros ni\u00f1os, aunque sean algo diferentes al resto. Al fin y al cabo, ning\u00fan ser es igual a otro.<\/p>\n","protected":false},"author":5,"featured_media":558,"comment_status":"open","ping_status":"open","sticky":false,"template":"","format":"standard","meta":{"footnotes":""},"categories":[8],"tags":[20,70],"class_list":["post-539","post","type-post","status-publish","format-standard","has-post-thumbnail","hentry","category-cuentos-divertidos-para-ninos","tag-cuento","tag-tolerancia"],"yoast_head":"<!-- This site is optimized with the Yoast SEO plugin v27.4 - https:\/\/yoast.com\/product\/yoast-seo-wordpress\/ -->\n<title>Colorines, el camale\u00f3n de las emociones (cuento) - Blog Editorial GEU<\/title>\n<meta name=\"description\" content=\"Un cuento para demostrar a los peque\u00f1os la importancia de expresar las emociones y de respetar a otros ni\u00f1os, aunque sean algo diferentes al resto.\" \/>\n<meta name=\"robots\" content=\"index, follow, max-snippet:-1, max-image-preview:large, max-video-preview:-1\" \/>\n<link rel=\"canonical\" href=\"https:\/\/www.editorialgeu.com\/blog\/colorines-el-camaleon-de-las-emociones-cuento\/\" \/>\n<meta property=\"og:locale\" content=\"es_ES\" \/>\n<meta property=\"og:type\" content=\"article\" \/>\n<meta property=\"og:title\" content=\"Colorines, el camale\u00f3n de las emociones (cuento) - Blog Editorial GEU\" \/>\n<meta property=\"og:description\" content=\"Un cuento para demostrar a los peque\u00f1os la importancia de expresar las emociones y de respetar a otros ni\u00f1os, aunque sean algo diferentes al resto.\" \/>\n<meta property=\"og:url\" content=\"https:\/\/www.editorialgeu.com\/blog\/colorines-el-camaleon-de-las-emociones-cuento\/\" \/>\n<meta property=\"og:site_name\" content=\"Blog Editorial GEU\" \/>\n<meta property=\"article:published_time\" content=\"2017-09-21T06:00:32+00:00\" \/>\n<meta property=\"article:modified_time\" content=\"2017-09-22T05:53:26+00:00\" \/>\n<meta property=\"og:image\" content=\"https:\/\/www.editorialgeu.com\/blog\/wp-content\/uploads\/2017\/09\/colorines.png\" \/>\n\t<meta property=\"og:image:width\" content=\"1200\" \/>\n\t<meta property=\"og:image:height\" content=\"599\" \/>\n\t<meta property=\"og:image:type\" content=\"image\/png\" \/>\n<meta name=\"author\" content=\"Miss Eli\" \/>\n<meta name=\"twitter:card\" content=\"summary_large_image\" \/>\n<meta name=\"twitter:label1\" content=\"Escrito por\" \/>\n\t<meta name=\"twitter:data1\" content=\"Miss Eli\" \/>\n\t<meta name=\"twitter:label2\" content=\"Tiempo de lectura\" \/>\n\t<meta name=\"twitter:data2\" content=\"5 minutos\" \/>\n<script type=\"application\/ld+json\" class=\"yoast-schema-graph\">{\"@context\":\"https:\\\/\\\/schema.org\",\"@graph\":[{\"@type\":\"Article\",\"@id\":\"https:\\\/\\\/www.editorialgeu.com\\\/blog\\\/colorines-el-camaleon-de-las-emociones-cuento\\\/#article\",\"isPartOf\":{\"@id\":\"https:\\\/\\\/www.editorialgeu.com\\\/blog\\\/colorines-el-camaleon-de-las-emociones-cuento\\\/\"},\"author\":{\"name\":\"Miss Eli\",\"@id\":\"https:\\\/\\\/www.editorialgeu.com\\\/blog\\\/#\\\/schema\\\/person\\\/26c0feca25f826c9747f097b330bdbad\"},\"headline\":\"Colorines, el camale\u00f3n de las emociones [CUENTO]\",\"datePublished\":\"2017-09-21T06:00:32+00:00\",\"dateModified\":\"2017-09-22T05:53:26+00:00\",\"mainEntityOfPage\":{\"@id\":\"https:\\\/\\\/www.editorialgeu.com\\\/blog\\\/colorines-el-camaleon-de-las-emociones-cuento\\\/\"},\"wordCount\":1001,\"commentCount\":2,\"publisher\":{\"@id\":\"https:\\\/\\\/www.editorialgeu.com\\\/blog\\\/#organization\"},\"image\":{\"@id\":\"https:\\\/\\\/www.editorialgeu.com\\\/blog\\\/colorines-el-camaleon-de-las-emociones-cuento\\\/#primaryimage\"},\"thumbnailUrl\":\"https:\\\/\\\/www.editorialgeu.com\\\/blog\\\/wp-content\\\/uploads\\\/2017\\\/09\\\/colorines.png\",\"keywords\":[\"cuento\",\"tolerancia\"],\"articleSection\":[\"Historias y f\u00e1bulas para los m\u00e1s peque\u00f1os\"],\"inLanguage\":\"es\",\"potentialAction\":[{\"@type\":\"CommentAction\",\"name\":\"Comment\",\"target\":[\"https:\\\/\\\/www.editorialgeu.com\\\/blog\\\/colorines-el-camaleon-de-las-emociones-cuento\\\/#respond\"]}]},{\"@type\":\"WebPage\",\"@id\":\"https:\\\/\\\/www.editorialgeu.com\\\/blog\\\/colorines-el-camaleon-de-las-emociones-cuento\\\/\",\"url\":\"https:\\\/\\\/www.editorialgeu.com\\\/blog\\\/colorines-el-camaleon-de-las-emociones-cuento\\\/\",\"name\":\"Colorines, el camale\u00f3n de las emociones (cuento) - Blog Editorial GEU\",\"isPartOf\":{\"@id\":\"https:\\\/\\\/www.editorialgeu.com\\\/blog\\\/#website\"},\"primaryImageOfPage\":{\"@id\":\"https:\\\/\\\/www.editorialgeu.com\\\/blog\\\/colorines-el-camaleon-de-las-emociones-cuento\\\/#primaryimage\"},\"image\":{\"@id\":\"https:\\\/\\\/www.editorialgeu.com\\\/blog\\\/colorines-el-camaleon-de-las-emociones-cuento\\\/#primaryimage\"},\"thumbnailUrl\":\"https:\\\/\\\/www.editorialgeu.com\\\/blog\\\/wp-content\\\/uploads\\\/2017\\\/09\\\/colorines.png\",\"datePublished\":\"2017-09-21T06:00:32+00:00\",\"dateModified\":\"2017-09-22T05:53:26+00:00\",\"description\":\"Un cuento para demostrar a los peque\u00f1os la importancia de expresar las emociones y de respetar a otros ni\u00f1os, aunque sean algo diferentes al resto.\",\"breadcrumb\":{\"@id\":\"https:\\\/\\\/www.editorialgeu.com\\\/blog\\\/colorines-el-camaleon-de-las-emociones-cuento\\\/#breadcrumb\"},\"inLanguage\":\"es\",\"potentialAction\":[{\"@type\":\"ReadAction\",\"target\":[\"https:\\\/\\\/www.editorialgeu.com\\\/blog\\\/colorines-el-camaleon-de-las-emociones-cuento\\\/\"]}]},{\"@type\":\"ImageObject\",\"inLanguage\":\"es\",\"@id\":\"https:\\\/\\\/www.editorialgeu.com\\\/blog\\\/colorines-el-camaleon-de-las-emociones-cuento\\\/#primaryimage\",\"url\":\"https:\\\/\\\/www.editorialgeu.com\\\/blog\\\/wp-content\\\/uploads\\\/2017\\\/09\\\/colorines.png\",\"contentUrl\":\"https:\\\/\\\/www.editorialgeu.com\\\/blog\\\/wp-content\\\/uploads\\\/2017\\\/09\\\/colorines.png\",\"width\":1200,\"height\":599,\"caption\":\"Cuento Colorines, el camale\u00f3n\"},{\"@type\":\"BreadcrumbList\",\"@id\":\"https:\\\/\\\/www.editorialgeu.com\\\/blog\\\/colorines-el-camaleon-de-las-emociones-cuento\\\/#breadcrumb\",\"itemListElement\":[{\"@type\":\"ListItem\",\"position\":1,\"name\":\"Portada\",\"item\":\"https:\\\/\\\/www.editorialgeu.com\\\/blog\\\/\"},{\"@type\":\"ListItem\",\"position\":2,\"name\":\"Colorines, el camale\u00f3n de las emociones [CUENTO]\"}]},{\"@type\":\"WebSite\",\"@id\":\"https:\\\/\\\/www.editorialgeu.com\\\/blog\\\/#website\",\"url\":\"https:\\\/\\\/www.editorialgeu.com\\\/blog\\\/\",\"name\":\"Blog Editorial GEU\",\"description\":\"Actualidad, noticias y consejos por una Escuela Inclusiva\",\"publisher\":{\"@id\":\"https:\\\/\\\/www.editorialgeu.com\\\/blog\\\/#organization\"},\"potentialAction\":[{\"@type\":\"SearchAction\",\"target\":{\"@type\":\"EntryPoint\",\"urlTemplate\":\"https:\\\/\\\/www.editorialgeu.com\\\/blog\\\/?s={search_term_string}\"},\"query-input\":{\"@type\":\"PropertyValueSpecification\",\"valueRequired\":true,\"valueName\":\"search_term_string\"}}],\"inLanguage\":\"es\"},{\"@type\":\"Organization\",\"@id\":\"https:\\\/\\\/www.editorialgeu.com\\\/blog\\\/#organization\",\"name\":\"Blog Editorial GEU\",\"url\":\"https:\\\/\\\/www.editorialgeu.com\\\/blog\\\/\",\"logo\":{\"@type\":\"ImageObject\",\"inLanguage\":\"es\",\"@id\":\"https:\\\/\\\/www.editorialgeu.com\\\/blog\\\/#\\\/schema\\\/logo\\\/image\\\/\",\"url\":\"https:\\\/\\\/www.editorialgeu.com\\\/blog\\\/wp-content\\\/uploads\\\/2019\\\/11\\\/LogoGEU_Blog.png\",\"contentUrl\":\"https:\\\/\\\/www.editorialgeu.com\\\/blog\\\/wp-content\\\/uploads\\\/2019\\\/11\\\/LogoGEU_Blog.png\",\"width\":1181,\"height\":477,\"caption\":\"Blog Editorial GEU\"},\"image\":{\"@id\":\"https:\\\/\\\/www.editorialgeu.com\\\/blog\\\/#\\\/schema\\\/logo\\\/image\\\/\"}},{\"@type\":\"Person\",\"@id\":\"https:\\\/\\\/www.editorialgeu.com\\\/blog\\\/#\\\/schema\\\/person\\\/26c0feca25f826c9747f097b330bdbad\",\"name\":\"Miss Eli\",\"image\":{\"@type\":\"ImageObject\",\"inLanguage\":\"es\",\"@id\":\"https:\\\/\\\/www.editorialgeu.com\\\/blog\\\/wp-content\\\/uploads\\\/2017\\\/06\\\/eli-1-150x150.jpg\",\"url\":\"https:\\\/\\\/www.editorialgeu.com\\\/blog\\\/wp-content\\\/uploads\\\/2017\\\/06\\\/eli-1-150x150.jpg\",\"contentUrl\":\"https:\\\/\\\/www.editorialgeu.com\\\/blog\\\/wp-content\\\/uploads\\\/2017\\\/06\\\/eli-1-150x150.jpg\",\"caption\":\"Miss Eli\"},\"description\":\"Profesora de espa\u00f1ol en Educaci\u00f3n Primaria apasionada por la escritura y por ense\u00f1ar a trav\u00e9s de sus historias. Desde siempre, su objetivo ha sido y es motivar e ilusionar a los m\u00e1s peque\u00f1os con la lectura, y a la vez ayudarles a reforzar su aprendizaje de forma l\u00fadica. Es autora de numerosos cuentos infantiles biling\u00fces, entre ellos Luc\u00eda, la princesa m\u00e1s valiente y Alba corre por el arco\u00edris, publicados por Editorial GEU.\",\"url\":\"https:\\\/\\\/www.editorialgeu.com\\\/blog\\\/author\\\/miss-eli\\\/\"}]}<\/script>\n<!-- \/ Yoast SEO plugin. -->","yoast_head_json":{"title":"Colorines, el camale\u00f3n de las emociones (cuento) - Blog Editorial GEU","description":"Un cuento para demostrar a los peque\u00f1os la importancia de expresar las emociones y de respetar a otros ni\u00f1os, aunque sean algo diferentes al resto.","robots":{"index":"index","follow":"follow","max-snippet":"max-snippet:-1","max-image-preview":"max-image-preview:large","max-video-preview":"max-video-preview:-1"},"canonical":"https:\/\/www.editorialgeu.com\/blog\/colorines-el-camaleon-de-las-emociones-cuento\/","og_locale":"es_ES","og_type":"article","og_title":"Colorines, el camale\u00f3n de las emociones (cuento) - Blog Editorial GEU","og_description":"Un cuento para demostrar a los peque\u00f1os la importancia de expresar las emociones y de respetar a otros ni\u00f1os, aunque sean algo diferentes al resto.","og_url":"https:\/\/www.editorialgeu.com\/blog\/colorines-el-camaleon-de-las-emociones-cuento\/","og_site_name":"Blog Editorial GEU","article_published_time":"2017-09-21T06:00:32+00:00","article_modified_time":"2017-09-22T05:53:26+00:00","og_image":[{"width":1200,"height":599,"url":"https:\/\/www.editorialgeu.com\/blog\/wp-content\/uploads\/2017\/09\/colorines.png","type":"image\/png"}],"author":"Miss Eli","twitter_card":"summary_large_image","twitter_misc":{"Escrito por":"Miss Eli","Tiempo de lectura":"5 minutos"},"schema":{"@context":"https:\/\/schema.org","@graph":[{"@type":"Article","@id":"https:\/\/www.editorialgeu.com\/blog\/colorines-el-camaleon-de-las-emociones-cuento\/#article","isPartOf":{"@id":"https:\/\/www.editorialgeu.com\/blog\/colorines-el-camaleon-de-las-emociones-cuento\/"},"author":{"name":"Miss Eli","@id":"https:\/\/www.editorialgeu.com\/blog\/#\/schema\/person\/26c0feca25f826c9747f097b330bdbad"},"headline":"Colorines, el camale\u00f3n de las emociones [CUENTO]","datePublished":"2017-09-21T06:00:32+00:00","dateModified":"2017-09-22T05:53:26+00:00","mainEntityOfPage":{"@id":"https:\/\/www.editorialgeu.com\/blog\/colorines-el-camaleon-de-las-emociones-cuento\/"},"wordCount":1001,"commentCount":2,"publisher":{"@id":"https:\/\/www.editorialgeu.com\/blog\/#organization"},"image":{"@id":"https:\/\/www.editorialgeu.com\/blog\/colorines-el-camaleon-de-las-emociones-cuento\/#primaryimage"},"thumbnailUrl":"https:\/\/www.editorialgeu.com\/blog\/wp-content\/uploads\/2017\/09\/colorines.png","keywords":["cuento","tolerancia"],"articleSection":["Historias y f\u00e1bulas para los m\u00e1s peque\u00f1os"],"inLanguage":"es","potentialAction":[{"@type":"CommentAction","name":"Comment","target":["https:\/\/www.editorialgeu.com\/blog\/colorines-el-camaleon-de-las-emociones-cuento\/#respond"]}]},{"@type":"WebPage","@id":"https:\/\/www.editorialgeu.com\/blog\/colorines-el-camaleon-de-las-emociones-cuento\/","url":"https:\/\/www.editorialgeu.com\/blog\/colorines-el-camaleon-de-las-emociones-cuento\/","name":"Colorines, el camale\u00f3n de las emociones (cuento) - Blog Editorial GEU","isPartOf":{"@id":"https:\/\/www.editorialgeu.com\/blog\/#website"},"primaryImageOfPage":{"@id":"https:\/\/www.editorialgeu.com\/blog\/colorines-el-camaleon-de-las-emociones-cuento\/#primaryimage"},"image":{"@id":"https:\/\/www.editorialgeu.com\/blog\/colorines-el-camaleon-de-las-emociones-cuento\/#primaryimage"},"thumbnailUrl":"https:\/\/www.editorialgeu.com\/blog\/wp-content\/uploads\/2017\/09\/colorines.png","datePublished":"2017-09-21T06:00:32+00:00","dateModified":"2017-09-22T05:53:26+00:00","description":"Un cuento para demostrar a los peque\u00f1os la importancia de expresar las emociones y de respetar a otros ni\u00f1os, aunque sean algo diferentes al resto.","breadcrumb":{"@id":"https:\/\/www.editorialgeu.com\/blog\/colorines-el-camaleon-de-las-emociones-cuento\/#breadcrumb"},"inLanguage":"es","potentialAction":[{"@type":"ReadAction","target":["https:\/\/www.editorialgeu.com\/blog\/colorines-el-camaleon-de-las-emociones-cuento\/"]}]},{"@type":"ImageObject","inLanguage":"es","@id":"https:\/\/www.editorialgeu.com\/blog\/colorines-el-camaleon-de-las-emociones-cuento\/#primaryimage","url":"https:\/\/www.editorialgeu.com\/blog\/wp-content\/uploads\/2017\/09\/colorines.png","contentUrl":"https:\/\/www.editorialgeu.com\/blog\/wp-content\/uploads\/2017\/09\/colorines.png","width":1200,"height":599,"caption":"Cuento Colorines, el camale\u00f3n"},{"@type":"BreadcrumbList","@id":"https:\/\/www.editorialgeu.com\/blog\/colorines-el-camaleon-de-las-emociones-cuento\/#breadcrumb","itemListElement":[{"@type":"ListItem","position":1,"name":"Portada","item":"https:\/\/www.editorialgeu.com\/blog\/"},{"@type":"ListItem","position":2,"name":"Colorines, el camale\u00f3n de las emociones [CUENTO]"}]},{"@type":"WebSite","@id":"https:\/\/www.editorialgeu.com\/blog\/#website","url":"https:\/\/www.editorialgeu.com\/blog\/","name":"Blog Editorial GEU","description":"Actualidad, noticias y consejos por una Escuela Inclusiva","publisher":{"@id":"https:\/\/www.editorialgeu.com\/blog\/#organization"},"potentialAction":[{"@type":"SearchAction","target":{"@type":"EntryPoint","urlTemplate":"https:\/\/www.editorialgeu.com\/blog\/?s={search_term_string}"},"query-input":{"@type":"PropertyValueSpecification","valueRequired":true,"valueName":"search_term_string"}}],"inLanguage":"es"},{"@type":"Organization","@id":"https:\/\/www.editorialgeu.com\/blog\/#organization","name":"Blog Editorial GEU","url":"https:\/\/www.editorialgeu.com\/blog\/","logo":{"@type":"ImageObject","inLanguage":"es","@id":"https:\/\/www.editorialgeu.com\/blog\/#\/schema\/logo\/image\/","url":"https:\/\/www.editorialgeu.com\/blog\/wp-content\/uploads\/2019\/11\/LogoGEU_Blog.png","contentUrl":"https:\/\/www.editorialgeu.com\/blog\/wp-content\/uploads\/2019\/11\/LogoGEU_Blog.png","width":1181,"height":477,"caption":"Blog Editorial GEU"},"image":{"@id":"https:\/\/www.editorialgeu.com\/blog\/#\/schema\/logo\/image\/"}},{"@type":"Person","@id":"https:\/\/www.editorialgeu.com\/blog\/#\/schema\/person\/26c0feca25f826c9747f097b330bdbad","name":"Miss Eli","image":{"@type":"ImageObject","inLanguage":"es","@id":"https:\/\/www.editorialgeu.com\/blog\/wp-content\/uploads\/2017\/06\/eli-1-150x150.jpg","url":"https:\/\/www.editorialgeu.com\/blog\/wp-content\/uploads\/2017\/06\/eli-1-150x150.jpg","contentUrl":"https:\/\/www.editorialgeu.com\/blog\/wp-content\/uploads\/2017\/06\/eli-1-150x150.jpg","caption":"Miss Eli"},"description":"Profesora de espa\u00f1ol en Educaci\u00f3n Primaria apasionada por la escritura y por ense\u00f1ar a trav\u00e9s de sus historias. Desde siempre, su objetivo ha sido y es motivar e ilusionar a los m\u00e1s peque\u00f1os con la lectura, y a la vez ayudarles a reforzar su aprendizaje de forma l\u00fadica. Es autora de numerosos cuentos infantiles biling\u00fces, entre ellos Luc\u00eda, la princesa m\u00e1s valiente y Alba corre por el arco\u00edris, publicados por Editorial GEU.","url":"https:\/\/www.editorialgeu.com\/blog\/author\/miss-eli\/"}]}},"_links":{"self":[{"href":"https:\/\/www.editorialgeu.com\/blog\/wp-json\/wp\/v2\/posts\/539","targetHints":{"allow":["GET"]}}],"collection":[{"href":"https:\/\/www.editorialgeu.com\/blog\/wp-json\/wp\/v2\/posts"}],"about":[{"href":"https:\/\/www.editorialgeu.com\/blog\/wp-json\/wp\/v2\/types\/post"}],"author":[{"embeddable":true,"href":"https:\/\/www.editorialgeu.com\/blog\/wp-json\/wp\/v2\/users\/5"}],"replies":[{"embeddable":true,"href":"https:\/\/www.editorialgeu.com\/blog\/wp-json\/wp\/v2\/comments?post=539"}],"version-history":[{"count":5,"href":"https:\/\/www.editorialgeu.com\/blog\/wp-json\/wp\/v2\/posts\/539\/revisions"}],"predecessor-version":[{"id":565,"href":"https:\/\/www.editorialgeu.com\/blog\/wp-json\/wp\/v2\/posts\/539\/revisions\/565"}],"wp:featuredmedia":[{"embeddable":true,"href":"https:\/\/www.editorialgeu.com\/blog\/wp-json\/wp\/v2\/media\/558"}],"wp:attachment":[{"href":"https:\/\/www.editorialgeu.com\/blog\/wp-json\/wp\/v2\/media?parent=539"}],"wp:term":[{"taxonomy":"category","embeddable":true,"href":"https:\/\/www.editorialgeu.com\/blog\/wp-json\/wp\/v2\/categories?post=539"},{"taxonomy":"post_tag","embeddable":true,"href":"https:\/\/www.editorialgeu.com\/blog\/wp-json\/wp\/v2\/tags?post=539"}],"curies":[{"name":"wp","href":"https:\/\/api.w.org\/{rel}","templated":true}]}}