{"id":571,"date":"2017-09-28T08:00:32","date_gmt":"2017-09-28T06:00:32","guid":{"rendered":"https:\/\/www.editorialgeu.com\/blog\/?p=571"},"modified":"2017-10-02T12:33:46","modified_gmt":"2017-10-02T10:33:46","slug":"picoton-tucan-del-enorme-pico-cuento","status":"publish","type":"post","link":"https:\/\/www.editorialgeu.com\/blog\/picoton-tucan-del-enorme-pico-cuento\/","title":{"rendered":"Picot\u00f3n, el tuc\u00e1n del enorme pico [CUENTO]"},"content":{"rendered":"<p align=\"LEFT\"><span style=\"color: #000000;\"><span style=\"font-family: Arial, sans-serif;\"><span style=\"font-size: medium;\">Este cuento lo escrib\u00ed por varios motivos: respeto y cuidado por la naturaleza, lo molestos que resultan lo motes o etiquetas y el valor de la amistad. Son temas a veces recurrentes en mis cuentos, quiz\u00e1s porque son tan importantes que no se puede concienciar sobre ellos solo con una historia.<\/span><\/span><\/span><!--more--><\/p>\n<h3 align=\"LEFT\"><span style=\"color: #000000;\"><span style=\"font-family: Arial, sans-serif;\"><span style=\"font-size: x-large;\">Cuento \u00abPicot\u00f3n, el tuc\u00e1n del enorme pico\u00bb, de Miss Eli.<\/span><\/span><\/span><\/h3>\n<p><span style=\"color: #000000;\"><span style=\"font-family: Arial, sans-serif;\"><span style=\"font-size: medium;\">Picot\u00f3n era un tuc\u00e1n y, aunque todos sabemos que los tucanes tienen unos buenos picos, el de Picot\u00f3n era enorme, descomunal. Tanto era as\u00ed, que comenzaron a llamarlo Picot\u00f3n desde muy peque\u00f1ito y ya nadie se acordaba de su nombre real. Su mejor amigo, el pajarito Paquito, ten\u00eda un piquito fino y delicado, el pico que cualquier p\u00e1jaro que se precie le gustar\u00eda tener. Paquito, pese a tener un pico bell\u00edsimo, nunca lo ofend\u00eda, sino que como hacen los buenos amigos, lo animaba y apoyaba siempre.<\/span><\/span><\/span><\/p>\n<p><span style=\"color: #000000;\">\u2015<span style=\"font-family: Arial, sans-serif;\"><span style=\"font-size: medium;\">Picot\u00f3n \u2015Paquito lo llamaba as\u00ed porque no le conoc\u00eda otro nombre, nunca con \u00e1nimo de ofender\u2015, tienes un pico brillante, fuerte y precioso. A mi me gustar\u00eda tener uno como el tuyo.<\/span><\/span><\/span><\/p>\n<p><span style=\"color: #000000;\"><span style=\"font-family: Arial, sans-serif;\"><span style=\"font-size: medium;\">El pajarito Paquito siempre sab\u00eda alegrarle el d\u00eda, sin importar lo mala que le hubiese resultado la jornada a nuestro tuc\u00e1n ni los comentarios horrorosos que otros p\u00e1jaros le hubiesen hecho antes.<\/span><\/span><\/span><\/p>\n<p><span style=\"color: #000000;\">\u2015<span style=\"font-family: Arial, sans-serif;\"><span style=\"font-size: medium;\">Gracias Paquito \u2015respond\u00eda Picot\u00f3n con una enorme sonrisa (es la ventaja de tener un pico gigante, que las sonrisas son grand\u00edsimas tambi\u00e9n)\u2015 \u00a1t\u00fa s\u00ed que eres un amigo!<\/span><\/span><\/span><\/p>\n<p><span style=\"color: #000000;\"><span style=\"font-family: Arial, sans-serif;\"><span style=\"font-size: medium;\">Un d\u00eda, cuando los p\u00e1jaros revoloteaban y disfrutaban de la selva amaz\u00f3nica, ya que nuestros amigos viv\u00edan en este inmenso bosque, comenzaron a percibir y oler un humo que les hizo pensar que algo no iba bien. Se elevaron un poco por encima de los \u00e1rboles y pudieron ver, a lo lejos, un fuego enorme que avanzaba r\u00e1pidamente. Primero, todos los p\u00e1jaros se quedaron paralizados, sintiendo una gran pena al ver los hogares de muchos de sus compa\u00f1eros arder y perderse para siempre. Una vez superada la impresi\u00f3n, se dieron cuenta de que ten\u00edan que huir de all\u00ed si no quer\u00edan perecer entre las llamas.<\/span><\/span><\/span><\/p>\n<p><span style=\"color: #000000;\"><span style=\"font-family: Arial, sans-serif;\"><span style=\"font-size: medium;\">Paquito, que era algo nerviosillo, intent\u00f3 revolotear tan r\u00e1pido que, sin darse cuenta, pas\u00f3 entre unas ramas, se enganch\u00f3 en una de ellas y se rasg\u00f3 parte de una de las alas. Cay\u00f3 en picado. Por suerte, el suelo del bosque estaba cubierto de hojas secas y amortigu\u00f3 un poco el golpe. Intent\u00f3 alzar el vuelo nuevamente, pero no pudo. Revoloteaba con una de las alas, se elevaba unos cent\u00edmetros y volv\u00eda a descender a gran velocidad.<\/span><\/span><\/span><\/p>\n<p><span style=\"color: #000000;\">\u2015<span style=\"font-family: Arial, sans-serif;\"><span style=\"font-size: medium;\">\u00a1Vuela, huye de aqu\u00ed! \u2015le grit\u00f3 Paquito a Picot\u00f3n, que se hab\u00eda quedado inmovilizado, mir\u00e1ndolo, sin saber qu\u00e9 hacer.<\/span><\/span><\/span><\/p>\n<p><span style=\"color: #000000;\">\u2015<span style=\"font-family: Arial, sans-serif;\"><span style=\"font-size: medium;\">\u00a1Ni lo sue\u00f1es! \u00bfC\u00f3mo te voy a dejar aqu\u00ed para que ardas en el bosque? \u2015respondi\u00f3 su amigo de forma rotunda.<\/span><\/span><\/span><\/p>\n<p><span style=\"color: #000000;\">\u2015<span style=\"font-family: Arial, sans-serif;\"><span style=\"font-size: medium;\">\u00a1No puedo volar! \u00bfC\u00f3mo me vas a ayudar? \u00a1Huye, de lo contrario, arder\u00e1s conmigo y seremos dos!<\/span><\/span><\/span><\/p>\n<p><span style=\"color: #000000;\"><span style=\"font-family: Arial, sans-serif;\"><span style=\"font-size: medium;\">Picot\u00f3n lo mir\u00f3 pensativo, de repente, una fabulosa idea le pas\u00f3 por la cabeza. Con determinaci\u00f3n vol\u00f3 hacia su amigo y acerc\u00f3 a \u00e9l su enorme pico.<\/span><\/span><\/span><\/p>\n<p><span style=\"color: #000000;\">\u2015<span style=\"font-family: Arial, sans-serif;\"><span style=\"font-size: medium;\">S\u00fabete aqu\u00ed, mi pico es fuerte y yo soy mucho m\u00e1s grande que t\u00fa, te sacar\u00e9 de aqu\u00ed.<\/span><\/span><\/span><\/p>\n<p><span style=\"color: #000000;\"><span style=\"font-family: Arial, sans-serif;\"><span style=\"font-size: medium;\">Paquito observ\u00f3 el pico que su amigo le ofrec\u00eda, pens\u00f3 unos instantes, pero al sentir el calor que proven\u00eda del fuego cada vez m\u00e1s cercano, se arrastr\u00f3 un poco y se situ\u00f3 justo encima, seguro de la resistencia y fortaleza de su amigo.<\/span><\/span><\/span><\/p>\n<p><span style=\"color: #000000;\">\u2015<span style=\"font-family: Arial, sans-serif;\"><span style=\"font-size: medium;\">\u00a1Gracias Picot\u00f3n! \u00a1Nunca ha existido un amigo mejor!<\/span><\/span><\/span><\/p>\n<p><span style=\"color: #000000;\">\u2015<span style=\"font-family: Arial, sans-serif;\"><span style=\"font-size: medium;\">\u00a1Claro que s\u00ed, t\u00fa! \u2015le aclar\u00f3 Picot\u00f3n, que siempre hab\u00eda disfrutado de la compa\u00f1\u00eda y del apoyo del pajarito.<\/span><\/span><\/span><\/p>\n<p><span style=\"color: #000000;\"><span style=\"font-family: Arial, sans-serif;\"><span style=\"font-size: medium;\">Picot\u00f3n comenz\u00f3 a elevarse, con su amigo tendido a lo largo de su gigantesco pico. Detr\u00e1s dejaron el fuego, que cada vez se aproximaba m\u00e1s. Volaron hasta un lugar seguro, una vez all\u00ed, Picot\u00f3n dej\u00f3 a su amigo en una cama de hojas frescas y esponjosas, haciendo que Paquito se sintiese como en las nubes. Unas ardillas \u00e1giles y ligeras los vieron y ayudaron a colocar unas ramitas alrededor del ala de Paquito, para que sanara bien y en unos d\u00edas pudiese volar. A su alrededor, los animales del bosque sanos socorr\u00edan a aquellos que hab\u00edan sufrido alg\u00fan percance, volviendo poco a poco todo a la calma. El fuego, al llegar al amplio r\u00edo, dej\u00f3 de avanzar, quedando nuestros amigos a salvo.<\/span><\/span><\/span><\/p>\n<p><span style=\"color: #000000;\"><span style=\"font-family: Arial, sans-serif;\"><span style=\"font-size: medium;\">Desde entonces, ya nadie llama Picot\u00f3n a nuestro tuc\u00e1n, sino Picampe\u00f3n y nuestro tuc\u00e1n, ha dejado de sentirse avergonzado por su gran pico para sentirse orgulloso de tener uno enorme, fuerte y resistente que le ayuda a salvar a sus amigos.<\/span><\/span><\/span><\/p>\n","protected":false},"excerpt":{"rendered":"<p>Este cuento lo escrib\u00ed por varios motivos: respeto y cuidado por la naturaleza, lo molestos que resultan lo motes o etiquetas y el valor de la amistad. Son temas a veces recurrentes en mis cuentos, quiz\u00e1s porque son tan importantes que no se puede concienciar sobre ellos solo con una historia.<\/p>\n","protected":false},"author":5,"featured_media":575,"comment_status":"open","ping_status":"open","sticky":false,"template":"","format":"standard","meta":{"footnotes":""},"categories":[8],"tags":[20,73],"class_list":["post-571","post","type-post","status-publish","format-standard","has-post-thumbnail","hentry","category-cuentos-divertidos-para-ninos","tag-cuento","tag-respeto"],"yoast_head":"<!-- This site is optimized with the Yoast SEO plugin v27.4 - https:\/\/yoast.com\/product\/yoast-seo-wordpress\/ -->\n<title>Cuento Picot\u00f3n, el tuc\u00e1n del enorme pico - Blog Editorial GEU<\/title>\n<meta name=\"description\" content=\"Este cuento lo escrib\u00ed para fomentar el respeto y cuidado por la naturaleza, lo molestos que resultan lo motes o etiquetas y el valor de la amistad.\" \/>\n<meta name=\"robots\" content=\"index, follow, max-snippet:-1, max-image-preview:large, max-video-preview:-1\" \/>\n<link rel=\"canonical\" href=\"https:\/\/www.editorialgeu.com\/blog\/picoton-tucan-del-enorme-pico-cuento\/\" \/>\n<meta property=\"og:locale\" content=\"es_ES\" \/>\n<meta property=\"og:type\" content=\"article\" \/>\n<meta property=\"og:title\" content=\"Cuento Picot\u00f3n, el tuc\u00e1n del enorme pico - Blog Editorial GEU\" \/>\n<meta property=\"og:description\" content=\"Este cuento lo escrib\u00ed para fomentar el respeto y cuidado por la naturaleza, lo molestos que resultan lo motes o etiquetas y el valor de la amistad.\" \/>\n<meta property=\"og:url\" content=\"https:\/\/www.editorialgeu.com\/blog\/picoton-tucan-del-enorme-pico-cuento\/\" \/>\n<meta property=\"og:site_name\" content=\"Blog Editorial GEU\" \/>\n<meta property=\"article:published_time\" content=\"2017-09-28T06:00:32+00:00\" \/>\n<meta property=\"article:modified_time\" content=\"2017-10-02T10:33:46+00:00\" \/>\n<meta property=\"og:image\" content=\"https:\/\/www.editorialgeu.com\/blog\/wp-content\/uploads\/2017\/09\/tucan.png\" \/>\n\t<meta property=\"og:image:width\" content=\"600\" \/>\n\t<meta property=\"og:image:height\" content=\"400\" \/>\n\t<meta property=\"og:image:type\" content=\"image\/png\" \/>\n<meta name=\"author\" content=\"Miss Eli\" \/>\n<meta name=\"twitter:card\" content=\"summary_large_image\" \/>\n<meta name=\"twitter:label1\" content=\"Escrito por\" \/>\n\t<meta name=\"twitter:data1\" content=\"Miss Eli\" \/>\n\t<meta name=\"twitter:label2\" content=\"Tiempo de lectura\" \/>\n\t<meta name=\"twitter:data2\" content=\"4 minutos\" \/>\n<script type=\"application\/ld+json\" class=\"yoast-schema-graph\">{\"@context\":\"https:\\\/\\\/schema.org\",\"@graph\":[{\"@type\":\"Article\",\"@id\":\"https:\\\/\\\/www.editorialgeu.com\\\/blog\\\/picoton-tucan-del-enorme-pico-cuento\\\/#article\",\"isPartOf\":{\"@id\":\"https:\\\/\\\/www.editorialgeu.com\\\/blog\\\/picoton-tucan-del-enorme-pico-cuento\\\/\"},\"author\":{\"name\":\"Miss Eli\",\"@id\":\"https:\\\/\\\/www.editorialgeu.com\\\/blog\\\/#\\\/schema\\\/person\\\/26c0feca25f826c9747f097b330bdbad\"},\"headline\":\"Picot\u00f3n, el tuc\u00e1n del enorme pico [CUENTO]\",\"datePublished\":\"2017-09-28T06:00:32+00:00\",\"dateModified\":\"2017-10-02T10:33:46+00:00\",\"mainEntityOfPage\":{\"@id\":\"https:\\\/\\\/www.editorialgeu.com\\\/blog\\\/picoton-tucan-del-enorme-pico-cuento\\\/\"},\"wordCount\":833,\"commentCount\":0,\"publisher\":{\"@id\":\"https:\\\/\\\/www.editorialgeu.com\\\/blog\\\/#organization\"},\"image\":{\"@id\":\"https:\\\/\\\/www.editorialgeu.com\\\/blog\\\/picoton-tucan-del-enorme-pico-cuento\\\/#primaryimage\"},\"thumbnailUrl\":\"https:\\\/\\\/www.editorialgeu.com\\\/blog\\\/wp-content\\\/uploads\\\/2017\\\/09\\\/tucan.png\",\"keywords\":[\"cuento\",\"respeto\"],\"articleSection\":[\"Historias y f\u00e1bulas para los m\u00e1s peque\u00f1os\"],\"inLanguage\":\"es\",\"potentialAction\":[{\"@type\":\"CommentAction\",\"name\":\"Comment\",\"target\":[\"https:\\\/\\\/www.editorialgeu.com\\\/blog\\\/picoton-tucan-del-enorme-pico-cuento\\\/#respond\"]}]},{\"@type\":\"WebPage\",\"@id\":\"https:\\\/\\\/www.editorialgeu.com\\\/blog\\\/picoton-tucan-del-enorme-pico-cuento\\\/\",\"url\":\"https:\\\/\\\/www.editorialgeu.com\\\/blog\\\/picoton-tucan-del-enorme-pico-cuento\\\/\",\"name\":\"Cuento Picot\u00f3n, el tuc\u00e1n del enorme pico - Blog Editorial GEU\",\"isPartOf\":{\"@id\":\"https:\\\/\\\/www.editorialgeu.com\\\/blog\\\/#website\"},\"primaryImageOfPage\":{\"@id\":\"https:\\\/\\\/www.editorialgeu.com\\\/blog\\\/picoton-tucan-del-enorme-pico-cuento\\\/#primaryimage\"},\"image\":{\"@id\":\"https:\\\/\\\/www.editorialgeu.com\\\/blog\\\/picoton-tucan-del-enorme-pico-cuento\\\/#primaryimage\"},\"thumbnailUrl\":\"https:\\\/\\\/www.editorialgeu.com\\\/blog\\\/wp-content\\\/uploads\\\/2017\\\/09\\\/tucan.png\",\"datePublished\":\"2017-09-28T06:00:32+00:00\",\"dateModified\":\"2017-10-02T10:33:46+00:00\",\"description\":\"Este cuento lo escrib\u00ed para fomentar el respeto y cuidado por la naturaleza, lo molestos que resultan lo motes o etiquetas y el valor de la amistad.\",\"breadcrumb\":{\"@id\":\"https:\\\/\\\/www.editorialgeu.com\\\/blog\\\/picoton-tucan-del-enorme-pico-cuento\\\/#breadcrumb\"},\"inLanguage\":\"es\",\"potentialAction\":[{\"@type\":\"ReadAction\",\"target\":[\"https:\\\/\\\/www.editorialgeu.com\\\/blog\\\/picoton-tucan-del-enorme-pico-cuento\\\/\"]}]},{\"@type\":\"ImageObject\",\"inLanguage\":\"es\",\"@id\":\"https:\\\/\\\/www.editorialgeu.com\\\/blog\\\/picoton-tucan-del-enorme-pico-cuento\\\/#primaryimage\",\"url\":\"https:\\\/\\\/www.editorialgeu.com\\\/blog\\\/wp-content\\\/uploads\\\/2017\\\/09\\\/tucan.png\",\"contentUrl\":\"https:\\\/\\\/www.editorialgeu.com\\\/blog\\\/wp-content\\\/uploads\\\/2017\\\/09\\\/tucan.png\",\"width\":600,\"height\":400,\"caption\":\"Cuento Picot\u00f3n, el tuc\u00e1n de enorme pico\"},{\"@type\":\"BreadcrumbList\",\"@id\":\"https:\\\/\\\/www.editorialgeu.com\\\/blog\\\/picoton-tucan-del-enorme-pico-cuento\\\/#breadcrumb\",\"itemListElement\":[{\"@type\":\"ListItem\",\"position\":1,\"name\":\"Portada\",\"item\":\"https:\\\/\\\/www.editorialgeu.com\\\/blog\\\/\"},{\"@type\":\"ListItem\",\"position\":2,\"name\":\"Picot\u00f3n, el tuc\u00e1n del enorme pico [CUENTO]\"}]},{\"@type\":\"WebSite\",\"@id\":\"https:\\\/\\\/www.editorialgeu.com\\\/blog\\\/#website\",\"url\":\"https:\\\/\\\/www.editorialgeu.com\\\/blog\\\/\",\"name\":\"Blog Editorial GEU\",\"description\":\"Actualidad, noticias y consejos por una Escuela Inclusiva\",\"publisher\":{\"@id\":\"https:\\\/\\\/www.editorialgeu.com\\\/blog\\\/#organization\"},\"potentialAction\":[{\"@type\":\"SearchAction\",\"target\":{\"@type\":\"EntryPoint\",\"urlTemplate\":\"https:\\\/\\\/www.editorialgeu.com\\\/blog\\\/?s={search_term_string}\"},\"query-input\":{\"@type\":\"PropertyValueSpecification\",\"valueRequired\":true,\"valueName\":\"search_term_string\"}}],\"inLanguage\":\"es\"},{\"@type\":\"Organization\",\"@id\":\"https:\\\/\\\/www.editorialgeu.com\\\/blog\\\/#organization\",\"name\":\"Blog Editorial GEU\",\"url\":\"https:\\\/\\\/www.editorialgeu.com\\\/blog\\\/\",\"logo\":{\"@type\":\"ImageObject\",\"inLanguage\":\"es\",\"@id\":\"https:\\\/\\\/www.editorialgeu.com\\\/blog\\\/#\\\/schema\\\/logo\\\/image\\\/\",\"url\":\"https:\\\/\\\/www.editorialgeu.com\\\/blog\\\/wp-content\\\/uploads\\\/2019\\\/11\\\/LogoGEU_Blog.png\",\"contentUrl\":\"https:\\\/\\\/www.editorialgeu.com\\\/blog\\\/wp-content\\\/uploads\\\/2019\\\/11\\\/LogoGEU_Blog.png\",\"width\":1181,\"height\":477,\"caption\":\"Blog Editorial GEU\"},\"image\":{\"@id\":\"https:\\\/\\\/www.editorialgeu.com\\\/blog\\\/#\\\/schema\\\/logo\\\/image\\\/\"}},{\"@type\":\"Person\",\"@id\":\"https:\\\/\\\/www.editorialgeu.com\\\/blog\\\/#\\\/schema\\\/person\\\/26c0feca25f826c9747f097b330bdbad\",\"name\":\"Miss Eli\",\"image\":{\"@type\":\"ImageObject\",\"inLanguage\":\"es\",\"@id\":\"https:\\\/\\\/www.editorialgeu.com\\\/blog\\\/wp-content\\\/uploads\\\/2017\\\/06\\\/eli-1-150x150.jpg\",\"url\":\"https:\\\/\\\/www.editorialgeu.com\\\/blog\\\/wp-content\\\/uploads\\\/2017\\\/06\\\/eli-1-150x150.jpg\",\"contentUrl\":\"https:\\\/\\\/www.editorialgeu.com\\\/blog\\\/wp-content\\\/uploads\\\/2017\\\/06\\\/eli-1-150x150.jpg\",\"caption\":\"Miss Eli\"},\"description\":\"Profesora de espa\u00f1ol en Educaci\u00f3n Primaria apasionada por la escritura y por ense\u00f1ar a trav\u00e9s de sus historias. Desde siempre, su objetivo ha sido y es motivar e ilusionar a los m\u00e1s peque\u00f1os con la lectura, y a la vez ayudarles a reforzar su aprendizaje de forma l\u00fadica. Es autora de numerosos cuentos infantiles biling\u00fces, entre ellos Luc\u00eda, la princesa m\u00e1s valiente y Alba corre por el arco\u00edris, publicados por Editorial GEU.\",\"url\":\"https:\\\/\\\/www.editorialgeu.com\\\/blog\\\/author\\\/miss-eli\\\/\"}]}<\/script>\n<!-- \/ Yoast SEO plugin. -->","yoast_head_json":{"title":"Cuento Picot\u00f3n, el tuc\u00e1n del enorme pico - Blog Editorial GEU","description":"Este cuento lo escrib\u00ed para fomentar el respeto y cuidado por la naturaleza, lo molestos que resultan lo motes o etiquetas y el valor de la amistad.","robots":{"index":"index","follow":"follow","max-snippet":"max-snippet:-1","max-image-preview":"max-image-preview:large","max-video-preview":"max-video-preview:-1"},"canonical":"https:\/\/www.editorialgeu.com\/blog\/picoton-tucan-del-enorme-pico-cuento\/","og_locale":"es_ES","og_type":"article","og_title":"Cuento Picot\u00f3n, el tuc\u00e1n del enorme pico - Blog Editorial GEU","og_description":"Este cuento lo escrib\u00ed para fomentar el respeto y cuidado por la naturaleza, lo molestos que resultan lo motes o etiquetas y el valor de la amistad.","og_url":"https:\/\/www.editorialgeu.com\/blog\/picoton-tucan-del-enorme-pico-cuento\/","og_site_name":"Blog Editorial GEU","article_published_time":"2017-09-28T06:00:32+00:00","article_modified_time":"2017-10-02T10:33:46+00:00","og_image":[{"width":600,"height":400,"url":"https:\/\/www.editorialgeu.com\/blog\/wp-content\/uploads\/2017\/09\/tucan.png","type":"image\/png"}],"author":"Miss Eli","twitter_card":"summary_large_image","twitter_misc":{"Escrito por":"Miss Eli","Tiempo de lectura":"4 minutos"},"schema":{"@context":"https:\/\/schema.org","@graph":[{"@type":"Article","@id":"https:\/\/www.editorialgeu.com\/blog\/picoton-tucan-del-enorme-pico-cuento\/#article","isPartOf":{"@id":"https:\/\/www.editorialgeu.com\/blog\/picoton-tucan-del-enorme-pico-cuento\/"},"author":{"name":"Miss Eli","@id":"https:\/\/www.editorialgeu.com\/blog\/#\/schema\/person\/26c0feca25f826c9747f097b330bdbad"},"headline":"Picot\u00f3n, el tuc\u00e1n del enorme pico [CUENTO]","datePublished":"2017-09-28T06:00:32+00:00","dateModified":"2017-10-02T10:33:46+00:00","mainEntityOfPage":{"@id":"https:\/\/www.editorialgeu.com\/blog\/picoton-tucan-del-enorme-pico-cuento\/"},"wordCount":833,"commentCount":0,"publisher":{"@id":"https:\/\/www.editorialgeu.com\/blog\/#organization"},"image":{"@id":"https:\/\/www.editorialgeu.com\/blog\/picoton-tucan-del-enorme-pico-cuento\/#primaryimage"},"thumbnailUrl":"https:\/\/www.editorialgeu.com\/blog\/wp-content\/uploads\/2017\/09\/tucan.png","keywords":["cuento","respeto"],"articleSection":["Historias y f\u00e1bulas para los m\u00e1s peque\u00f1os"],"inLanguage":"es","potentialAction":[{"@type":"CommentAction","name":"Comment","target":["https:\/\/www.editorialgeu.com\/blog\/picoton-tucan-del-enorme-pico-cuento\/#respond"]}]},{"@type":"WebPage","@id":"https:\/\/www.editorialgeu.com\/blog\/picoton-tucan-del-enorme-pico-cuento\/","url":"https:\/\/www.editorialgeu.com\/blog\/picoton-tucan-del-enorme-pico-cuento\/","name":"Cuento Picot\u00f3n, el tuc\u00e1n del enorme pico - Blog Editorial GEU","isPartOf":{"@id":"https:\/\/www.editorialgeu.com\/blog\/#website"},"primaryImageOfPage":{"@id":"https:\/\/www.editorialgeu.com\/blog\/picoton-tucan-del-enorme-pico-cuento\/#primaryimage"},"image":{"@id":"https:\/\/www.editorialgeu.com\/blog\/picoton-tucan-del-enorme-pico-cuento\/#primaryimage"},"thumbnailUrl":"https:\/\/www.editorialgeu.com\/blog\/wp-content\/uploads\/2017\/09\/tucan.png","datePublished":"2017-09-28T06:00:32+00:00","dateModified":"2017-10-02T10:33:46+00:00","description":"Este cuento lo escrib\u00ed para fomentar el respeto y cuidado por la naturaleza, lo molestos que resultan lo motes o etiquetas y el valor de la amistad.","breadcrumb":{"@id":"https:\/\/www.editorialgeu.com\/blog\/picoton-tucan-del-enorme-pico-cuento\/#breadcrumb"},"inLanguage":"es","potentialAction":[{"@type":"ReadAction","target":["https:\/\/www.editorialgeu.com\/blog\/picoton-tucan-del-enorme-pico-cuento\/"]}]},{"@type":"ImageObject","inLanguage":"es","@id":"https:\/\/www.editorialgeu.com\/blog\/picoton-tucan-del-enorme-pico-cuento\/#primaryimage","url":"https:\/\/www.editorialgeu.com\/blog\/wp-content\/uploads\/2017\/09\/tucan.png","contentUrl":"https:\/\/www.editorialgeu.com\/blog\/wp-content\/uploads\/2017\/09\/tucan.png","width":600,"height":400,"caption":"Cuento Picot\u00f3n, el tuc\u00e1n de enorme pico"},{"@type":"BreadcrumbList","@id":"https:\/\/www.editorialgeu.com\/blog\/picoton-tucan-del-enorme-pico-cuento\/#breadcrumb","itemListElement":[{"@type":"ListItem","position":1,"name":"Portada","item":"https:\/\/www.editorialgeu.com\/blog\/"},{"@type":"ListItem","position":2,"name":"Picot\u00f3n, el tuc\u00e1n del enorme pico [CUENTO]"}]},{"@type":"WebSite","@id":"https:\/\/www.editorialgeu.com\/blog\/#website","url":"https:\/\/www.editorialgeu.com\/blog\/","name":"Blog Editorial GEU","description":"Actualidad, noticias y consejos por una Escuela Inclusiva","publisher":{"@id":"https:\/\/www.editorialgeu.com\/blog\/#organization"},"potentialAction":[{"@type":"SearchAction","target":{"@type":"EntryPoint","urlTemplate":"https:\/\/www.editorialgeu.com\/blog\/?s={search_term_string}"},"query-input":{"@type":"PropertyValueSpecification","valueRequired":true,"valueName":"search_term_string"}}],"inLanguage":"es"},{"@type":"Organization","@id":"https:\/\/www.editorialgeu.com\/blog\/#organization","name":"Blog Editorial GEU","url":"https:\/\/www.editorialgeu.com\/blog\/","logo":{"@type":"ImageObject","inLanguage":"es","@id":"https:\/\/www.editorialgeu.com\/blog\/#\/schema\/logo\/image\/","url":"https:\/\/www.editorialgeu.com\/blog\/wp-content\/uploads\/2019\/11\/LogoGEU_Blog.png","contentUrl":"https:\/\/www.editorialgeu.com\/blog\/wp-content\/uploads\/2019\/11\/LogoGEU_Blog.png","width":1181,"height":477,"caption":"Blog Editorial GEU"},"image":{"@id":"https:\/\/www.editorialgeu.com\/blog\/#\/schema\/logo\/image\/"}},{"@type":"Person","@id":"https:\/\/www.editorialgeu.com\/blog\/#\/schema\/person\/26c0feca25f826c9747f097b330bdbad","name":"Miss Eli","image":{"@type":"ImageObject","inLanguage":"es","@id":"https:\/\/www.editorialgeu.com\/blog\/wp-content\/uploads\/2017\/06\/eli-1-150x150.jpg","url":"https:\/\/www.editorialgeu.com\/blog\/wp-content\/uploads\/2017\/06\/eli-1-150x150.jpg","contentUrl":"https:\/\/www.editorialgeu.com\/blog\/wp-content\/uploads\/2017\/06\/eli-1-150x150.jpg","caption":"Miss Eli"},"description":"Profesora de espa\u00f1ol en Educaci\u00f3n Primaria apasionada por la escritura y por ense\u00f1ar a trav\u00e9s de sus historias. Desde siempre, su objetivo ha sido y es motivar e ilusionar a los m\u00e1s peque\u00f1os con la lectura, y a la vez ayudarles a reforzar su aprendizaje de forma l\u00fadica. Es autora de numerosos cuentos infantiles biling\u00fces, entre ellos Luc\u00eda, la princesa m\u00e1s valiente y Alba corre por el arco\u00edris, publicados por Editorial GEU.","url":"https:\/\/www.editorialgeu.com\/blog\/author\/miss-eli\/"}]}},"_links":{"self":[{"href":"https:\/\/www.editorialgeu.com\/blog\/wp-json\/wp\/v2\/posts\/571","targetHints":{"allow":["GET"]}}],"collection":[{"href":"https:\/\/www.editorialgeu.com\/blog\/wp-json\/wp\/v2\/posts"}],"about":[{"href":"https:\/\/www.editorialgeu.com\/blog\/wp-json\/wp\/v2\/types\/post"}],"author":[{"embeddable":true,"href":"https:\/\/www.editorialgeu.com\/blog\/wp-json\/wp\/v2\/users\/5"}],"replies":[{"embeddable":true,"href":"https:\/\/www.editorialgeu.com\/blog\/wp-json\/wp\/v2\/comments?post=571"}],"version-history":[{"count":3,"href":"https:\/\/www.editorialgeu.com\/blog\/wp-json\/wp\/v2\/posts\/571\/revisions"}],"predecessor-version":[{"id":576,"href":"https:\/\/www.editorialgeu.com\/blog\/wp-json\/wp\/v2\/posts\/571\/revisions\/576"}],"wp:featuredmedia":[{"embeddable":true,"href":"https:\/\/www.editorialgeu.com\/blog\/wp-json\/wp\/v2\/media\/575"}],"wp:attachment":[{"href":"https:\/\/www.editorialgeu.com\/blog\/wp-json\/wp\/v2\/media?parent=571"}],"wp:term":[{"taxonomy":"category","embeddable":true,"href":"https:\/\/www.editorialgeu.com\/blog\/wp-json\/wp\/v2\/categories?post=571"},{"taxonomy":"post_tag","embeddable":true,"href":"https:\/\/www.editorialgeu.com\/blog\/wp-json\/wp\/v2\/tags?post=571"}],"curies":[{"name":"wp","href":"https:\/\/api.w.org\/{rel}","templated":true}]}}