{"id":747,"date":"2018-01-18T10:33:42","date_gmt":"2018-01-18T09:33:42","guid":{"rendered":"https:\/\/www.editorialgeu.com\/blog\/?p=747"},"modified":"2018-01-18T14:46:47","modified_gmt":"2018-01-18T13:46:47","slug":"las-puertecitas-magicas-cuento","status":"publish","type":"post","link":"https:\/\/www.editorialgeu.com\/blog\/las-puertecitas-magicas-cuento\/","title":{"rendered":"Las puertecitas m\u00e1gicas [CUENTO]"},"content":{"rendered":"<p>Esta historia la invent\u00e9 en honor a las librer\u00edas infantiles. Las puertecitas del cuento llevan a personajes de mis cuentos o de alguna escritora que conozco. Se puede adaptar a otros cuentos, abriendo nuevas puertas m\u00e1gicas. Tras la lectura, pedid a vuestros peque\u00f1os que imaginen a qu\u00e9 otros cuentos les gustar\u00eda entrar, con qui\u00e9n se encontrar\u00edan y en qu\u00e9 momento de la historia. Tal vez inventen nuevos finales, incluso m\u00e1s divertidos que los que tienen actualmente los cuentos que conocen.<!--more--><\/p>\n<h3>Cuento \u00ab\u00a1Las puertecitas m\u00e1gicas!\u00bb, de Miss Eli<\/h3>\n<p>Ana entr\u00f3 en una habitaci\u00f3n llena de luz y de magia. All\u00ed, vio una puertecita llamativa y brillante y decidi\u00f3 abrirla. Al entrar, se encontr\u00f3 con unos ni\u00f1os en el patio del recreo, jugando con un duende verde y peque\u00f1ito.<\/p>\n<p>\u2015Este duende \u2015le explic\u00f3 un chico\u2015 era un monstruo horrible cuando lo conocimos, pero conseguimos sacar lo mejor de \u00e9l, ense\u00f1\u00e1ndole con cari\u00f1o y amor.<br \/>\nA Alba le pareci\u00f3 muy interesante y se qued\u00f3 con ellos un ratito, jugando y aprendiendo de cada uno de ellos alguna actividad divertida.<\/p>\n<p>Al salir, encontr\u00f3 una nueva puertecita. All\u00ed conoci\u00f3 a un ni\u00f1o cuyo mejor amigo era un mu\u00f1eco de nieve.<\/p>\n<p>\u2015\u00bfUn mu\u00f1eco de nieve que habla? \u2015se pregunt\u00f3 Ana sorprendida\u2015. \u00a1Pues s\u00ed que es rarita esta habitaci\u00f3n!<\/p>\n<p>Sus nuevos amigos, Tito y Fresquito, la llevaron a montarse en trineo, despu\u00e9s se lanzaron bolas de nieve y dibujaron angelitos con sus cuerpos. Pas\u00f3 una de las mejores tardes de su vida. Al despedirse, les prometi\u00f3 que volver\u00eda a visitarlos.<\/p>\n<p>Con la nueva puerta, se sorprendi\u00f3 a\u00fan m\u00e1s que en la anterior, si eso era posible. En el centro de un jard\u00edn, una ni\u00f1a flotaba, volaba y daba vueltas mientras que un arco\u00edris luminoso entraba por su boca, repleto de ricas y sabrosas frutas de colores. Se acerc\u00f3 y comenz\u00f3 a flotar junto a Alba, su nueva amiga, la chica que se com\u00eda el arco\u00edris.<\/p>\n<p>\u2015\u00a1Qu\u00e9 divertido es todo esto! \u2015Ana re\u00eda y disfrutaba como nunca en esta habitaci\u00f3n llena de ensue\u00f1o.<\/p>\n<p>Disfrutaron jugando en el jard\u00edn y haciendo volar una preciosa cometa que Alba ten\u00eda.<\/p>\n<p>\u2015Tenemos que volver a vernos \u2015se dijeron las dos mientras que se abrazaban y desped\u00edan. Por supuesto que Ana deseaba volver y pasar un incre\u00edble d\u00eda con su amiga del arco\u00edris.<\/p>\n<p>La nueva puerta le conduc\u00eda a una habitaci\u00f3n donde una ni\u00f1a estaba pintando y hablando con unos colores m\u00e1gicos.<\/p>\n<p>\u2015\u00a1Colores que hablan! \u2015exclam\u00f3 Ana sorprendida.<\/p>\n<p>\u2015\u00a1Uy, nos has pillado! \u2015Roc\u00edo se dirigi\u00f3 al color rojo que ten\u00eda en la mano\u2015. \u00bfQu\u00e9 hacemos ahora?<\/p>\n<p>\u2015Creo que si nos puede o\u00edr, es porque tambi\u00e9n puede colorear y dibujar con nosotros \u2015respondi\u00f3 el color azul\u2015. \u00bfTe importa compartirnos?<\/p>\n<p>\u2015\u00a1Claro que no! \u2015y diciendo esto, se dirigi\u00f3 a nuestra amiga\u2015. \u00a1Ven aqu\u00ed y pinta junto a mi!<\/p>\n<p>Las ni\u00f1as hicieron unos dibujos incre\u00edbles, gracias a los colores m\u00e1gicos que les ayudaban mucho, ense\u00f1\u00e1ndolas a trazar formas imaginativas y llenas de fantas\u00eda.<\/p>\n<p>Por la siguiente entrada apareci\u00f3 dentro de un bosque m\u00e1gico, las hadas y los duendes la rodearon, felices y sonrientes.<\/p>\n<p>\u2015\u00bfVienes a ver a Luc\u00eda, nuestra princesa valiente? \u2015le preguntaron duendes y hadas, con voces diminutas y tintineantes.<\/p>\n<p>La llevaron junto a su princesa, una ni\u00f1a de cabeza brillante, sin un mechoncito, pero con una sonrisa tan m\u00e1gica y bondadosa que jam\u00e1s hab\u00eda visto en ning\u00fan otro rostro. Jugaron con los seres fant\u00e1sticos del bosque. Estos le fabricaron un vestido de hojas y flores precioso, al igual que a su princesa, que llevaba adem\u00e1s, una colorida y perfumada corona de flores.<\/p>\n<p>\u2015Siempre te llevar\u00e9 en mi coraz\u00f3n, Luc\u00eda. \u00a1Eres tan especial! \u2015exclam\u00f3 Ana mientras se alejaba de all\u00ed, con ojos brillantes de la emoci\u00f3n.<\/p>\n<p>Ana escuch\u00f3 c\u00f3mo mam\u00e1 la llamaba, asomada a la habitaci\u00f3n donde se encontraban todas estas puertecitas m\u00e1gicas.<\/p>\n<p>\u2015\u00a1Vamos Ana! \u00a1Qu\u00e9 se nos hace tarde!<\/p>\n<p>Ana cerr\u00f3 la \u00faltima puerta m\u00e1gica y se dirigi\u00f3 hacia el lugar donde se encontraba su mam\u00e1. Le dio mucha pena dejar esta habitaci\u00f3n repleta de entradas a mundos sorprendentes, pero se fue con la esperanza de poder volver muy pronto, reunirse con sus nuevos amigos e, incluso, conocer otros lugares distintos.<\/p>\n<p>Cuando sali\u00f3 de esa habitaci\u00f3n m\u00e1gica, mir\u00f3 hacia arriba y descubri\u00f3 un cartel que pon\u00eda: \u00abLibrer\u00eda infantil Libritos\u00bb. A trav\u00e9s de los cristales, observ\u00f3 a Juan Jos\u00e9 y a Inma, los libreros, dici\u00e9ndole adi\u00f3s con la mano.<\/p>\n<p>Mir\u00f3 hacia las estanter\u00edas y contempl\u00f3 todos esos cuentos infantiles, puertecitas m\u00e1gicas a mundos llenos de fantas\u00eda.<\/p>\n<p>Ana se dirigi\u00f3 a su mam\u00e1 y le dijo:<\/p>\n<p>\u2015\u00bfSabes mam\u00e1? Creo que Juan Jos\u00e9 e Inma son el elfo y el hada m\u00e1gica de esta habitaci\u00f3n llena de sue\u00f1os. Seguro que tienen una varita para que puedas vivir historias incre\u00edbles y emocionantes cada vez que abres una puertecita. \u00bfMe traer\u00e1s ma\u00f1ana de vuelta? \u00a1Tengo tantos nuevos amigos aqu\u00ed!<\/p>\n<p>Mam\u00e1 sonri\u00f3 a pap\u00e1. Ellos solo ve\u00edan una librer\u00eda llena de cuentos infantiles con dos personas encantadoras que les atend\u00edan muy amablemente. Ana, sin embargo, pod\u00eda ver todos esos mundos m\u00e1gicos que solo los ni\u00f1os ven.<\/p>\n<p>\u2015\u00a1Claro que s\u00ed! Hoy nos llevamos a Alba, que te ayudar\u00e1 a probar la comida rica y sana y te animar\u00e1 a practicar deportes. Ma\u00f1ana podr\u00e1 acompa\u00f1arte un nuevo amigo a casa.<\/p>\n<p>Ana volvi\u00f3 a mirar al interior. Desde fuera, vio c\u00f3mo la saludaban, asomados a sus puertecitas: el ni\u00f1o y su mu\u00f1eco de nieve, los peque\u00f1os con su duendecillo alegre, la chica de los colores m\u00e1gicos, la ni\u00f1a de la cabecita brillante con las hadas y duendecillos\u2026Todos ellos agitaban sus manos para despedirse.<\/p>\n<p>\u2015\u00a1Hasta ma\u00f1ana amigos! \u2015les susurr\u00f3\u2015. Estoy deseando volver a encontrarme con vosotros y descubrir qu\u00e9 otras historias hay detr\u00e1s de tantas puertecitas fant\u00e1sticas.<\/p>\n<p>Inma, la librera, le gui\u00f1\u00f3 un ojo y Ana pudo ver algo brillante y casi transparente en su espalda.<\/p>\n<p>\u00ab\u00a1Ves, si yo ya s\u00e9 que eres un hada cari\u00f1osa que nos hace so\u00f1ar! \u2015pens\u00f3 Ana\u2013, solo que los pap\u00e1s no logran verte. Los ni\u00f1os somos los \u00fanicos que podemos ver la magia\u00bb.<\/p>\n","protected":false},"excerpt":{"rendered":"<p>Esta historia la invent\u00e9 en honor a las librer\u00edas infantiles. Las puertecitas del cuento llevan a personajes de mis cuentos o de alguna escritora que conozco. Se puede adaptar a otros cuentos, abriendo nuevas puertas m\u00e1gicas. Tras la lectura, pedid a vuestros peque\u00f1os que imaginen a qu\u00e9 otros cuentos les gustar\u00eda entrar, con qui\u00e9n se [&hellip;]<\/p>\n","protected":false},"author":5,"featured_media":750,"comment_status":"open","ping_status":"open","sticky":false,"template":"","format":"standard","meta":{"footnotes":""},"categories":[8],"tags":[20],"class_list":["post-747","post","type-post","status-publish","format-standard","has-post-thumbnail","hentry","category-cuentos-divertidos-para-ninos","tag-cuento"],"yoast_head":"<!-- This site is optimized with the Yoast SEO plugin v27.4 - https:\/\/yoast.com\/product\/yoast-seo-wordpress\/ -->\n<title>Las puertecitas m\u00e1gicas [CUENTO] - Blog Editorial GEU<\/title>\n<meta name=\"description\" content=\"Este cuento lo escrib\u00ed en honor a las librer\u00edas infantiles. Las puertecitas llevan a personajes de mis cuentos o de alguna escritora que conozco.\" \/>\n<meta name=\"robots\" content=\"index, follow, max-snippet:-1, max-image-preview:large, max-video-preview:-1\" \/>\n<link rel=\"canonical\" href=\"https:\/\/www.editorialgeu.com\/blog\/las-puertecitas-magicas-cuento\/\" \/>\n<meta property=\"og:locale\" content=\"es_ES\" \/>\n<meta property=\"og:type\" content=\"article\" \/>\n<meta property=\"og:title\" content=\"Las puertecitas m\u00e1gicas [CUENTO] - Blog Editorial GEU\" \/>\n<meta property=\"og:description\" content=\"Este cuento lo escrib\u00ed en honor a las librer\u00edas infantiles. Las puertecitas llevan a personajes de mis cuentos o de alguna escritora que conozco.\" \/>\n<meta property=\"og:url\" content=\"https:\/\/www.editorialgeu.com\/blog\/las-puertecitas-magicas-cuento\/\" \/>\n<meta property=\"og:site_name\" content=\"Blog Editorial GEU\" \/>\n<meta property=\"article:published_time\" content=\"2018-01-18T09:33:42+00:00\" \/>\n<meta property=\"article:modified_time\" content=\"2018-01-18T13:46:47+00:00\" \/>\n<meta property=\"og:image\" content=\"https:\/\/www.editorialgeu.com\/blog\/wp-content\/uploads\/2018\/01\/puertas.png\" \/>\n\t<meta property=\"og:image:width\" content=\"701\" \/>\n\t<meta property=\"og:image:height\" content=\"283\" \/>\n\t<meta property=\"og:image:type\" content=\"image\/png\" \/>\n<meta name=\"author\" content=\"Miss Eli\" \/>\n<meta name=\"twitter:card\" content=\"summary_large_image\" \/>\n<meta name=\"twitter:label1\" content=\"Escrito por\" \/>\n\t<meta name=\"twitter:data1\" content=\"Miss Eli\" \/>\n\t<meta name=\"twitter:label2\" content=\"Tiempo de lectura\" \/>\n\t<meta name=\"twitter:data2\" content=\"5 minutos\" \/>\n<script type=\"application\/ld+json\" class=\"yoast-schema-graph\">{\"@context\":\"https:\\\/\\\/schema.org\",\"@graph\":[{\"@type\":\"Article\",\"@id\":\"https:\\\/\\\/www.editorialgeu.com\\\/blog\\\/las-puertecitas-magicas-cuento\\\/#article\",\"isPartOf\":{\"@id\":\"https:\\\/\\\/www.editorialgeu.com\\\/blog\\\/las-puertecitas-magicas-cuento\\\/\"},\"author\":{\"name\":\"Miss Eli\",\"@id\":\"https:\\\/\\\/www.editorialgeu.com\\\/blog\\\/#\\\/schema\\\/person\\\/26c0feca25f826c9747f097b330bdbad\"},\"headline\":\"Las puertecitas m\u00e1gicas [CUENTO]\",\"datePublished\":\"2018-01-18T09:33:42+00:00\",\"dateModified\":\"2018-01-18T13:46:47+00:00\",\"mainEntityOfPage\":{\"@id\":\"https:\\\/\\\/www.editorialgeu.com\\\/blog\\\/las-puertecitas-magicas-cuento\\\/\"},\"wordCount\":1103,\"commentCount\":0,\"publisher\":{\"@id\":\"https:\\\/\\\/www.editorialgeu.com\\\/blog\\\/#organization\"},\"image\":{\"@id\":\"https:\\\/\\\/www.editorialgeu.com\\\/blog\\\/las-puertecitas-magicas-cuento\\\/#primaryimage\"},\"thumbnailUrl\":\"https:\\\/\\\/www.editorialgeu.com\\\/blog\\\/wp-content\\\/uploads\\\/2018\\\/01\\\/puertas.png\",\"keywords\":[\"cuento\"],\"articleSection\":[\"Historias y f\u00e1bulas para los m\u00e1s peque\u00f1os\"],\"inLanguage\":\"es\",\"potentialAction\":[{\"@type\":\"CommentAction\",\"name\":\"Comment\",\"target\":[\"https:\\\/\\\/www.editorialgeu.com\\\/blog\\\/las-puertecitas-magicas-cuento\\\/#respond\"]}]},{\"@type\":\"WebPage\",\"@id\":\"https:\\\/\\\/www.editorialgeu.com\\\/blog\\\/las-puertecitas-magicas-cuento\\\/\",\"url\":\"https:\\\/\\\/www.editorialgeu.com\\\/blog\\\/las-puertecitas-magicas-cuento\\\/\",\"name\":\"Las puertecitas m\u00e1gicas [CUENTO] - Blog Editorial GEU\",\"isPartOf\":{\"@id\":\"https:\\\/\\\/www.editorialgeu.com\\\/blog\\\/#website\"},\"primaryImageOfPage\":{\"@id\":\"https:\\\/\\\/www.editorialgeu.com\\\/blog\\\/las-puertecitas-magicas-cuento\\\/#primaryimage\"},\"image\":{\"@id\":\"https:\\\/\\\/www.editorialgeu.com\\\/blog\\\/las-puertecitas-magicas-cuento\\\/#primaryimage\"},\"thumbnailUrl\":\"https:\\\/\\\/www.editorialgeu.com\\\/blog\\\/wp-content\\\/uploads\\\/2018\\\/01\\\/puertas.png\",\"datePublished\":\"2018-01-18T09:33:42+00:00\",\"dateModified\":\"2018-01-18T13:46:47+00:00\",\"description\":\"Este cuento lo escrib\u00ed en honor a las librer\u00edas infantiles. Las puertecitas llevan a personajes de mis cuentos o de alguna escritora que conozco.\",\"breadcrumb\":{\"@id\":\"https:\\\/\\\/www.editorialgeu.com\\\/blog\\\/las-puertecitas-magicas-cuento\\\/#breadcrumb\"},\"inLanguage\":\"es\",\"potentialAction\":[{\"@type\":\"ReadAction\",\"target\":[\"https:\\\/\\\/www.editorialgeu.com\\\/blog\\\/las-puertecitas-magicas-cuento\\\/\"]}]},{\"@type\":\"ImageObject\",\"inLanguage\":\"es\",\"@id\":\"https:\\\/\\\/www.editorialgeu.com\\\/blog\\\/las-puertecitas-magicas-cuento\\\/#primaryimage\",\"url\":\"https:\\\/\\\/www.editorialgeu.com\\\/blog\\\/wp-content\\\/uploads\\\/2018\\\/01\\\/puertas.png\",\"contentUrl\":\"https:\\\/\\\/www.editorialgeu.com\\\/blog\\\/wp-content\\\/uploads\\\/2018\\\/01\\\/puertas.png\",\"width\":701,\"height\":283,\"caption\":\"El cuento Las puertecitas m\u00e1gicas es un reconocimiento a las librer\u00edas infantiles\"},{\"@type\":\"BreadcrumbList\",\"@id\":\"https:\\\/\\\/www.editorialgeu.com\\\/blog\\\/las-puertecitas-magicas-cuento\\\/#breadcrumb\",\"itemListElement\":[{\"@type\":\"ListItem\",\"position\":1,\"name\":\"Portada\",\"item\":\"https:\\\/\\\/www.editorialgeu.com\\\/blog\\\/\"},{\"@type\":\"ListItem\",\"position\":2,\"name\":\"Las puertecitas m\u00e1gicas [CUENTO]\"}]},{\"@type\":\"WebSite\",\"@id\":\"https:\\\/\\\/www.editorialgeu.com\\\/blog\\\/#website\",\"url\":\"https:\\\/\\\/www.editorialgeu.com\\\/blog\\\/\",\"name\":\"Blog Editorial GEU\",\"description\":\"Actualidad, noticias y consejos por una Escuela Inclusiva\",\"publisher\":{\"@id\":\"https:\\\/\\\/www.editorialgeu.com\\\/blog\\\/#organization\"},\"potentialAction\":[{\"@type\":\"SearchAction\",\"target\":{\"@type\":\"EntryPoint\",\"urlTemplate\":\"https:\\\/\\\/www.editorialgeu.com\\\/blog\\\/?s={search_term_string}\"},\"query-input\":{\"@type\":\"PropertyValueSpecification\",\"valueRequired\":true,\"valueName\":\"search_term_string\"}}],\"inLanguage\":\"es\"},{\"@type\":\"Organization\",\"@id\":\"https:\\\/\\\/www.editorialgeu.com\\\/blog\\\/#organization\",\"name\":\"Blog Editorial GEU\",\"url\":\"https:\\\/\\\/www.editorialgeu.com\\\/blog\\\/\",\"logo\":{\"@type\":\"ImageObject\",\"inLanguage\":\"es\",\"@id\":\"https:\\\/\\\/www.editorialgeu.com\\\/blog\\\/#\\\/schema\\\/logo\\\/image\\\/\",\"url\":\"https:\\\/\\\/www.editorialgeu.com\\\/blog\\\/wp-content\\\/uploads\\\/2019\\\/11\\\/LogoGEU_Blog.png\",\"contentUrl\":\"https:\\\/\\\/www.editorialgeu.com\\\/blog\\\/wp-content\\\/uploads\\\/2019\\\/11\\\/LogoGEU_Blog.png\",\"width\":1181,\"height\":477,\"caption\":\"Blog Editorial GEU\"},\"image\":{\"@id\":\"https:\\\/\\\/www.editorialgeu.com\\\/blog\\\/#\\\/schema\\\/logo\\\/image\\\/\"}},{\"@type\":\"Person\",\"@id\":\"https:\\\/\\\/www.editorialgeu.com\\\/blog\\\/#\\\/schema\\\/person\\\/26c0feca25f826c9747f097b330bdbad\",\"name\":\"Miss Eli\",\"image\":{\"@type\":\"ImageObject\",\"inLanguage\":\"es\",\"@id\":\"https:\\\/\\\/www.editorialgeu.com\\\/blog\\\/wp-content\\\/uploads\\\/2017\\\/06\\\/eli-1-150x150.jpg\",\"url\":\"https:\\\/\\\/www.editorialgeu.com\\\/blog\\\/wp-content\\\/uploads\\\/2017\\\/06\\\/eli-1-150x150.jpg\",\"contentUrl\":\"https:\\\/\\\/www.editorialgeu.com\\\/blog\\\/wp-content\\\/uploads\\\/2017\\\/06\\\/eli-1-150x150.jpg\",\"caption\":\"Miss Eli\"},\"description\":\"Profesora de espa\u00f1ol en Educaci\u00f3n Primaria apasionada por la escritura y por ense\u00f1ar a trav\u00e9s de sus historias. Desde siempre, su objetivo ha sido y es motivar e ilusionar a los m\u00e1s peque\u00f1os con la lectura, y a la vez ayudarles a reforzar su aprendizaje de forma l\u00fadica. Es autora de numerosos cuentos infantiles biling\u00fces, entre ellos Luc\u00eda, la princesa m\u00e1s valiente y Alba corre por el arco\u00edris, publicados por Editorial GEU.\",\"url\":\"https:\\\/\\\/www.editorialgeu.com\\\/blog\\\/author\\\/miss-eli\\\/\"}]}<\/script>\n<!-- \/ Yoast SEO plugin. -->","yoast_head_json":{"title":"Las puertecitas m\u00e1gicas [CUENTO] - Blog Editorial GEU","description":"Este cuento lo escrib\u00ed en honor a las librer\u00edas infantiles. Las puertecitas llevan a personajes de mis cuentos o de alguna escritora que conozco.","robots":{"index":"index","follow":"follow","max-snippet":"max-snippet:-1","max-image-preview":"max-image-preview:large","max-video-preview":"max-video-preview:-1"},"canonical":"https:\/\/www.editorialgeu.com\/blog\/las-puertecitas-magicas-cuento\/","og_locale":"es_ES","og_type":"article","og_title":"Las puertecitas m\u00e1gicas [CUENTO] - Blog Editorial GEU","og_description":"Este cuento lo escrib\u00ed en honor a las librer\u00edas infantiles. Las puertecitas llevan a personajes de mis cuentos o de alguna escritora que conozco.","og_url":"https:\/\/www.editorialgeu.com\/blog\/las-puertecitas-magicas-cuento\/","og_site_name":"Blog Editorial GEU","article_published_time":"2018-01-18T09:33:42+00:00","article_modified_time":"2018-01-18T13:46:47+00:00","og_image":[{"width":701,"height":283,"url":"https:\/\/www.editorialgeu.com\/blog\/wp-content\/uploads\/2018\/01\/puertas.png","type":"image\/png"}],"author":"Miss Eli","twitter_card":"summary_large_image","twitter_misc":{"Escrito por":"Miss Eli","Tiempo de lectura":"5 minutos"},"schema":{"@context":"https:\/\/schema.org","@graph":[{"@type":"Article","@id":"https:\/\/www.editorialgeu.com\/blog\/las-puertecitas-magicas-cuento\/#article","isPartOf":{"@id":"https:\/\/www.editorialgeu.com\/blog\/las-puertecitas-magicas-cuento\/"},"author":{"name":"Miss Eli","@id":"https:\/\/www.editorialgeu.com\/blog\/#\/schema\/person\/26c0feca25f826c9747f097b330bdbad"},"headline":"Las puertecitas m\u00e1gicas [CUENTO]","datePublished":"2018-01-18T09:33:42+00:00","dateModified":"2018-01-18T13:46:47+00:00","mainEntityOfPage":{"@id":"https:\/\/www.editorialgeu.com\/blog\/las-puertecitas-magicas-cuento\/"},"wordCount":1103,"commentCount":0,"publisher":{"@id":"https:\/\/www.editorialgeu.com\/blog\/#organization"},"image":{"@id":"https:\/\/www.editorialgeu.com\/blog\/las-puertecitas-magicas-cuento\/#primaryimage"},"thumbnailUrl":"https:\/\/www.editorialgeu.com\/blog\/wp-content\/uploads\/2018\/01\/puertas.png","keywords":["cuento"],"articleSection":["Historias y f\u00e1bulas para los m\u00e1s peque\u00f1os"],"inLanguage":"es","potentialAction":[{"@type":"CommentAction","name":"Comment","target":["https:\/\/www.editorialgeu.com\/blog\/las-puertecitas-magicas-cuento\/#respond"]}]},{"@type":"WebPage","@id":"https:\/\/www.editorialgeu.com\/blog\/las-puertecitas-magicas-cuento\/","url":"https:\/\/www.editorialgeu.com\/blog\/las-puertecitas-magicas-cuento\/","name":"Las puertecitas m\u00e1gicas [CUENTO] - Blog Editorial GEU","isPartOf":{"@id":"https:\/\/www.editorialgeu.com\/blog\/#website"},"primaryImageOfPage":{"@id":"https:\/\/www.editorialgeu.com\/blog\/las-puertecitas-magicas-cuento\/#primaryimage"},"image":{"@id":"https:\/\/www.editorialgeu.com\/blog\/las-puertecitas-magicas-cuento\/#primaryimage"},"thumbnailUrl":"https:\/\/www.editorialgeu.com\/blog\/wp-content\/uploads\/2018\/01\/puertas.png","datePublished":"2018-01-18T09:33:42+00:00","dateModified":"2018-01-18T13:46:47+00:00","description":"Este cuento lo escrib\u00ed en honor a las librer\u00edas infantiles. Las puertecitas llevan a personajes de mis cuentos o de alguna escritora que conozco.","breadcrumb":{"@id":"https:\/\/www.editorialgeu.com\/blog\/las-puertecitas-magicas-cuento\/#breadcrumb"},"inLanguage":"es","potentialAction":[{"@type":"ReadAction","target":["https:\/\/www.editorialgeu.com\/blog\/las-puertecitas-magicas-cuento\/"]}]},{"@type":"ImageObject","inLanguage":"es","@id":"https:\/\/www.editorialgeu.com\/blog\/las-puertecitas-magicas-cuento\/#primaryimage","url":"https:\/\/www.editorialgeu.com\/blog\/wp-content\/uploads\/2018\/01\/puertas.png","contentUrl":"https:\/\/www.editorialgeu.com\/blog\/wp-content\/uploads\/2018\/01\/puertas.png","width":701,"height":283,"caption":"El cuento Las puertecitas m\u00e1gicas es un reconocimiento a las librer\u00edas infantiles"},{"@type":"BreadcrumbList","@id":"https:\/\/www.editorialgeu.com\/blog\/las-puertecitas-magicas-cuento\/#breadcrumb","itemListElement":[{"@type":"ListItem","position":1,"name":"Portada","item":"https:\/\/www.editorialgeu.com\/blog\/"},{"@type":"ListItem","position":2,"name":"Las puertecitas m\u00e1gicas [CUENTO]"}]},{"@type":"WebSite","@id":"https:\/\/www.editorialgeu.com\/blog\/#website","url":"https:\/\/www.editorialgeu.com\/blog\/","name":"Blog Editorial GEU","description":"Actualidad, noticias y consejos por una Escuela Inclusiva","publisher":{"@id":"https:\/\/www.editorialgeu.com\/blog\/#organization"},"potentialAction":[{"@type":"SearchAction","target":{"@type":"EntryPoint","urlTemplate":"https:\/\/www.editorialgeu.com\/blog\/?s={search_term_string}"},"query-input":{"@type":"PropertyValueSpecification","valueRequired":true,"valueName":"search_term_string"}}],"inLanguage":"es"},{"@type":"Organization","@id":"https:\/\/www.editorialgeu.com\/blog\/#organization","name":"Blog Editorial GEU","url":"https:\/\/www.editorialgeu.com\/blog\/","logo":{"@type":"ImageObject","inLanguage":"es","@id":"https:\/\/www.editorialgeu.com\/blog\/#\/schema\/logo\/image\/","url":"https:\/\/www.editorialgeu.com\/blog\/wp-content\/uploads\/2019\/11\/LogoGEU_Blog.png","contentUrl":"https:\/\/www.editorialgeu.com\/blog\/wp-content\/uploads\/2019\/11\/LogoGEU_Blog.png","width":1181,"height":477,"caption":"Blog Editorial GEU"},"image":{"@id":"https:\/\/www.editorialgeu.com\/blog\/#\/schema\/logo\/image\/"}},{"@type":"Person","@id":"https:\/\/www.editorialgeu.com\/blog\/#\/schema\/person\/26c0feca25f826c9747f097b330bdbad","name":"Miss Eli","image":{"@type":"ImageObject","inLanguage":"es","@id":"https:\/\/www.editorialgeu.com\/blog\/wp-content\/uploads\/2017\/06\/eli-1-150x150.jpg","url":"https:\/\/www.editorialgeu.com\/blog\/wp-content\/uploads\/2017\/06\/eli-1-150x150.jpg","contentUrl":"https:\/\/www.editorialgeu.com\/blog\/wp-content\/uploads\/2017\/06\/eli-1-150x150.jpg","caption":"Miss Eli"},"description":"Profesora de espa\u00f1ol en Educaci\u00f3n Primaria apasionada por la escritura y por ense\u00f1ar a trav\u00e9s de sus historias. Desde siempre, su objetivo ha sido y es motivar e ilusionar a los m\u00e1s peque\u00f1os con la lectura, y a la vez ayudarles a reforzar su aprendizaje de forma l\u00fadica. Es autora de numerosos cuentos infantiles biling\u00fces, entre ellos Luc\u00eda, la princesa m\u00e1s valiente y Alba corre por el arco\u00edris, publicados por Editorial GEU.","url":"https:\/\/www.editorialgeu.com\/blog\/author\/miss-eli\/"}]}},"_links":{"self":[{"href":"https:\/\/www.editorialgeu.com\/blog\/wp-json\/wp\/v2\/posts\/747","targetHints":{"allow":["GET"]}}],"collection":[{"href":"https:\/\/www.editorialgeu.com\/blog\/wp-json\/wp\/v2\/posts"}],"about":[{"href":"https:\/\/www.editorialgeu.com\/blog\/wp-json\/wp\/v2\/types\/post"}],"author":[{"embeddable":true,"href":"https:\/\/www.editorialgeu.com\/blog\/wp-json\/wp\/v2\/users\/5"}],"replies":[{"embeddable":true,"href":"https:\/\/www.editorialgeu.com\/blog\/wp-json\/wp\/v2\/comments?post=747"}],"version-history":[{"count":2,"href":"https:\/\/www.editorialgeu.com\/blog\/wp-json\/wp\/v2\/posts\/747\/revisions"}],"predecessor-version":[{"id":749,"href":"https:\/\/www.editorialgeu.com\/blog\/wp-json\/wp\/v2\/posts\/747\/revisions\/749"}],"wp:featuredmedia":[{"embeddable":true,"href":"https:\/\/www.editorialgeu.com\/blog\/wp-json\/wp\/v2\/media\/750"}],"wp:attachment":[{"href":"https:\/\/www.editorialgeu.com\/blog\/wp-json\/wp\/v2\/media?parent=747"}],"wp:term":[{"taxonomy":"category","embeddable":true,"href":"https:\/\/www.editorialgeu.com\/blog\/wp-json\/wp\/v2\/categories?post=747"},{"taxonomy":"post_tag","embeddable":true,"href":"https:\/\/www.editorialgeu.com\/blog\/wp-json\/wp\/v2\/tags?post=747"}],"curies":[{"name":"wp","href":"https:\/\/api.w.org\/{rel}","templated":true}]}}