{"id":86,"date":"2017-05-25T07:53:11","date_gmt":"2017-05-25T07:53:11","guid":{"rendered":"http:\/\/www.editorialgeu.com\/blog\/?p=86"},"modified":"2017-06-27T07:53:25","modified_gmt":"2017-06-27T07:53:25","slug":"mi-hija-tiene-tea-el-diagnostico","status":"publish","type":"post","link":"https:\/\/www.editorialgeu.com\/blog\/mi-hija-tiene-tea-el-diagnostico\/","title":{"rendered":"Mi hija tiene TEA: el diagn\u00f3stico"},"content":{"rendered":"<p>El diagn\u00f3stico del autismo lo proporcionan los <strong>profesionales de Atenci\u00f3n Temprana<\/strong> mediante la <strong>observaci\u00f3n<\/strong> del ni\u00f1o durante un tiempo determinado. En Espa\u00f1a los ni\u00f1os reciben el diagn\u00f3stico entre los dos y los tres a\u00f1os aproximadamente.<!--more--><\/p>\n<p>Es importante saber que <strong>cuanto antes se conozca el diagn\u00f3stico, mucho mejor<\/strong>, porque de este modo <strong>sabremos c\u00f3mo actuar <\/strong>y c\u00f3mo estimular a nuestro hijo convenientemente. Nosotros obtuvimos el diagn\u00f3stico del trastorno del espectro autista con 2 a\u00f1os y siete meses.<\/p>\n<h3>Algunos signos de alerta<\/h3>\n<p>Lo que llam\u00f3 la atenci\u00f3n a los especialistas en nuestro caso era la <strong>falta de lenguaje verbal<\/strong>, la <strong>ausencia de juego simb\u00f3lico<\/strong> (juego con mu\u00f1ecos, coches y otros juguetes en la que est\u00e1 presente la imitaci\u00f3n de la vida adulta: por ejemplo ba\u00f1ar a la mu\u00f1eca, darle de comer, pasearla en el carrito, imitar el juego del m\u00e9dico, etc.); la <strong>presencia de conductas con movimientos repetitivos<\/strong> (aleteo con las manos, movimiento de los dedos delante de la cara, andar en c\u00edrculo o correr de un lado al otro sin tener un objetivo, etc.) y el r<strong>echazo de las \u00f3rdenes<\/strong> (algunas veces por no entenderlas y otras porque el ni\u00f1o no quiere obedecer). Tambi\u00e9n llamaba la atenci\u00f3n que nuestra hija <strong>no respond\u00eda cuando la llam\u00e1bamos<\/strong>, a veces parec\u00eda que pudiera tener una discapacidad auditiva, y <strong>no miraba a los ojos<\/strong>.<\/p>\n<p>Hay otras manifestaciones del autismo que pueden aparecer: <strong>ecolalias<\/strong> (el ni\u00f1o repite s\u00edlabas o palabras sin sentido), <strong>alinea objetos o los gira<\/strong>, se queda absorto mirando c\u00f3mo gira la lavadora, <strong>se asusta con los ruidos, luces o cualquier otro exceso de est\u00edmulo<\/strong>, es muy <strong>selectivo a la hora de comer<\/strong> (puede querer comer 2 o 3 alimento \u00fanicamente, puede elegir qu\u00e9 comer en base solo al color o la textura, se niega a probar comidas nuevas, se niega a beber l\u00edquido etc.), <strong>tiene muchas rabietas<\/strong> (puede enfadarse , autolesionarse o lesionar a alguien), <strong>no tiene noci\u00f3n del peligro<\/strong>, si posee el lenguaje s\u00f3lo habla de los temas que le interesan, <strong>se r\u00ede solo sin motivo<\/strong>, <strong>repite rituales<\/strong> continuamente (quiere tener las puertas abiertas o cerradas, apaga o enciende la luz, tiene objetos colocados siempre de una forma espec\u00edfica, etc<strong>.), ausencia de gestos sociales<\/strong> (decir \u201chola\u201d y \u201cadi\u00f3s\u201d cuando llega y se va), puede no darse cuenta de la presencia de otras personas o de animales, <strong>no sabe pedir<\/strong> y utiliza la mano de uno de los padres como si fuese un instrumento para obtener lo que quiere. Es importante saber que no tienen que aparecer todas las manifestaciones a la vez, pueden aparecer unas y no otras.<\/p>\n<h3>\u00bfPor qu\u00e9 es tan importante obtener el diagn\u00f3stico?<\/h3>\n<p><strong>Los ni\u00f1os con autismo aprenden de otra manera<\/strong>. Hay que seguir las recomendaciones de los especialistas para saber qu\u00e9 tipo de juegos son adecuados para hacer la estimulaci\u00f3n y de qu\u00e9 manera se empieza y termina el juego para ayudar al ni\u00f1o. Al conocer el diagn\u00f3stico aprenderemos que<strong> los ni\u00f1os tienen que saber cu\u00e1ndo, c\u00f3mo y a qu\u00e9 van a jugar<\/strong>. Necesitan <strong>previsi\u00f3n visual<\/strong> para saber qu\u00e9 esperar. A m\u00ed <strong>me ayud\u00f3 asistir junto a mi hija y a la logopeda a las clases<\/strong>. Aprend\u00ed mucho y pude continuar la estimulaci\u00f3n en casa.<\/p>\n","protected":false},"excerpt":{"rendered":"<p>El diagn\u00f3stico del autismo lo proporcionan los profesionales de Atenci\u00f3n Temprana mediante la observaci\u00f3n del ni\u00f1o durante un tiempo determinado. En Espa\u00f1a los ni\u00f1os reciben el diagn\u00f3stico entre los dos y los tres a\u00f1os aproximadamente.<\/p>\n","protected":false},"author":3,"featured_media":97,"comment_status":"open","ping_status":"open","sticky":false,"template":"","format":"standard","meta":{"footnotes":""},"categories":[10],"tags":[19,17],"class_list":["post-86","post","type-post","status-publish","format-standard","has-post-thumbnail","hentry","category-transtorno-de-espectro-autista","tag-mi-experiencia","tag-tea"],"yoast_head":"<!-- This site is optimized with the Yoast SEO plugin v27.4 - https:\/\/yoast.com\/product\/yoast-seo-wordpress\/ -->\n<title>Mi hija tiene TEA: el diagn\u00f3stico - Blog Editorial GEU<\/title>\n<meta name=\"description\" content=\"El diagn\u00f3stico de TEA no siempre es f\u00e1cil de afrontar. Son muchas las dudas y los miedos. Valeria, madre de una princesa con TEA nos cuenta su experiencia.\" \/>\n<meta name=\"robots\" content=\"index, follow, max-snippet:-1, max-image-preview:large, max-video-preview:-1\" \/>\n<link rel=\"canonical\" href=\"https:\/\/www.editorialgeu.com\/blog\/mi-hija-tiene-tea-el-diagnostico\/\" \/>\n<meta property=\"og:locale\" content=\"es_ES\" \/>\n<meta property=\"og:type\" content=\"article\" \/>\n<meta property=\"og:title\" content=\"Mi hija tiene TEA: el diagn\u00f3stico - Blog Editorial GEU\" \/>\n<meta property=\"og:description\" content=\"El diagn\u00f3stico de TEA no siempre es f\u00e1cil de afrontar. Son muchas las dudas y los miedos. Valeria, madre de una princesa con TEA nos cuenta su experiencia.\" \/>\n<meta property=\"og:url\" content=\"https:\/\/www.editorialgeu.com\/blog\/mi-hija-tiene-tea-el-diagnostico\/\" \/>\n<meta property=\"og:site_name\" content=\"Blog Editorial GEU\" \/>\n<meta property=\"article:published_time\" content=\"2017-05-25T07:53:11+00:00\" \/>\n<meta property=\"article:modified_time\" content=\"2017-06-27T07:53:25+00:00\" \/>\n<meta property=\"og:image\" content=\"https:\/\/www.editorialgeu.com\/blog\/wp-content\/uploads\/2017\/06\/image-1.jpg\" \/>\n\t<meta property=\"og:image:width\" content=\"887\" \/>\n\t<meta property=\"og:image:height\" content=\"665\" \/>\n\t<meta property=\"og:image:type\" content=\"image\/jpeg\" \/>\n<meta name=\"author\" content=\"Valeria Kiselova\" \/>\n<meta name=\"twitter:card\" content=\"summary_large_image\" \/>\n<meta name=\"twitter:label1\" content=\"Escrito por\" \/>\n\t<meta name=\"twitter:data1\" content=\"Valeria Kiselova\" \/>\n\t<meta name=\"twitter:label2\" content=\"Tiempo de lectura\" \/>\n\t<meta name=\"twitter:data2\" content=\"3 minutos\" \/>\n<script type=\"application\/ld+json\" class=\"yoast-schema-graph\">{\"@context\":\"https:\\\/\\\/schema.org\",\"@graph\":[{\"@type\":\"Article\",\"@id\":\"https:\\\/\\\/www.editorialgeu.com\\\/blog\\\/mi-hija-tiene-tea-el-diagnostico\\\/#article\",\"isPartOf\":{\"@id\":\"https:\\\/\\\/www.editorialgeu.com\\\/blog\\\/mi-hija-tiene-tea-el-diagnostico\\\/\"},\"author\":{\"name\":\"Valeria Kiselova\",\"@id\":\"https:\\\/\\\/www.editorialgeu.com\\\/blog\\\/#\\\/schema\\\/person\\\/66ccf21594781f59fabcd31592604318\"},\"headline\":\"Mi hija tiene TEA: el diagn\u00f3stico\",\"datePublished\":\"2017-05-25T07:53:11+00:00\",\"dateModified\":\"2017-06-27T07:53:25+00:00\",\"mainEntityOfPage\":{\"@id\":\"https:\\\/\\\/www.editorialgeu.com\\\/blog\\\/mi-hija-tiene-tea-el-diagnostico\\\/\"},\"wordCount\":577,\"commentCount\":0,\"publisher\":{\"@id\":\"https:\\\/\\\/www.editorialgeu.com\\\/blog\\\/#organization\"},\"image\":{\"@id\":\"https:\\\/\\\/www.editorialgeu.com\\\/blog\\\/mi-hija-tiene-tea-el-diagnostico\\\/#primaryimage\"},\"thumbnailUrl\":\"https:\\\/\\\/www.editorialgeu.com\\\/blog\\\/wp-content\\\/uploads\\\/2017\\\/06\\\/image-1.jpg\",\"keywords\":[\"mi experiencia\",\"tea\"],\"articleSection\":[\"Consejos sobre el tratamiento del Trastorno del Espectro Autista\"],\"inLanguage\":\"es\",\"potentialAction\":[{\"@type\":\"CommentAction\",\"name\":\"Comment\",\"target\":[\"https:\\\/\\\/www.editorialgeu.com\\\/blog\\\/mi-hija-tiene-tea-el-diagnostico\\\/#respond\"]}]},{\"@type\":\"WebPage\",\"@id\":\"https:\\\/\\\/www.editorialgeu.com\\\/blog\\\/mi-hija-tiene-tea-el-diagnostico\\\/\",\"url\":\"https:\\\/\\\/www.editorialgeu.com\\\/blog\\\/mi-hija-tiene-tea-el-diagnostico\\\/\",\"name\":\"Mi hija tiene TEA: el diagn\u00f3stico - Blog Editorial GEU\",\"isPartOf\":{\"@id\":\"https:\\\/\\\/www.editorialgeu.com\\\/blog\\\/#website\"},\"primaryImageOfPage\":{\"@id\":\"https:\\\/\\\/www.editorialgeu.com\\\/blog\\\/mi-hija-tiene-tea-el-diagnostico\\\/#primaryimage\"},\"image\":{\"@id\":\"https:\\\/\\\/www.editorialgeu.com\\\/blog\\\/mi-hija-tiene-tea-el-diagnostico\\\/#primaryimage\"},\"thumbnailUrl\":\"https:\\\/\\\/www.editorialgeu.com\\\/blog\\\/wp-content\\\/uploads\\\/2017\\\/06\\\/image-1.jpg\",\"datePublished\":\"2017-05-25T07:53:11+00:00\",\"dateModified\":\"2017-06-27T07:53:25+00:00\",\"description\":\"El diagn\u00f3stico de TEA no siempre es f\u00e1cil de afrontar. Son muchas las dudas y los miedos. Valeria, madre de una princesa con TEA nos cuenta su experiencia.\",\"breadcrumb\":{\"@id\":\"https:\\\/\\\/www.editorialgeu.com\\\/blog\\\/mi-hija-tiene-tea-el-diagnostico\\\/#breadcrumb\"},\"inLanguage\":\"es\",\"potentialAction\":[{\"@type\":\"ReadAction\",\"target\":[\"https:\\\/\\\/www.editorialgeu.com\\\/blog\\\/mi-hija-tiene-tea-el-diagnostico\\\/\"]}]},{\"@type\":\"ImageObject\",\"inLanguage\":\"es\",\"@id\":\"https:\\\/\\\/www.editorialgeu.com\\\/blog\\\/mi-hija-tiene-tea-el-diagnostico\\\/#primaryimage\",\"url\":\"https:\\\/\\\/www.editorialgeu.com\\\/blog\\\/wp-content\\\/uploads\\\/2017\\\/06\\\/image-1.jpg\",\"contentUrl\":\"https:\\\/\\\/www.editorialgeu.com\\\/blog\\\/wp-content\\\/uploads\\\/2017\\\/06\\\/image-1.jpg\",\"width\":887,\"height\":665,\"caption\":\"Ni\u00f1a jugando con un puzle\"},{\"@type\":\"BreadcrumbList\",\"@id\":\"https:\\\/\\\/www.editorialgeu.com\\\/blog\\\/mi-hija-tiene-tea-el-diagnostico\\\/#breadcrumb\",\"itemListElement\":[{\"@type\":\"ListItem\",\"position\":1,\"name\":\"Portada\",\"item\":\"https:\\\/\\\/www.editorialgeu.com\\\/blog\\\/\"},{\"@type\":\"ListItem\",\"position\":2,\"name\":\"Mi hija tiene TEA: el diagn\u00f3stico\"}]},{\"@type\":\"WebSite\",\"@id\":\"https:\\\/\\\/www.editorialgeu.com\\\/blog\\\/#website\",\"url\":\"https:\\\/\\\/www.editorialgeu.com\\\/blog\\\/\",\"name\":\"Blog Editorial GEU\",\"description\":\"Actualidad, noticias y consejos por una Escuela Inclusiva\",\"publisher\":{\"@id\":\"https:\\\/\\\/www.editorialgeu.com\\\/blog\\\/#organization\"},\"potentialAction\":[{\"@type\":\"SearchAction\",\"target\":{\"@type\":\"EntryPoint\",\"urlTemplate\":\"https:\\\/\\\/www.editorialgeu.com\\\/blog\\\/?s={search_term_string}\"},\"query-input\":{\"@type\":\"PropertyValueSpecification\",\"valueRequired\":true,\"valueName\":\"search_term_string\"}}],\"inLanguage\":\"es\"},{\"@type\":\"Organization\",\"@id\":\"https:\\\/\\\/www.editorialgeu.com\\\/blog\\\/#organization\",\"name\":\"Blog Editorial GEU\",\"url\":\"https:\\\/\\\/www.editorialgeu.com\\\/blog\\\/\",\"logo\":{\"@type\":\"ImageObject\",\"inLanguage\":\"es\",\"@id\":\"https:\\\/\\\/www.editorialgeu.com\\\/blog\\\/#\\\/schema\\\/logo\\\/image\\\/\",\"url\":\"https:\\\/\\\/www.editorialgeu.com\\\/blog\\\/wp-content\\\/uploads\\\/2019\\\/11\\\/LogoGEU_Blog.png\",\"contentUrl\":\"https:\\\/\\\/www.editorialgeu.com\\\/blog\\\/wp-content\\\/uploads\\\/2019\\\/11\\\/LogoGEU_Blog.png\",\"width\":1181,\"height\":477,\"caption\":\"Blog Editorial GEU\"},\"image\":{\"@id\":\"https:\\\/\\\/www.editorialgeu.com\\\/blog\\\/#\\\/schema\\\/logo\\\/image\\\/\"}},{\"@type\":\"Person\",\"@id\":\"https:\\\/\\\/www.editorialgeu.com\\\/blog\\\/#\\\/schema\\\/person\\\/66ccf21594781f59fabcd31592604318\",\"name\":\"Valeria Kiselova\",\"image\":{\"@type\":\"ImageObject\",\"inLanguage\":\"es\",\"@id\":\"https:\\\/\\\/www.editorialgeu.com\\\/blog\\\/wp-content\\\/uploads\\\/2017\\\/06\\\/DSC_0086-150x150.jpg\",\"url\":\"https:\\\/\\\/www.editorialgeu.com\\\/blog\\\/wp-content\\\/uploads\\\/2017\\\/06\\\/DSC_0086-150x150.jpg\",\"contentUrl\":\"https:\\\/\\\/www.editorialgeu.com\\\/blog\\\/wp-content\\\/uploads\\\/2017\\\/06\\\/DSC_0086-150x150.jpg\",\"caption\":\"Valeria Kiselova\"},\"description\":\"Colaboradora de Editorial GEU y mam\u00e1 de una princesa con TEA. Autora de los cuentos La princesa aprende a hablar y La princesa va al dentista, ambos publicados por editorial GEU.\",\"url\":\"https:\\\/\\\/www.editorialgeu.com\\\/blog\\\/author\\\/valeria-kiselova\\\/\"}]}<\/script>\n<!-- \/ Yoast SEO plugin. -->","yoast_head_json":{"title":"Mi hija tiene TEA: el diagn\u00f3stico - Blog Editorial GEU","description":"El diagn\u00f3stico de TEA no siempre es f\u00e1cil de afrontar. Son muchas las dudas y los miedos. Valeria, madre de una princesa con TEA nos cuenta su experiencia.","robots":{"index":"index","follow":"follow","max-snippet":"max-snippet:-1","max-image-preview":"max-image-preview:large","max-video-preview":"max-video-preview:-1"},"canonical":"https:\/\/www.editorialgeu.com\/blog\/mi-hija-tiene-tea-el-diagnostico\/","og_locale":"es_ES","og_type":"article","og_title":"Mi hija tiene TEA: el diagn\u00f3stico - Blog Editorial GEU","og_description":"El diagn\u00f3stico de TEA no siempre es f\u00e1cil de afrontar. Son muchas las dudas y los miedos. Valeria, madre de una princesa con TEA nos cuenta su experiencia.","og_url":"https:\/\/www.editorialgeu.com\/blog\/mi-hija-tiene-tea-el-diagnostico\/","og_site_name":"Blog Editorial GEU","article_published_time":"2017-05-25T07:53:11+00:00","article_modified_time":"2017-06-27T07:53:25+00:00","og_image":[{"width":887,"height":665,"url":"https:\/\/www.editorialgeu.com\/blog\/wp-content\/uploads\/2017\/06\/image-1.jpg","type":"image\/jpeg"}],"author":"Valeria Kiselova","twitter_card":"summary_large_image","twitter_misc":{"Escrito por":"Valeria Kiselova","Tiempo de lectura":"3 minutos"},"schema":{"@context":"https:\/\/schema.org","@graph":[{"@type":"Article","@id":"https:\/\/www.editorialgeu.com\/blog\/mi-hija-tiene-tea-el-diagnostico\/#article","isPartOf":{"@id":"https:\/\/www.editorialgeu.com\/blog\/mi-hija-tiene-tea-el-diagnostico\/"},"author":{"name":"Valeria Kiselova","@id":"https:\/\/www.editorialgeu.com\/blog\/#\/schema\/person\/66ccf21594781f59fabcd31592604318"},"headline":"Mi hija tiene TEA: el diagn\u00f3stico","datePublished":"2017-05-25T07:53:11+00:00","dateModified":"2017-06-27T07:53:25+00:00","mainEntityOfPage":{"@id":"https:\/\/www.editorialgeu.com\/blog\/mi-hija-tiene-tea-el-diagnostico\/"},"wordCount":577,"commentCount":0,"publisher":{"@id":"https:\/\/www.editorialgeu.com\/blog\/#organization"},"image":{"@id":"https:\/\/www.editorialgeu.com\/blog\/mi-hija-tiene-tea-el-diagnostico\/#primaryimage"},"thumbnailUrl":"https:\/\/www.editorialgeu.com\/blog\/wp-content\/uploads\/2017\/06\/image-1.jpg","keywords":["mi experiencia","tea"],"articleSection":["Consejos sobre el tratamiento del Trastorno del Espectro Autista"],"inLanguage":"es","potentialAction":[{"@type":"CommentAction","name":"Comment","target":["https:\/\/www.editorialgeu.com\/blog\/mi-hija-tiene-tea-el-diagnostico\/#respond"]}]},{"@type":"WebPage","@id":"https:\/\/www.editorialgeu.com\/blog\/mi-hija-tiene-tea-el-diagnostico\/","url":"https:\/\/www.editorialgeu.com\/blog\/mi-hija-tiene-tea-el-diagnostico\/","name":"Mi hija tiene TEA: el diagn\u00f3stico - Blog Editorial GEU","isPartOf":{"@id":"https:\/\/www.editorialgeu.com\/blog\/#website"},"primaryImageOfPage":{"@id":"https:\/\/www.editorialgeu.com\/blog\/mi-hija-tiene-tea-el-diagnostico\/#primaryimage"},"image":{"@id":"https:\/\/www.editorialgeu.com\/blog\/mi-hija-tiene-tea-el-diagnostico\/#primaryimage"},"thumbnailUrl":"https:\/\/www.editorialgeu.com\/blog\/wp-content\/uploads\/2017\/06\/image-1.jpg","datePublished":"2017-05-25T07:53:11+00:00","dateModified":"2017-06-27T07:53:25+00:00","description":"El diagn\u00f3stico de TEA no siempre es f\u00e1cil de afrontar. Son muchas las dudas y los miedos. Valeria, madre de una princesa con TEA nos cuenta su experiencia.","breadcrumb":{"@id":"https:\/\/www.editorialgeu.com\/blog\/mi-hija-tiene-tea-el-diagnostico\/#breadcrumb"},"inLanguage":"es","potentialAction":[{"@type":"ReadAction","target":["https:\/\/www.editorialgeu.com\/blog\/mi-hija-tiene-tea-el-diagnostico\/"]}]},{"@type":"ImageObject","inLanguage":"es","@id":"https:\/\/www.editorialgeu.com\/blog\/mi-hija-tiene-tea-el-diagnostico\/#primaryimage","url":"https:\/\/www.editorialgeu.com\/blog\/wp-content\/uploads\/2017\/06\/image-1.jpg","contentUrl":"https:\/\/www.editorialgeu.com\/blog\/wp-content\/uploads\/2017\/06\/image-1.jpg","width":887,"height":665,"caption":"Ni\u00f1a jugando con un puzle"},{"@type":"BreadcrumbList","@id":"https:\/\/www.editorialgeu.com\/blog\/mi-hija-tiene-tea-el-diagnostico\/#breadcrumb","itemListElement":[{"@type":"ListItem","position":1,"name":"Portada","item":"https:\/\/www.editorialgeu.com\/blog\/"},{"@type":"ListItem","position":2,"name":"Mi hija tiene TEA: el diagn\u00f3stico"}]},{"@type":"WebSite","@id":"https:\/\/www.editorialgeu.com\/blog\/#website","url":"https:\/\/www.editorialgeu.com\/blog\/","name":"Blog Editorial GEU","description":"Actualidad, noticias y consejos por una Escuela Inclusiva","publisher":{"@id":"https:\/\/www.editorialgeu.com\/blog\/#organization"},"potentialAction":[{"@type":"SearchAction","target":{"@type":"EntryPoint","urlTemplate":"https:\/\/www.editorialgeu.com\/blog\/?s={search_term_string}"},"query-input":{"@type":"PropertyValueSpecification","valueRequired":true,"valueName":"search_term_string"}}],"inLanguage":"es"},{"@type":"Organization","@id":"https:\/\/www.editorialgeu.com\/blog\/#organization","name":"Blog Editorial GEU","url":"https:\/\/www.editorialgeu.com\/blog\/","logo":{"@type":"ImageObject","inLanguage":"es","@id":"https:\/\/www.editorialgeu.com\/blog\/#\/schema\/logo\/image\/","url":"https:\/\/www.editorialgeu.com\/blog\/wp-content\/uploads\/2019\/11\/LogoGEU_Blog.png","contentUrl":"https:\/\/www.editorialgeu.com\/blog\/wp-content\/uploads\/2019\/11\/LogoGEU_Blog.png","width":1181,"height":477,"caption":"Blog Editorial GEU"},"image":{"@id":"https:\/\/www.editorialgeu.com\/blog\/#\/schema\/logo\/image\/"}},{"@type":"Person","@id":"https:\/\/www.editorialgeu.com\/blog\/#\/schema\/person\/66ccf21594781f59fabcd31592604318","name":"Valeria Kiselova","image":{"@type":"ImageObject","inLanguage":"es","@id":"https:\/\/www.editorialgeu.com\/blog\/wp-content\/uploads\/2017\/06\/DSC_0086-150x150.jpg","url":"https:\/\/www.editorialgeu.com\/blog\/wp-content\/uploads\/2017\/06\/DSC_0086-150x150.jpg","contentUrl":"https:\/\/www.editorialgeu.com\/blog\/wp-content\/uploads\/2017\/06\/DSC_0086-150x150.jpg","caption":"Valeria Kiselova"},"description":"Colaboradora de Editorial GEU y mam\u00e1 de una princesa con TEA. Autora de los cuentos La princesa aprende a hablar y La princesa va al dentista, ambos publicados por editorial GEU.","url":"https:\/\/www.editorialgeu.com\/blog\/author\/valeria-kiselova\/"}]}},"_links":{"self":[{"href":"https:\/\/www.editorialgeu.com\/blog\/wp-json\/wp\/v2\/posts\/86","targetHints":{"allow":["GET"]}}],"collection":[{"href":"https:\/\/www.editorialgeu.com\/blog\/wp-json\/wp\/v2\/posts"}],"about":[{"href":"https:\/\/www.editorialgeu.com\/blog\/wp-json\/wp\/v2\/types\/post"}],"author":[{"embeddable":true,"href":"https:\/\/www.editorialgeu.com\/blog\/wp-json\/wp\/v2\/users\/3"}],"replies":[{"embeddable":true,"href":"https:\/\/www.editorialgeu.com\/blog\/wp-json\/wp\/v2\/comments?post=86"}],"version-history":[{"count":1,"href":"https:\/\/www.editorialgeu.com\/blog\/wp-json\/wp\/v2\/posts\/86\/revisions"}],"predecessor-version":[{"id":87,"href":"https:\/\/www.editorialgeu.com\/blog\/wp-json\/wp\/v2\/posts\/86\/revisions\/87"}],"wp:featuredmedia":[{"embeddable":true,"href":"https:\/\/www.editorialgeu.com\/blog\/wp-json\/wp\/v2\/media\/97"}],"wp:attachment":[{"href":"https:\/\/www.editorialgeu.com\/blog\/wp-json\/wp\/v2\/media?parent=86"}],"wp:term":[{"taxonomy":"category","embeddable":true,"href":"https:\/\/www.editorialgeu.com\/blog\/wp-json\/wp\/v2\/categories?post=86"},{"taxonomy":"post_tag","embeddable":true,"href":"https:\/\/www.editorialgeu.com\/blog\/wp-json\/wp\/v2\/tags?post=86"}],"curies":[{"name":"wp","href":"https:\/\/api.w.org\/{rel}","templated":true}]}}